{"id":1520,"date":"2015-12-20T15:38:00","date_gmt":"2015-12-20T15:38:00","guid":{"rendered":"http:\/\/fmriachuelo.observatorioess.org.ar\/index.php\/2015\/12\/20\/marcha-a-plaza-de-mayo-contra-el-ajuste-y-por-el-bono-de-fin-de-ano\/"},"modified":"2015-12-20T15:38:00","modified_gmt":"2015-12-20T15:38:00","slug":"marcha-a-plaza-de-mayo-contra-el-ajuste-y-por-el-bono-de-fin-de-ano","status":"publish","type":"post","link":"http:\/\/fmriachuelo.it10.com.ar\/index.php\/2015\/12\/20\/marcha-a-plaza-de-mayo-contra-el-ajuste-y-por-el-bono-de-fin-de-ano\/","title":{"rendered":"MARCHA A PLAZA DE MAYO CONTRA EL AJUSTE Y POR EL BONO DE FIN DE A\u00d1O"},"content":{"rendered":"<p><span style=\"color: red;font-family: Verdana, sans-serif;font-size: large\"><b>CONTRA EL AJUSTE SOBRE EL INGRESO DE LOS TRABAJADORES<\/b><\/span><\/p>\n<div style=\"clear: both;text-align: center\"><a href=\"http:\/\/3.bp.blogspot.com\/-mlGtqOjTBjY\/VnbLFTYjyMI\/AAAAAAAAHpc\/WG_toP_t27w\/s1600\/cta-8.jpg\" style=\"clear: left;float: left;margin-bottom: 1em;margin-right: 1em\"><img loading=\"lazy\" decoding=\"async\" border=\"0\" height=\"118\" src=\"http:\/\/3.bp.blogspot.com\/-mlGtqOjTBjY\/VnbLFTYjyMI\/AAAAAAAAHpc\/WG_toP_t27w\/s200\/cta-8.jpg\" width=\"200\" \/><\/a><\/div>\n<p><span style=\"font-family: Verdana, sans-serif\"><\/span><\/p>\n<div style=\"text-align: justify\"><span style=\"font-family: Verdana, sans-serif\">Organizaciones sindicales, sociales y pol\u00edticas marchar\u00e1n el martes 22 de diciembre a Plaza de Mayo contra el ajuste y para exigir un bono de emergencia. El anuncio se realiz\u00f3 en una conferencia de prensa conjunta que llevaron adelante las organizaciones convocantes.<\/span><br \/><a name='more'><\/a><\/div>\n<p><span style=\"font-family: Verdana, sans-serif\"><\/p>\n<div style=\"text-align: justify\">El jueves pasado, en la sede central de la CTA en Capital Federal, representantes de las diversas organizaciones convocantes anunciaron que desde las 17hs comenzar\u00e1 la concentraci\u00f3n en la intersecci\u00f3n de Belgrano y 9 de Julio. Se marchar\u00e1 a la sede del Ministerio de Desarrollo Social de la Naci\u00f3n y luego a Plaza de Mayo, donde se desarrollar\u00e1 el acto central.<\/div>\n<div style=\"text-align: justify\">La convocatoria surgi\u00f3 desde la CTA Aut\u00f3noma, liderada por Pablo Micheli, y cont\u00f3 con el apoyo de distintos sindicatos y comisiones internas (trabajadores aceiteros, camioneros, docentes, judiciales, ferroviarios, juntas internas de ATE, entre otros), as\u00ed como de partidos pol\u00edticos y organizaciones sociales y de trabajadores precarizados y cooperativistas (PO, PTS, IS, MST, FPDS, FPDS CN, AGTCAP, CTEP).<\/div>\n<div style=\"text-align: justify\">Las principales exigencias son el reclamo de un bono de emergencia de $5000 y contra el ajuste, tras la devaluaci\u00f3n del 40% y el aumento de precios que ya golpea el bolsillo de trabajadores, jubilados y pensionados. Estas exigencias forman parte de una carta dirigida al presidente Mauricio Macri, donde tambi\u00e9n se hace hincapi\u00e9 en las medidas tomadas a favor de las grandes empresas, por ejemplo, con la eliminaci\u00f3n a las retenciones al sector agropecuario (\u201cretenciones cero\u201d en tigre, ma\u00edz y carne y quita del 5% a la soja).<\/div>\n<p><\/span><\/p>\n","protected":false},"excerpt":{"rendered":"<p>CONTRA EL AJUSTE SOBRE EL INGRESO DE LOS TRABAJADORES Organizaciones sindicales, sociales y pol\u00edticas marchar\u00e1n el martes 22 de diciembre a Plaza de Mayo contra el ajuste y para exigir un bono de emergencia. El anuncio se realiz\u00f3 en una conferencia de prensa conjunta que llevaron adelante las organizaciones convocantes. El jueves pasado, en la [&hellip;]<\/p>\n","protected":false},"author":4,"featured_media":0,"comment_status":"open","ping_status":"open","sticky":false,"template":"","format":"standard","meta":{"_monsterinsights_skip_tracking":false,"_monsterinsights_sitenote_active":false,"_monsterinsights_sitenote_note":"","_monsterinsights_sitenote_category":0,"jnews-multi-image_gallery":[],"jnews_single_post":[],"jnews_primary_category":[],"_joinchat":[],"footnotes":""},"categories":[1],"tags":[],"class_list":["post-1520","post","type-post","status-publish","format-standard","hentry","category-habitat"],"_links":{"self":[{"href":"http:\/\/fmriachuelo.it10.com.ar\/index.php\/wp-json\/wp\/v2\/posts\/1520","targetHints":{"allow":["GET"]}}],"collection":[{"href":"http:\/\/fmriachuelo.it10.com.ar\/index.php\/wp-json\/wp\/v2\/posts"}],"about":[{"href":"http:\/\/fmriachuelo.it10.com.ar\/index.php\/wp-json\/wp\/v2\/types\/post"}],"author":[{"embeddable":true,"href":"http:\/\/fmriachuelo.it10.com.ar\/index.php\/wp-json\/wp\/v2\/users\/4"}],"replies":[{"embeddable":true,"href":"http:\/\/fmriachuelo.it10.com.ar\/index.php\/wp-json\/wp\/v2\/comments?post=1520"}],"version-history":[{"count":0,"href":"http:\/\/fmriachuelo.it10.com.ar\/index.php\/wp-json\/wp\/v2\/posts\/1520\/revisions"}],"wp:attachment":[{"href":"http:\/\/fmriachuelo.it10.com.ar\/index.php\/wp-json\/wp\/v2\/media?parent=1520"}],"wp:term":[{"taxonomy":"category","embeddable":true,"href":"http:\/\/fmriachuelo.it10.com.ar\/index.php\/wp-json\/wp\/v2\/categories?post=1520"},{"taxonomy":"post_tag","embeddable":true,"href":"http:\/\/fmriachuelo.it10.com.ar\/index.php\/wp-json\/wp\/v2\/tags?post=1520"}],"curies":[{"name":"wp","href":"https:\/\/api.w.org\/{rel}","templated":true}]}}