{"id":1518,"date":"2015-12-21T22:35:00","date_gmt":"2015-12-21T22:35:00","guid":{"rendered":"http:\/\/fmriachuelo.observatorioess.org.ar\/index.php\/2015\/12\/21\/la-boca-la-tragedia-del-fuego-en-los-conventillos\/"},"modified":"2015-12-21T22:35:00","modified_gmt":"2015-12-21T22:35:00","slug":"la-boca-la-tragedia-del-fuego-en-los-conventillos","status":"publish","type":"post","link":"http:\/\/fmriachuelo.it10.com.ar\/index.php\/2015\/12\/21\/la-boca-la-tragedia-del-fuego-en-los-conventillos\/","title":{"rendered":"LA BOCA: LA TRAGEDIA DEL FUEGO EN LOS CONVENTILLOS"},"content":{"rendered":"<div style=\"clear: both;text-align: left\"><span style=\"color: red;font-family: Verdana, sans-serif;font-size: large\"><b>UNA VEZ M\u00c1S Y VAN&#8230;<\/b><\/span><\/div>\n<div style=\"clear: both;text-align: center\"><a href=\"http:\/\/1.bp.blogspot.com\/-JM2crKEoFz8\/VnnNVMTQdyI\/AAAAAAAAHqI\/GAk8hJ7kr6k\/s1600\/incendio%2Bconventillo%2B21-12.mp4\" style=\"clear: left;float: left;margin-bottom: 1em;margin-right: 1em\"><img loading=\"lazy\" decoding=\"async\" border=\"0\" height=\"110\" src=\"http:\/\/1.bp.blogspot.com\/-JM2crKEoFz8\/VnnNVMTQdyI\/AAAAAAAAHqI\/GAk8hJ7kr6k\/s200\/incendio%2Bconventillo%2B21-12.mp4\" width=\"200\" \/><\/a><\/div>\n<p><span style=\"font-family: Verdana, sans-serif\"><\/span><\/p>\n<div style=\"text-align: justify\"><span style=\"font-family: Verdana, sans-serif\">[FMR 21\/12\/15] Nuevamente arde en La Boca un conventillo all\u00ed donde deber\u00eda haber pol\u00edticas p\u00fablicas para los sectores de menores recursos. Unos minutos antes de la medianoche las llamas consumieron todo lo que ten\u00edan a su paso, tomando aquello las pocas pertenencias de los habitantes del lugar. En medio del fuego perdi\u00f3 la vida una mujer de 50 a\u00f1os y un hombre se encuentra grave en el Hospital Argerich. Los bomberos tuvieron serias dificultades para acceder a las bocas de agua para las emergencias, ya que hab\u00edan sido tapadas por las obras que el gobierno de la ciudad realiza en la zona.&nbsp;<\/span><br \/><a name='more'><\/a><\/div>\n<p><span style=\"font-family: Verdana, sans-serif\"><\/p>\n<div style=\"text-align: justify\">La deliberadas pol\u00edticas p\u00fablicas de ausencia del estado para asistir a los sectores de menos recursos son los responsables de las repetidas situaciones de incendio que se viven en La Boca, mientras se destinan recursos para la puesta en valor de la zona que ha sido destinada al Distrito de las Artes, para lo que casualmente se necesita que los habitantes del barrio migren para poder dar rienda suelta a los emprendimientos inmobiliarios que ya se hallan en marcha.&nbsp;<\/div>\n<div style=\"text-align: justify\">Una vez m\u00e1s el gobierno de la ciudad es responsable con sus pol\u00edticas de maquillaje y ausencia del estado para los m\u00e1s humildes y necesitados. Las v\u00edctimas aumentan al mismo tiempo que los negocios inmobiliarios y las obras de mejoramiento y maquillaje del barrio.<\/div>\n<p><\/span><\/p>\n","protected":false},"excerpt":{"rendered":"<p>UNA VEZ M\u00c1S Y VAN&#8230; [FMR 21\/12\/15] Nuevamente arde en La Boca un conventillo all\u00ed donde deber\u00eda haber pol\u00edticas p\u00fablicas para los sectores de menores recursos. Unos minutos antes de la medianoche las llamas consumieron todo lo que ten\u00edan a su paso, tomando aquello las pocas pertenencias de los habitantes del lugar. En medio del [&hellip;]<\/p>\n","protected":false},"author":4,"featured_media":0,"comment_status":"open","ping_status":"open","sticky":false,"template":"","format":"standard","meta":{"_monsterinsights_skip_tracking":false,"_monsterinsights_sitenote_active":false,"_monsterinsights_sitenote_note":"","_monsterinsights_sitenote_category":0,"jnews-multi-image_gallery":[],"jnews_single_post":[],"jnews_primary_category":[],"_joinchat":[],"footnotes":""},"categories":[1],"tags":[],"class_list":["post-1518","post","type-post","status-publish","format-standard","hentry","category-habitat"],"_links":{"self":[{"href":"http:\/\/fmriachuelo.it10.com.ar\/index.php\/wp-json\/wp\/v2\/posts\/1518","targetHints":{"allow":["GET"]}}],"collection":[{"href":"http:\/\/fmriachuelo.it10.com.ar\/index.php\/wp-json\/wp\/v2\/posts"}],"about":[{"href":"http:\/\/fmriachuelo.it10.com.ar\/index.php\/wp-json\/wp\/v2\/types\/post"}],"author":[{"embeddable":true,"href":"http:\/\/fmriachuelo.it10.com.ar\/index.php\/wp-json\/wp\/v2\/users\/4"}],"replies":[{"embeddable":true,"href":"http:\/\/fmriachuelo.it10.com.ar\/index.php\/wp-json\/wp\/v2\/comments?post=1518"}],"version-history":[{"count":0,"href":"http:\/\/fmriachuelo.it10.com.ar\/index.php\/wp-json\/wp\/v2\/posts\/1518\/revisions"}],"wp:attachment":[{"href":"http:\/\/fmriachuelo.it10.com.ar\/index.php\/wp-json\/wp\/v2\/media?parent=1518"}],"wp:term":[{"taxonomy":"category","embeddable":true,"href":"http:\/\/fmriachuelo.it10.com.ar\/index.php\/wp-json\/wp\/v2\/categories?post=1518"},{"taxonomy":"post_tag","embeddable":true,"href":"http:\/\/fmriachuelo.it10.com.ar\/index.php\/wp-json\/wp\/v2\/tags?post=1518"}],"curies":[{"name":"wp","href":"https:\/\/api.w.org\/{rel}","templated":true}]}}