{"id":1517,"date":"2015-12-22T22:03:00","date_gmt":"2015-12-22T22:03:00","guid":{"rendered":"http:\/\/fmriachuelo.observatorioess.org.ar\/index.php\/2015\/12\/22\/caba-piden-a-la-justicia-se-revea-la-excarcelacion-del-policia-identificado-como-autor-de-tentativa-de-asesinato-contra-lucas-cabello\/"},"modified":"2015-12-22T22:03:00","modified_gmt":"2015-12-22T22:03:00","slug":"caba-piden-a-la-justicia-se-revea-la-excarcelacion-del-policia-identificado-como-autor-de-tentativa-de-asesinato-contra-lucas-cabello","status":"publish","type":"post","link":"http:\/\/fmriachuelo.it10.com.ar\/index.php\/2015\/12\/22\/caba-piden-a-la-justicia-se-revea-la-excarcelacion-del-policia-identificado-como-autor-de-tentativa-de-asesinato-contra-lucas-cabello\/","title":{"rendered":"CABA: PIDEN A LA JUSTICIA SE REVEA LA EXCARCELACI\u00d3N DEL POLIC\u00cdA IDENTIFICADO COMO AUTOR DE TENTATIVA DE ASESINATO CONTRA LUCAS CABELLO"},"content":{"rendered":"<div><span style=\"color: red;font-family: Verdana, sans-serif;font-size: large\"><b>\u00a1\u00a1\u00a1DEMANDA DE JUSTICIA!!!<\/b><\/span><\/div>\n<p><span style=\"font-family: Verdana, sans-serif\">PEDIR\u00c1N QUE EL POLIC\u00cdA QUE BALE\u00d3 A LUCAS CABELLO ESPERE EL JUICIO DETENIDO<\/span><\/p>\n<div style=\"clear: both;text-align: center\"><a href=\"http:\/\/3.bp.blogspot.com\/-rR2ZeLjxRPI\/Vnll553pN6I\/AAAAAAAAHp0\/FATGYsFF5dg\/s1600\/lucas.jpg\" style=\"clear: left;float: left;margin-bottom: 1em;margin-right: 1em\"><span style=\"font-family: Verdana, sans-serif\"><img loading=\"lazy\" decoding=\"async\" border=\"0\" height=\"148\" src=\"http:\/\/3.bp.blogspot.com\/-rR2ZeLjxRPI\/Vnll553pN6I\/AAAAAAAAHp0\/FATGYsFF5dg\/s200\/lucas.jpg\" width=\"200\" \/><\/span><\/a><\/div>\n<div style=\"text-align: justify\"><span style=\"font-family: Verdana, sans-serif\">Hoy martes 22 de diciembre se realizar\u00e1 una audiencia en la C\u00e1mara de Apelaciones, en la que los abogados del joven, que contin\u00faa peleando por su vida tras recibir tres disparos del agente de la Polic\u00eda Metropolitana, expondr\u00e1n los fundamentos por los que Ricardo Ayala no debe permanecer en libertad.<\/span><br \/><a name='more'><\/a><span style=\"font-family: Verdana, sans-serif\"> Los detalles del caso, que ya fue olvidado por los medios tradicionales, en esta entrevista con la periodista Martina Noailles.<\/span><\/div>\n<div style=\"text-align: justify\"><span style=\"font-family: Verdana, sans-serif\">Por La Retaguardia:&nbsp;\u201cEl polic\u00eda Ayala est\u00e1 en libertad, procesado por el juez de primera instancia (Osvaldo Rappa), pero los abogados de Lucas apelaron y la audiencia es el martes en la C\u00e1mara de Apelaciones. Ah\u00ed van a exponer los argumentos de por qu\u00e9 les parece que no deber\u00eda estar esperando el juicio en libertad\u201d, explic\u00f3 Martina Noailles, editora period\u00edstica de Sur Capitalino, el peri\u00f3dico barrial de La Boca.<\/span><\/div>\n","protected":false},"excerpt":{"rendered":"<p>\u00a1\u00a1\u00a1DEMANDA DE JUSTICIA!!! PEDIR\u00c1N QUE EL POLIC\u00cdA QUE BALE\u00d3 A LUCAS CABELLO ESPERE EL JUICIO DETENIDO Hoy martes 22 de diciembre se realizar\u00e1 una audiencia en la C\u00e1mara de Apelaciones, en la que los abogados del joven, que contin\u00faa peleando por su vida tras recibir tres disparos del agente de la Polic\u00eda Metropolitana, expondr\u00e1n los [&hellip;]<\/p>\n","protected":false},"author":4,"featured_media":0,"comment_status":"open","ping_status":"open","sticky":false,"template":"","format":"standard","meta":{"_monsterinsights_skip_tracking":false,"_monsterinsights_sitenote_active":false,"_monsterinsights_sitenote_note":"","_monsterinsights_sitenote_category":0,"jnews-multi-image_gallery":[],"jnews_single_post":[],"jnews_primary_category":[],"_joinchat":[],"footnotes":""},"categories":[1],"tags":[],"class_list":["post-1517","post","type-post","status-publish","format-standard","hentry","category-habitat"],"_links":{"self":[{"href":"http:\/\/fmriachuelo.it10.com.ar\/index.php\/wp-json\/wp\/v2\/posts\/1517","targetHints":{"allow":["GET"]}}],"collection":[{"href":"http:\/\/fmriachuelo.it10.com.ar\/index.php\/wp-json\/wp\/v2\/posts"}],"about":[{"href":"http:\/\/fmriachuelo.it10.com.ar\/index.php\/wp-json\/wp\/v2\/types\/post"}],"author":[{"embeddable":true,"href":"http:\/\/fmriachuelo.it10.com.ar\/index.php\/wp-json\/wp\/v2\/users\/4"}],"replies":[{"embeddable":true,"href":"http:\/\/fmriachuelo.it10.com.ar\/index.php\/wp-json\/wp\/v2\/comments?post=1517"}],"version-history":[{"count":0,"href":"http:\/\/fmriachuelo.it10.com.ar\/index.php\/wp-json\/wp\/v2\/posts\/1517\/revisions"}],"wp:attachment":[{"href":"http:\/\/fmriachuelo.it10.com.ar\/index.php\/wp-json\/wp\/v2\/media?parent=1517"}],"wp:term":[{"taxonomy":"category","embeddable":true,"href":"http:\/\/fmriachuelo.it10.com.ar\/index.php\/wp-json\/wp\/v2\/categories?post=1517"},{"taxonomy":"post_tag","embeddable":true,"href":"http:\/\/fmriachuelo.it10.com.ar\/index.php\/wp-json\/wp\/v2\/tags?post=1517"}],"curies":[{"name":"wp","href":"https:\/\/api.w.org\/{rel}","templated":true}]}}