{"id":1516,"date":"2015-12-22T22:43:00","date_gmt":"2015-12-22T22:43:00","guid":{"rendered":"http:\/\/fmriachuelo.observatorioess.org.ar\/index.php\/2015\/12\/22\/comunicado-de-organizaciones-de-la-agricultura-familiar-campesina-indigena-y-de-la-pesca-artesanal\/"},"modified":"2015-12-22T22:43:00","modified_gmt":"2015-12-22T22:43:00","slug":"comunicado-de-organizaciones-de-la-agricultura-familiar-campesina-indigena-y-de-la-pesca-artesanal","status":"publish","type":"post","link":"http:\/\/fmriachuelo.it10.com.ar\/index.php\/2015\/12\/22\/comunicado-de-organizaciones-de-la-agricultura-familiar-campesina-indigena-y-de-la-pesca-artesanal\/","title":{"rendered":"COMUNICADO DE ORGANIZACIONES DE LA AGRICULTURA FAMILIAR, CAMPESINA, IND\u00cdGENA Y DE LA PESCA ARTESANAL"},"content":{"rendered":"<div><span style=\"font-family: Verdana, sans-serif\"><span style=\"color: red;font-size: large\"><b>POSICIONAMIENTO FRENTE A LAS MEDIDAS ECON\u00d3MICAS<\/b><\/span><\/span><\/div>\n<p><a href=\"http:\/\/1.bp.blogspot.com\/-tIey2sviNGI\/VnnQqmgSHFI\/AAAAAAAAHqg\/61mFOQl9m68\/s1600\/mnci.jpg\" style=\"clear: left;float: left;margin-bottom: 1em;margin-right: 1em\"><img loading=\"lazy\" decoding=\"async\" border=\"0\" height=\"124\" src=\"http:\/\/1.bp.blogspot.com\/-tIey2sviNGI\/VnnQqmgSHFI\/AAAAAAAAHqg\/61mFOQl9m68\/s200\/mnci.jpg\" width=\"200\" \/><\/a><span style=\"font-family: Verdana, sans-serif\"><i><b>Difundimos&nbsp;<\/b><\/i><\/span><\/p>\n<div style=\"text-align: justify\"><span style=\"font-family: Verdana, sans-serif\">En los \u00faltimos d\u00edas el nuevo gobierno nacional ha anunciado medidas vinculadas principalmente a la comercializaci\u00f3n de granos y de carnes en Argentina: la eliminaci\u00f3n de retenciones y de cupos a exportaciones e importaciones.<\/span><br \/><a name='more'><\/a><\/div>\n<p><span style=\"font-family: Verdana, sans-serif\"><\/span><\/p>\n<div style=\"text-align: justify\"><span style=\"font-family: Verdana, sans-serif\">Estas medidas, acompa\u00f1adas con el levantamiento de las restricciones cambiarias y la devaluaci\u00f3n de la moneda, aseguran inmediatamente beneficios econ\u00f3micos extraordinarios a mega empresas agropecuarias que han concentrado las cadenas de producci\u00f3n y comercializaci\u00f3n, y a corporaciones exportadoras de granos y sus derivados. Sin embargo, si bien no impactan positivamente en los ingresos de peque\u00f1os productores -que ya se hab\u00edan desprendido de su cosecha con anterioridad-, impulsaron aceleradamente la suba de precios de los alimentos para el consumo local, perjudicando seriamente a los sectores m\u00e1s vulnerados del campo y la ciudad, a asalariados y consumidores en general.<\/span><\/div>\n<p><span style=\"font-family: Verdana, sans-serif\"><\/p>\n<div style=\"text-align: justify\">De no implementarse pol\u00edticas p\u00fablica que generen igualdad de oportunidades para todos los actores del denominado sector agropecuario, ingresar\u00edamos en un c\u00edrculo vicioso de transferencia de ingresos e inversiones externas en negocios agropecuarios, de acaparamiento de tierras y agua, de avance sobre bosques y comunidades, de concentraci\u00f3n de las cadenas productivas y de comercializaci\u00f3n, de empobrecimiento y expulsi\u00f3n de comunidades rurales y degradaci\u00f3n del ambiente.<\/div>\n<p><\/span><\/p>\n","protected":false},"excerpt":{"rendered":"<p>POSICIONAMIENTO FRENTE A LAS MEDIDAS ECON\u00d3MICAS Difundimos&nbsp; En los \u00faltimos d\u00edas el nuevo gobierno nacional ha anunciado medidas vinculadas principalmente a la comercializaci\u00f3n de granos y de carnes en Argentina: la eliminaci\u00f3n de retenciones y de cupos a exportaciones e importaciones. Estas medidas, acompa\u00f1adas con el levantamiento de las restricciones cambiarias y la devaluaci\u00f3n de [&hellip;]<\/p>\n","protected":false},"author":4,"featured_media":0,"comment_status":"open","ping_status":"open","sticky":false,"template":"","format":"standard","meta":{"_monsterinsights_skip_tracking":false,"_monsterinsights_sitenote_active":false,"_monsterinsights_sitenote_note":"","_monsterinsights_sitenote_category":0,"jnews-multi-image_gallery":[],"jnews_single_post":[],"jnews_primary_category":[],"_joinchat":[],"footnotes":""},"categories":[1],"tags":[],"class_list":["post-1516","post","type-post","status-publish","format-standard","hentry","category-habitat"],"_links":{"self":[{"href":"http:\/\/fmriachuelo.it10.com.ar\/index.php\/wp-json\/wp\/v2\/posts\/1516","targetHints":{"allow":["GET"]}}],"collection":[{"href":"http:\/\/fmriachuelo.it10.com.ar\/index.php\/wp-json\/wp\/v2\/posts"}],"about":[{"href":"http:\/\/fmriachuelo.it10.com.ar\/index.php\/wp-json\/wp\/v2\/types\/post"}],"author":[{"embeddable":true,"href":"http:\/\/fmriachuelo.it10.com.ar\/index.php\/wp-json\/wp\/v2\/users\/4"}],"replies":[{"embeddable":true,"href":"http:\/\/fmriachuelo.it10.com.ar\/index.php\/wp-json\/wp\/v2\/comments?post=1516"}],"version-history":[{"count":0,"href":"http:\/\/fmriachuelo.it10.com.ar\/index.php\/wp-json\/wp\/v2\/posts\/1516\/revisions"}],"wp:attachment":[{"href":"http:\/\/fmriachuelo.it10.com.ar\/index.php\/wp-json\/wp\/v2\/media?parent=1516"}],"wp:term":[{"taxonomy":"category","embeddable":true,"href":"http:\/\/fmriachuelo.it10.com.ar\/index.php\/wp-json\/wp\/v2\/categories?post=1516"},{"taxonomy":"post_tag","embeddable":true,"href":"http:\/\/fmriachuelo.it10.com.ar\/index.php\/wp-json\/wp\/v2\/tags?post=1516"}],"curies":[{"name":"wp","href":"https:\/\/api.w.org\/{rel}","templated":true}]}}