{"id":1515,"date":"2015-12-22T23:12:00","date_gmt":"2015-12-22T23:12:00","guid":{"rendered":"http:\/\/fmriachuelo.observatorioess.org.ar\/index.php\/2015\/12\/22\/a-14-anos-del-19-y-20-de-diciembre-de-2001-el-pueblo-organizado-resiste-construyendo-futuro\/"},"modified":"2015-12-22T23:12:00","modified_gmt":"2015-12-22T23:12:00","slug":"a-14-anos-del-19-y-20-de-diciembre-de-2001-el-pueblo-organizado-resiste-construyendo-futuro","status":"publish","type":"post","link":"http:\/\/fmriachuelo.it10.com.ar\/index.php\/2015\/12\/22\/a-14-anos-del-19-y-20-de-diciembre-de-2001-el-pueblo-organizado-resiste-construyendo-futuro\/","title":{"rendered":"A 14 A\u00d1OS DEL 19 Y 20 DE DICIEMBRE DE 2001 EL PUEBLO ORGANIZADO RESISTE CONSTRUYENDO FUTURO"},"content":{"rendered":"<div style=\"color: #222222;text-align: center\">\n<div style=\"text-align: left\"><b style=\"color: red\"><span style=\"font-family: Verdana, sans-serif;font-size: large\">COMUNICACI\u00d3N, ECONOM\u00cdA Y CULTURA POPULARES<\/span><\/b><\/div>\n<\/div>\n<div style=\"color: #222222;text-align: center\">\n<div style=\"text-align: left\"><a href=\"http:\/\/2.bp.blogspot.com\/-pljqFPpel2E\/VnnjYPQdtRI\/AAAAAAAAHqw\/L15pPUzaDOo\/s1600\/fm.jpg\" style=\"clear: left;float: left;margin-bottom: 1em;margin-right: 1em\"><img loading=\"lazy\" decoding=\"async\" border=\"0\" height=\"132\" src=\"http:\/\/2.bp.blogspot.com\/-pljqFPpel2E\/VnnjYPQdtRI\/AAAAAAAAHqw\/L15pPUzaDOo\/s400\/fm.jpg\" width=\"400\" \/><\/a><span style=\"font-family: Verdana, sans-serif\">EN TRES CONSTRUCCIONES POL\u00cdTICAS DEL BARRIO DE LA BOCA<\/span><\/div>\n<div style=\"text-align: left\"><span style=\"font-family: Verdana, sans-serif\">LA ORGANIZACI\u00d3N SOCIAL Y POL\u00cdTICA LOS PIBES RECORD\u00d3 EL ARGENTINAZO<\/span><\/div>\n<\/div>\n<div style=\"color: #222222;text-align: left\"><span style=\"font-family: Verdana, sans-serif\"><span style=\"color: black\">Escucha aqu\u00ed las palabras en la&nbsp;<\/span><span style=\"color: red;font-weight: bold\">FM RIACHUELO<\/span><span style=\"color: #0b5394;font-weight: bold\">&nbsp;<\/span><span style=\"color: black\">de:<\/span><\/span><\/div>\n<div style=\"color: #222222;text-align: left\"><b><span style=\"color: #0b5394;font-family: Verdana, sans-serif\"><a href=\"http:\/\/www.mediafire.com\/listen\/f4a37ea6d52cf94\/NADIA_MARTINEZ_-_FIN_DE_A%C3%91O_EN_FM_RIACHUELO.mp3\" style=\"color: #1155cc\" target=\"_blank\" rel=\"noopener\">NADIA MART\u00cdNEZ &#8211; DIRECTORA DE FM RIACHUELO<\/a>;<\/span><\/b><\/div>\n<div style=\"color: #222222;text-align: left\"><span style=\"font-family: Verdana, sans-serif\"><span style=\"color: black\">en el&nbsp;<\/span><b style=\"color: #0b5394\">PASEO DE LA ECONOM\u00cdA POPULAR MART\u00cdN OSO CISNEROS<\/b><span style=\"color: black\">&nbsp;de:<\/span><\/span><\/div>\n<div style=\"color: #222222;text-align: left\"><b><span style=\"color: #0b5394;font-family: Verdana, sans-serif\"><a href=\"http:\/\/www.mediafire.com\/listen\/7ccn0cqw9g3t43p\/ROBERTO_MORALES_-_COPECHAS.mp3\" style=\"color: #1155cc\" target=\"_blank\" rel=\"noopener\">ROBERTO \u00abNEGRO\u00bb MORALES &#8211; COOPECHAS<\/a><\/span><\/b><\/div>\n<div style=\"color: #222222;text-align: left\"><b><span style=\"color: #0b5394;font-family: Verdana, sans-serif\"><a href=\"http:\/\/www.mediafire.com\/listen\/a3m02zjj9dzjnrh\/FACUNDO_HARGUINTEGUY_-_UNDAV.mp3\" style=\"color: #1155cc\" target=\"_blank\" rel=\"noopener\">FACUNDO HARGUINTEGUY &#8211; UNDAV<\/a><\/span><\/b><\/div>\n<div style=\"color: #222222;text-align: left\"><b><span style=\"color: #0b5394;font-family: Verdana, sans-serif\"><a href=\"http:\/\/www.mediafire.com\/listen\/708b7c7arml4170\/LUCIANO_ALVAREZ_-_PEPMOC.mp3\" style=\"color: #1155cc\" target=\"_blank\" rel=\"noopener\">LUCIANO \u00c1LVAREZ &#8211; COORDINADOR DEL PEPMOC<\/a>;<\/span><\/b><\/div>\n<div style=\"color: #222222;text-align: left\"><span style=\"font-family: Verdana, sans-serif\"><span style=\"color: black\">y en el&nbsp;<\/span><span style=\"color: #38761d;font-weight: bold\">CENTRO CULTURAL EL PATIO<\/span><span style=\"color: #0b5394;font-weight: bold\">&nbsp;<\/span><span style=\"color: black\">de:<\/span><\/span><\/div>\n<div style=\"color: #222222;text-align: center\">\n<div style=\"text-align: left\"><b><span style=\"color: #0b5394;font-family: Verdana, sans-serif\"><a href=\"http:\/\/www.mediafire.com\/listen\/1h629c85dsqd4x4\/LA_NEGRA_CANO_-_EL_PATIO.mp3\" style=\"color: #1155cc\" target=\"_blank\" rel=\"noopener\">LA NEGRA CANO &#8211; COORDINADORA DEL PATIO<\/a><\/span><\/b><\/div>\n<div style=\"text-align: left\"><b><span style=\"color: #0b5394;font-family: Verdana, sans-serif\"><a href=\"http:\/\/www.mediafire.com\/listen\/ahp2x2g2w9h8y3m\/LITO_BORELLO_-_EL_PATIO.mp3\" style=\"color: #1155cc\" target=\"_blank\" rel=\"noopener\">LITO BORELLO &#8211; COORDINADOR NACIONAL DE OSyP LOS PIBES<\/a><\/span><\/b><br \/><a name='more'><\/a><\/div>\n<div style=\"text-align: justify\"><b><span style=\"font-family: Verdana, sans-serif\">[FMR Martes 22\/12\/15] La Organizaci\u00f3n Social y Pol\u00edtica Los Pibes record\u00f3 la fecha hist\u00f3rica del 19 y 20 de diciembre con tres actividades en el porte\u00f1o barrio de La Boca.<\/span><\/b><\/div>\n<\/div>\n<div style=\"text-align: center\">\n<div style=\"text-align: justify\"><span style=\"font-family: Verdana, sans-serif\"><br \/><\/span><\/div>\n<\/div>\n<div style=\"color: #222222;text-align: justify\"><span style=\"color: red;font-family: Verdana, sans-serif\"><b>FM RIACHUELO<\/b><\/span><br \/><span style=\"font-family: Verdana, sans-serif\"><span style=\"background-color: white;text-align: center\">En la noche del viernes 18, en el marco del programa&nbsp;<\/span><span style=\"background-color: white;color: red;text-align: center\"><b>CAZADORES DE ZONCERAS<\/b><\/span><span style=\"background-color: white;text-align: center\">, se realiz\u00f3 un encuentro en el piso de la&nbsp;<\/span><span style=\"background-color: white;color: red;text-align: center\"><b>FM RIACHUELO<\/b><\/span><span style=\"background-color: white;text-align: center\">. Estuvieron presentes un centenar de compa\u00f1er@s que durante este a\u00f1o participaron en los distintos espacios de la radio: columnistas, entrevistados, estudiantes y docentes de la Universidad de Avellaneda, participantes de los cursos de formaci\u00f3n y capacitaci\u00f3n, y vecinos. Durante m\u00e1s de 4 horas fueron acercando sus palabras en el dif\u00edcil momento que atraviesa nuestro pueblo y acercando propuestas para el pr\u00f3ximo a\u00f1o, finalizando la actividad con un brindis. De lo expresado por los distintos participantes se rescata la necesidad de una comunicaci\u00f3n popular que rompa el cerco medi\u00e1tico que protege a este gobierno y a sus medidas impopulares. Comunicaci\u00f3n realizada por el mismo pueblo, expresi\u00f3n genuina de sus necesidades.<\/span><\/span><\/div>\n<div style=\"color: #222222;text-align: center\">\n<div style=\"text-align: justify\"><b><span style=\"color: #0b5394;font-family: Verdana, sans-serif\"><a href=\"http:\/\/www.mediafire.com\/listen\/f4a37ea6d52cf94\/NADIA_MARTINEZ_-_FIN_DE_A%C3%91O_EN_FM_RIACHUELO.mp3\" style=\"color: #1155cc\" target=\"_blank\" rel=\"noopener\">NADIA MART\u00cdNEZ &#8211; DIRECTORA DE FM RIACHUELO<\/a><\/span><\/b><\/div>\n<div style=\"text-align: justify\"><span style=\"font-family: Verdana, sans-serif\">\u200b<\/span><\/div>\n<\/div>\n<div style=\"color: #222222;text-align: justify\"><b style=\"color: #0b5394\"><span style=\"font-family: Verdana, sans-serif\">PASEO DE LA ECONOM\u00cdA POPULAR MART\u00cdN OSO CISNEROS<\/span><\/b><\/p>\n<div style=\"clear: both;text-align: center\"><a href=\"http:\/\/4.bp.blogspot.com\/-vSEm2TsQrkA\/Vno45ZdMS1I\/AAAAAAAAHro\/7bthWxpe8DY\/s1600\/image.png\" style=\"clear: left;float: left;margin-bottom: 1em;margin-right: 1em\"><img loading=\"lazy\" decoding=\"async\" border=\"0\" height=\"240\" src=\"http:\/\/4.bp.blogspot.com\/-vSEm2TsQrkA\/Vno45ZdMS1I\/AAAAAAAAHro\/7bthWxpe8DY\/s320\/image.png\" width=\"320\" \/><\/a><\/div>\n<p><span style=\"font-family: Verdana, sans-serif\"><span style=\"background-color: white;text-align: center\">El s\u00e1bado la actividad comenz\u00f3 a la ma\u00f1ana, en el habitual espacio en que todos los s\u00e1bados se realiza el&nbsp;<\/span><span style=\"background-color: white;color: #0b5394;text-align: center\"><b>PASEO DE LA ECONOM\u00cdA POPULAR MART\u00cdN OSOS CISNEROS<\/b><\/span><span style=\"background-color: white;text-align: center\">. En esa ocasi\u00f3n, entre los bolsones de verdura agroecol\u00f3gica, pescado fresco, garrafa social, quesos, miel y otros productos a precios populares, se realiz\u00f3 un&nbsp;<\/span><span style=\"background-color: white;color: #0b5394;text-align: center\"><b>CONVERSATORIO SOBRE LA ECONOM\u00cdA POPULAR<\/b><\/span><span style=\"background-color: white;text-align: center\">. Realizado desde una Radio Abierta, participaron de la actividad&nbsp;<\/span><span style=\"background-color: white;color: #0b5394;text-align: center\"><b>FEDERICO TABOADA DEL CINE WILDE, FACUNDO HARGUINTEGUY DE LA UNDAV, RODOLFO NEGRO MORALES DE COOPECHAS Y LITO BORELLO DE OSYP LOS PIBES.<\/b><span style=\"color: black\">&nbsp;La Econom\u00eda Popular qued\u00f3 expresada en la articulaci\u00f3n de los productores y de los espacios como el Paseo que, en cada barrio, avanzan en la promoci\u00f3n y realizaci\u00f3n de la soberan\u00eda alimentaria.<\/span><\/span><\/span><\/div>\n<div style=\"text-align: center\"><span style=\"color: #222222;font-family: Verdana, sans-serif\"><\/span><\/div>\n<div style=\"color: #222222;text-align: center\">\n<div style=\"text-align: justify\"><b><span style=\"color: #0b5394;font-family: Verdana, sans-serif\"><a href=\"http:\/\/www.mediafire.com\/listen\/7ccn0cqw9g3t43p\/ROBERTO_MORALES_-_COPECHAS.mp3\" style=\"color: #1155cc\" target=\"_blank\" rel=\"noopener\">ROBERTO \u00abNEGRO\u00bb MORALES &#8211; COOPECHAS<\/a><\/span><\/b><\/div>\n<div style=\"text-align: justify\"><b><span style=\"color: #0b5394;font-family: Verdana, sans-serif\"><a href=\"http:\/\/www.mediafire.com\/listen\/a3m02zjj9dzjnrh\/FACUNDO_HARGUINTEGUY_-_UNDAV.mp3\" style=\"color: #1155cc\" target=\"_blank\" rel=\"noopener\">FACUNDO HARGUINTEGUY &#8211; UNDAV<\/a><\/span><\/b><\/div>\n<div style=\"text-align: justify\"><b><span style=\"color: #0b5394;font-family: Verdana, sans-serif\"><a href=\"http:\/\/www.mediafire.com\/listen\/708b7c7arml4170\/LUCIANO_ALVAREZ_-_PEPMOC.mp3\" style=\"color: #1155cc\" target=\"_blank\" rel=\"noopener\">LUCIANO \u00c1LVAREZ &#8211; COORDINADOR DEL PEPMOC<\/a><\/span><\/b><\/div>\n<\/div>\n<div style=\"color: #222222;text-align: justify\"><span style=\"color: #0b5394\"><span style=\"color: black;font-family: Verdana, sans-serif\"><br \/><\/span><\/span><\/div>\n<div style=\"color: #222222;text-align: justify\"><span style=\"color: #38761d;font-family: Verdana, sans-serif;font-weight: bold\">CENTRO CULTURAL EL PATIO<\/span><br \/><a href=\"http:\/\/4.bp.blogspot.com\/-XEHbl03LbLo\/Vnnj6s8vDII\/AAAAAAAAHrI\/o1v2KICnkr4\/s1600\/DSC04642.JPG\" style=\"clear: left;float: left;margin-bottom: 1em;margin-right: 1em\"><img loading=\"lazy\" decoding=\"async\" border=\"0\" height=\"150\" src=\"http:\/\/4.bp.blogspot.com\/-XEHbl03LbLo\/Vnnj6s8vDII\/AAAAAAAAHrI\/o1v2KICnkr4\/s200\/DSC04642.JPG\" width=\"200\" \/><\/a><a href=\"https:\/\/1.bp.blogspot.com\/-Qzmvyn1wny4\/VnnjzqJUEGI\/AAAAAAAAHq4\/MjOfJgn3BRI\/s1600\/DSC04625.JPG\" style=\"clear: left;margin-bottom: 1em;margin-right: 1em;text-align: center\"><img loading=\"lazy\" decoding=\"async\" border=\"0\" height=\"150\" src=\"http:\/\/1.bp.blogspot.com\/-Qzmvyn1wny4\/VnnjzqJUEGI\/AAAAAAAAHq4\/MjOfJgn3BRI\/s200\/DSC04625.JPG\" width=\"200\" \/><\/a><\/p>\n<div style=\"clear: both;text-align: center\"><\/div>\n<div style=\"clear: both;text-align: center\"><\/div>\n<p><a href=\"http:\/\/4.bp.blogspot.com\/-7dsyb47TxwY\/Vnnj26YzDkI\/AAAAAAAAHrA\/eivW-hcuLL8\/s1600\/DSC04623.JPG\" style=\"clear: left;float: left;margin-bottom: 1em;margin-right: 1em;text-align: center\"><img loading=\"lazy\" decoding=\"async\" border=\"0\" height=\"320\" src=\"http:\/\/4.bp.blogspot.com\/-7dsyb47TxwY\/Vnnj26YzDkI\/AAAAAAAAHrA\/eivW-hcuLL8\/s320\/DSC04623.JPG\" width=\"220\" \/><\/a><\/div>\n<div style=\"color: #222222;text-align: center\"><span style=\"font-family: Verdana, sans-serif\"> <\/span><\/div>\n<div style=\"color: #222222;text-align: justify\">\n<div style=\"background-color: white;text-align: justify\"><span style=\"color: #0b5394\"><span style=\"font-family: Verdana, sans-serif\"><span style=\"color: black\">Alrededor de las 17 hs, el d\u00eda cerr\u00f3 con la inauguraci\u00f3n de&nbsp;<span style=\"color: #38761d\"><b>EL PATIO<\/b><\/span>. Se trata de un nuevo Centro Cultural Popular que funcionar\u00e1 en la primer vivienda colectiva que la Organizaci\u00f3n Los Pibes conquist\u00f3 con la ley 341.<\/span><b>&nbsp;<\/b><span style=\"color: black\">M\u00fasica, teatro, cine, talleres de salud, educaci\u00f3n y econom\u00eda popular son parte de las actividades que se realizar\u00e1n en este remozado espacio.<\/span><b><br \/><\/b><\/span><\/span><\/div>\n<p><b><span style=\"color: #0b5394;font-family: Verdana, sans-serif\"><a href=\"http:\/\/www.mediafire.com\/listen\/1h629c85dsqd4x4\/LA_NEGRA_CANO_-_EL_PATIO.mp3\" style=\"color: #1155cc\" target=\"_blank\" rel=\"noopener\">LA NEGRA CANO &#8211; COORDINADORA DEL PATIO<\/a><\/span><\/b><\/div>\n<div style=\"color: #222222;text-align: center\">\n<div style=\"text-align: justify\"><b><span style=\"color: #0b5394;font-family: Verdana, sans-serif\"><a href=\"http:\/\/www.mediafire.com\/listen\/ahp2x2g2w9h8y3m\/LITO_BORELLO_-_EL_PATIO.mp3\" style=\"color: #1155cc\" target=\"_blank\" rel=\"noopener\">LITO BORELLO &#8211; COORDINADOR NACIONAL DE OSyP LOS PIBES<\/a><\/span><\/b><\/div>\n<\/div>\n","protected":false},"excerpt":{"rendered":"<p>COMUNICACI\u00d3N, ECONOM\u00cdA Y CULTURA POPULARES EN TRES CONSTRUCCIONES POL\u00cdTICAS DEL BARRIO DE LA BOCA LA ORGANIZACI\u00d3N SOCIAL Y POL\u00cdTICA LOS PIBES RECORD\u00d3 EL ARGENTINAZO Escucha aqu\u00ed las palabras en la&nbsp;FM RIACHUELO&nbsp;de: NADIA MART\u00cdNEZ &#8211; DIRECTORA DE FM RIACHUELO; en el&nbsp;PASEO DE LA ECONOM\u00cdA POPULAR MART\u00cdN OSO CISNEROS&nbsp;de: ROBERTO \u00abNEGRO\u00bb MORALES &#8211; COOPECHAS FACUNDO HARGUINTEGUY &#8211; [&hellip;]<\/p>\n","protected":false},"author":4,"featured_media":0,"comment_status":"open","ping_status":"open","sticky":false,"template":"","format":"standard","meta":{"_monsterinsights_skip_tracking":false,"_monsterinsights_sitenote_active":false,"_monsterinsights_sitenote_note":"","_monsterinsights_sitenote_category":0,"jnews-multi-image_gallery":[],"jnews_single_post":[],"jnews_primary_category":[],"_joinchat":[],"footnotes":""},"categories":[1],"tags":[],"class_list":["post-1515","post","type-post","status-publish","format-standard","hentry","category-habitat"],"_links":{"self":[{"href":"http:\/\/fmriachuelo.it10.com.ar\/index.php\/wp-json\/wp\/v2\/posts\/1515","targetHints":{"allow":["GET"]}}],"collection":[{"href":"http:\/\/fmriachuelo.it10.com.ar\/index.php\/wp-json\/wp\/v2\/posts"}],"about":[{"href":"http:\/\/fmriachuelo.it10.com.ar\/index.php\/wp-json\/wp\/v2\/types\/post"}],"author":[{"embeddable":true,"href":"http:\/\/fmriachuelo.it10.com.ar\/index.php\/wp-json\/wp\/v2\/users\/4"}],"replies":[{"embeddable":true,"href":"http:\/\/fmriachuelo.it10.com.ar\/index.php\/wp-json\/wp\/v2\/comments?post=1515"}],"version-history":[{"count":0,"href":"http:\/\/fmriachuelo.it10.com.ar\/index.php\/wp-json\/wp\/v2\/posts\/1515\/revisions"}],"wp:attachment":[{"href":"http:\/\/fmriachuelo.it10.com.ar\/index.php\/wp-json\/wp\/v2\/media?parent=1515"}],"wp:term":[{"taxonomy":"category","embeddable":true,"href":"http:\/\/fmriachuelo.it10.com.ar\/index.php\/wp-json\/wp\/v2\/categories?post=1515"},{"taxonomy":"post_tag","embeddable":true,"href":"http:\/\/fmriachuelo.it10.com.ar\/index.php\/wp-json\/wp\/v2\/tags?post=1515"}],"curies":[{"name":"wp","href":"https:\/\/api.w.org\/{rel}","templated":true}]}}