{"id":1514,"date":"2015-12-23T19:19:00","date_gmt":"2015-12-23T19:19:00","guid":{"rendered":"http:\/\/fmriachuelo.observatorioess.org.ar\/index.php\/2015\/12\/23\/intervencion-del-afsca-y-aftic-repercusiones-2\/"},"modified":"2015-12-23T19:19:00","modified_gmt":"2015-12-23T19:19:00","slug":"intervencion-del-afsca-y-aftic-repercusiones-2","status":"publish","type":"post","link":"http:\/\/fmriachuelo.it10.com.ar\/index.php\/2015\/12\/23\/intervencion-del-afsca-y-aftic-repercusiones-2\/","title":{"rendered":"INTERVENCI\u00d3N DEL AFSCA Y AFTIC: REPERCUSIONES"},"content":{"rendered":"<div><span style=\"color: red;font-family: Verdana, sans-serif;font-size: large\"><b>AVASALLAMIENTO INSTITUCIONAL<\/b><\/span><\/div>\n<p><span style=\"font-family: Verdana, sans-serif\">COMUNICADO DE PRENSA DE LA RNMA ANTE LA INTERVENCI\u00d3N DE LA AFSCA y AFTIC<\/span><\/p>\n<div style=\"clear: both;text-align: center\"><\/div>\n<p><span style=\"font-family: Verdana, sans-serif\"><\/span><\/p>\n<div style=\"text-align: justify\"><a href=\"http:\/\/1.bp.blogspot.com\/-2BoC-N-QZC8\/Vn2V9Zf3PuI\/AAAAAAAAHsI\/lJcNuj326NE\/s1600\/RNMA.jpg\" style=\"clear: left;float: left;margin-bottom: 1em;margin-right: 1em\"><img loading=\"lazy\" decoding=\"async\" border=\"0\" height=\"102\" src=\"http:\/\/1.bp.blogspot.com\/-2BoC-N-QZC8\/Vn2V9Zf3PuI\/AAAAAAAAHsI\/lJcNuj326NE\/s200\/RNMA.jpg\" width=\"200\" \/><\/a><span style=\"font-family: Verdana, sans-serif\">COMUNICADO<\/span><\/div>\n<p><span style=\"font-family: Verdana, sans-serif\"><\/p>\n<div style=\"text-align: justify\">LEY DE MEDIOS. NI DECRETOS NI INTERVENTORES<\/div>\n<div style=\"text-align: justify\">Desde la RNMA repudiamos la medida del gobierno nacional de intervenir la AFSCA (Autoridad Federal de Servicios de Comunicaci\u00f3n Audiovisual) y la AFTIC (Autoridad Federal de Tecnolog\u00edas de la Informaci\u00f3n y las Telecomunicaciones), como primera medida en la b\u00fasqueda de desarticular la actual Ley de Medios con el objetivo de reencauzar un marco legal que favorezca sin tapujos a los medios monop\u00f3licos.<br \/><a name='more'><\/a><\/div>\n<div style=\"text-align: justify\">En el d\u00eda de la fecha el Ministro de Comunicaciones Oscar Aguad, anunci\u00f3 en conferencia de prensa la decisi\u00f3n (v\u00eda decreto N\u00aa 236\/2015) de intervenir la AFSCA y la AFTIC, destituyendo a sus actuales titulares y colocando en su lugar a Agust\u00edn Garz\u00f3n al frente del primer organismo y a Mario Frigerio como interventor del segundo.<\/div>\n<div style=\"text-align: justify\">Quienes construimos cr\u00edtica y cotidianamente medios de comunicaci\u00f3n alternativa, comunitaria y popular no seremos espectadores pasivos ni nos quedaremos al margen de tama\u00f1a maniobra de car\u00e1cter poco democr\u00e1tico que intenta echar por la borda los \u00ednfimos pasos que se dieron en la pr\u00e1ctica para aplicar la Ley de Servicios de Comunicaci\u00f3n Audiovisual y democratizar las comunicaciones.<\/div>\n<div style=\"text-align: justify\">Como RNMA hemos sido y somos muy cr\u00edticos de la gesti\u00f3n del actual titular de la AFSCA y no hemos dudado en realizar acciones de protesta y repudio por la falta de aplicaci\u00f3n de la Ley de Servicios de Comunicaci\u00f3n Audiovisual para que la misma signifique un fortalecimiento real de los medios comunitarios, alternativos y populares. Asimismo, estamos profundamente convencidos de que gobernar por decreto atenta contra las libertades democr\u00e1ticas salteando la voluntad popular.<\/div>\n<div style=\"text-align: justify\">Exigimos:<\/div>\n<div style=\"text-align: justify\">*La autarqu\u00eda de AFSCA y AFTIC, tal como establece la LSCA votada por el Congreso Nacional<\/div>\n<div style=\"text-align: justify\">*La aplicaci\u00f3n de la ley de Servicios de Comunicaci\u00f3n Audiovisual.<\/div>\n<div style=\"text-align: justify\">*La elaboraci\u00f3n del plan t\u00e9cnico y reserva del 33 % para el sector sin fines de lucro.<\/div>\n<div style=\"text-align: justify\">*Reconocimiento de los medios comunitarios, alternativos y populares como actores diferenciados dentro del sector de las sin fines de lucro.<\/div>\n<div style=\"text-align: justify\">*Apertura de concursos espec\u00edficos para medios comunitarios, alternativos y populares.<\/div>\n<div style=\"text-align: justify\"><span style=\"font-size: x-small\">Contactos RNMA<\/span><\/div>\n<div style=\"text-align: justify\"><span style=\"font-size: x-small\">Fabiana 11 63508859<\/span><\/div>\n<div style=\"text-align: justify\"><span style=\"font-size: x-small\">Jos\u00e9 351 2894867<\/span><\/div>\n<div style=\"text-align: justify\"><span style=\"font-size: x-small\">Mart\u00edn 11 67886450<\/span><\/div>\n<div style=\"text-align: justify\"><span style=\"font-size: x-small\">Juan 11 68260461<\/span><\/div>\n<div style=\"text-align: justify\"><span style=\"font-size: x-small\">Luis 11 57092692<\/span><\/div>\n<div style=\"text-align: justify\">Argentina, mi\u00e9rcoles 23 de diciembre de 2015<\/div>\n<div style=\"text-align: justify\">Red Nacional de Medios Alternativos<\/div>\n<p><\/span><\/p>\n","protected":false},"excerpt":{"rendered":"<p>AVASALLAMIENTO INSTITUCIONAL COMUNICADO DE PRENSA DE LA RNMA ANTE LA INTERVENCI\u00d3N DE LA AFSCA y AFTIC COMUNICADO LEY DE MEDIOS. NI DECRETOS NI INTERVENTORES Desde la RNMA repudiamos la medida del gobierno nacional de intervenir la AFSCA (Autoridad Federal de Servicios de Comunicaci\u00f3n Audiovisual) y la AFTIC (Autoridad Federal de Tecnolog\u00edas de la Informaci\u00f3n y [&hellip;]<\/p>\n","protected":false},"author":4,"featured_media":0,"comment_status":"open","ping_status":"open","sticky":false,"template":"","format":"standard","meta":{"_monsterinsights_skip_tracking":false,"_monsterinsights_sitenote_active":false,"_monsterinsights_sitenote_note":"","_monsterinsights_sitenote_category":0,"jnews-multi-image_gallery":[],"jnews_single_post":[],"jnews_primary_category":[],"_joinchat":[],"footnotes":""},"categories":[77],"tags":[],"class_list":["post-1514","post","type-post","status-publish","format-standard","hentry","category-soberania"],"_links":{"self":[{"href":"http:\/\/fmriachuelo.it10.com.ar\/index.php\/wp-json\/wp\/v2\/posts\/1514","targetHints":{"allow":["GET"]}}],"collection":[{"href":"http:\/\/fmriachuelo.it10.com.ar\/index.php\/wp-json\/wp\/v2\/posts"}],"about":[{"href":"http:\/\/fmriachuelo.it10.com.ar\/index.php\/wp-json\/wp\/v2\/types\/post"}],"author":[{"embeddable":true,"href":"http:\/\/fmriachuelo.it10.com.ar\/index.php\/wp-json\/wp\/v2\/users\/4"}],"replies":[{"embeddable":true,"href":"http:\/\/fmriachuelo.it10.com.ar\/index.php\/wp-json\/wp\/v2\/comments?post=1514"}],"version-history":[{"count":0,"href":"http:\/\/fmriachuelo.it10.com.ar\/index.php\/wp-json\/wp\/v2\/posts\/1514\/revisions"}],"wp:attachment":[{"href":"http:\/\/fmriachuelo.it10.com.ar\/index.php\/wp-json\/wp\/v2\/media?parent=1514"}],"wp:term":[{"taxonomy":"category","embeddable":true,"href":"http:\/\/fmriachuelo.it10.com.ar\/index.php\/wp-json\/wp\/v2\/categories?post=1514"},{"taxonomy":"post_tag","embeddable":true,"href":"http:\/\/fmriachuelo.it10.com.ar\/index.php\/wp-json\/wp\/v2\/tags?post=1514"}],"curies":[{"name":"wp","href":"https:\/\/api.w.org\/{rel}","templated":true}]}}