{"id":15137,"date":"2022-04-21T14:38:01","date_gmt":"2022-04-21T14:38:01","guid":{"rendered":"http:\/\/fmriachuelo.com.ar\/?p=15137"},"modified":"2025-04-01T15:41:36","modified_gmt":"2025-04-01T18:41:36","slug":"solidaridad-con-facundo-molares","status":"publish","type":"post","link":"http:\/\/fmriachuelo.it10.com.ar\/index.php\/2022\/04\/21\/solidaridad-con-facundo-molares\/","title":{"rendered":"SOLIDARIDAD CON FACUNDO MOLARES"},"content":{"rendered":"<p><strong>[FM Riachuelo, 21-04-22] En el d\u00eda de ayer, frente a las puertas de la Unidad 1 de m\u00e1xima seguridad de Ezeiza donde se encuentra preso, se realiz\u00f3 un acto, conferencia de prensa e inicio del acampe en solidaridad y apoyo a Facundo Molares, integrante del Movimiento Rebeli\u00f3n Popular, reportero de la Revista Centenario, quien fue corresponsal durante el golpe en Bolivia e injustamente encarcelado y torturado por la dictadura de A\u00f1ez. El mismo cont\u00f3 con la participaci\u00f3n de un amplio arco de organizaciones pol\u00edticas, sindicales y movimientos\u00a0populares. <\/strong><\/p>\n<p>M\u00e1s temprano hab\u00eda comenzado, en modo virtual, el juicio por su extradici\u00f3n que durar\u00e1 hasta el d\u00eda 28 de abril. Facundo es acusado por delitos supuestamente cometidos antes de la firma del Acuerdo de Paz de 2016 en Colombia mientras pertenec\u00eda a las FARC. Cabe destacar que, desde la firma por los Acuerdos de Paz m\u00e1s de 300 referentes territoriales fueron asesinados por las fuerzas represivas del estado colombiano, raz\u00f3n que preocupa y ocupa a lxs compa\u00f1erxs de militancia de Molares por la posibilidad de que este juicio pudiera determinar su extradici\u00f3n a Colombia, as\u00ed como tambi\u00e9n su delicado estado de salud.<\/p>\n<p><img loading=\"lazy\" decoding=\"async\" class=\" wp-image-15139 alignright\" src=\"http:\/\/fmriachuelo.com.ar\/wp-content\/uploads\/2022\/04\/WhatsApp-Image-2022-04-20-at-1.46.12-PM-1-300x200.jpeg\" alt=\"\" width=\"363\" height=\"242\" \/><\/p>\n<p>Alrededor del mediod\u00eda, varias expresiones organizadas del campo popular se hicieron presentes para exigir su inmediata liberaci\u00f3n y participaron de la conferencia de prensa que comenz\u00f3 luego de que se terminara la primera parte del juicio. All\u00ed tomaron la palabra varios referentes y representantes de organismos de derechos humanos, organizaciones pol\u00edticas, sindicales y movimientos populares.<\/p>\n<p>Laly Machado, referente del Movimiento Rebeli\u00f3n Popular y de la Coordinadora por la Libertad de Facundo Molares, dio el cierre de la conferencia de prensa y dijo: <em>\u00abHay compa\u00f1eros que lo dieron todo por la causa del pueblo, como Facundo, que es un compa\u00f1ero pobre porque ha dado toda su juventud, porque ha sentido en lo m\u00e1s profundo\u00a0la injusticia como propia. Aqu\u00ed se expres\u00f3 una dignidad como pueblo que dice hasta ac\u00e1 llegamos, no estamos discutiendo 5 o 10 a\u00f1os en cana, que ser\u00eda una gran injusticia, estamos luchando para salvarle la vida a uno de los nuestros\u00bb.\u00a0<\/em><\/p>\n<p>M\u00f3nica Glomba, del movimiento Rebeli\u00f3n popular y compa\u00f1era de Facundo, en entrevista con <strong>FM Riachuelo<\/strong> luego del acto dijo: <em>\u00abEsto fue una demostraci\u00f3n de unidad que hace mucho que\u00a0no se ve\u00eda. Qued\u00f3 claro en cada expresi\u00f3n que cuando hay compa\u00f1eros presos por luchar pegamos con un solo pu\u00f1o. Ver ese apoyo manifestado en la conferencia de prensa e inicio del acampe es fundamental para poder sostener a Facundo\u00bb<\/em>. M\u00f3nica tambi\u00e9n invit\u00f3 a las distintas organizaciones a participar y solidarizarse con el acampe que van a realizar frente a las puertas de la Unidad 1 de m\u00e1xima seguridad de Ezeiza.<\/p>\n<p>Tambi\u00e9n se hizo presente, <strong>Esteban \u201cGringo\u201d Castro, secretario general de la Uni\u00f3n de Trabajadores de la Econom\u00eda Popular (UTEP)<\/strong>, quien expres\u00f3: <em>\u00abEsto es una persecuci\u00f3n a los militantes populares, que entregan su vida a favor de la causa del pueblo. Vengo a expresar mi solidaridad y a decirles que vamos a seguir en la pelea por la libertad de Facundo\u00bb.<\/em><\/p>\n","protected":false},"excerpt":{"rendered":"<p>[FM Riachuelo, 21-04-22] En el d\u00eda de ayer, frente a las puertas de la Unidad 1 de m\u00e1xima seguridad de Ezeiza donde se encuentra preso, se realiz\u00f3 un acto, conferencia de prensa e inicio del acampe en solidaridad y apoyo a Facundo Molares, integrante del Movimiento Rebeli\u00f3n Popular, reportero de la Revista Centenario, quien fue [&hellip;]<\/p>\n","protected":false},"author":5,"featured_media":15138,"comment_status":"closed","ping_status":"closed","sticky":false,"template":"","format":"standard","meta":{"_monsterinsights_skip_tracking":false,"_monsterinsights_sitenote_active":false,"_monsterinsights_sitenote_note":"","_monsterinsights_sitenote_category":0,"jnews-multi-image_gallery":[],"jnews_single_post":{"format":"standard"},"jnews_primary_category":[],"_joinchat":[],"footnotes":""},"categories":[58],"tags":[70,119],"class_list":["post-15137","post","type-post","status-publish","format-standard","has-post-thumbnail","hentry","category-noticiariachuelo","tag-de-la-patria-grande","tag-derechos-humanos"],"_links":{"self":[{"href":"http:\/\/fmriachuelo.it10.com.ar\/index.php\/wp-json\/wp\/v2\/posts\/15137","targetHints":{"allow":["GET"]}}],"collection":[{"href":"http:\/\/fmriachuelo.it10.com.ar\/index.php\/wp-json\/wp\/v2\/posts"}],"about":[{"href":"http:\/\/fmriachuelo.it10.com.ar\/index.php\/wp-json\/wp\/v2\/types\/post"}],"author":[{"embeddable":true,"href":"http:\/\/fmriachuelo.it10.com.ar\/index.php\/wp-json\/wp\/v2\/users\/5"}],"replies":[{"embeddable":true,"href":"http:\/\/fmriachuelo.it10.com.ar\/index.php\/wp-json\/wp\/v2\/comments?post=15137"}],"version-history":[{"count":1,"href":"http:\/\/fmriachuelo.it10.com.ar\/index.php\/wp-json\/wp\/v2\/posts\/15137\/revisions"}],"predecessor-version":[{"id":22236,"href":"http:\/\/fmriachuelo.it10.com.ar\/index.php\/wp-json\/wp\/v2\/posts\/15137\/revisions\/22236"}],"wp:featuredmedia":[{"embeddable":true,"href":"http:\/\/fmriachuelo.it10.com.ar\/index.php\/wp-json\/"}],"wp:attachment":[{"href":"http:\/\/fmriachuelo.it10.com.ar\/index.php\/wp-json\/wp\/v2\/media?parent=15137"}],"wp:term":[{"taxonomy":"category","embeddable":true,"href":"http:\/\/fmriachuelo.it10.com.ar\/index.php\/wp-json\/wp\/v2\/categories?post=15137"},{"taxonomy":"post_tag","embeddable":true,"href":"http:\/\/fmriachuelo.it10.com.ar\/index.php\/wp-json\/wp\/v2\/tags?post=15137"}],"curies":[{"name":"wp","href":"https:\/\/api.w.org\/{rel}","templated":true}]}}