{"id":1513,"date":"2015-12-23T19:24:00","date_gmt":"2015-12-23T19:24:00","guid":{"rendered":"http:\/\/fmriachuelo.observatorioess.org.ar\/index.php\/2015\/12\/23\/intervencion-del-afsca-y-aftic-repercusiones\/"},"modified":"2015-12-23T19:24:00","modified_gmt":"2015-12-23T19:24:00","slug":"intervencion-del-afsca-y-aftic-repercusiones","status":"publish","type":"post","link":"http:\/\/fmriachuelo.it10.com.ar\/index.php\/2015\/12\/23\/intervencion-del-afsca-y-aftic-repercusiones\/","title":{"rendered":"INTERVENCI\u00d3N DEL AFSCA Y AFTIC: REPERCUSIONES"},"content":{"rendered":"<p><span style=\"color: red;font-family: Verdana, sans-serif;font-size: large\"><b>AVASALLAMIENTO INSTITUCIONAL<\/b><\/span><br \/><span style=\"font-family: Verdana, sans-serif\">FARCO repudia la intervenci\u00f3n y convoca a movilizar en defensa de la Ley y sus instituciones<\/span><br \/><span style=\"font-family: Verdana, sans-serif\"><\/span><\/p>\n<div style=\"text-align: justify\"><span style=\"font-family: Verdana, sans-serif\">El Foro Argentino de Radios Comunitarias rechaza por inconstitucional y autoritaria la medida de intervenir la AFSCA y la AFTIC implementada por el gobierno nacional y participa en todos sus t\u00e9rminos de la Convocatoria realizada desde la Coalici\u00f3n por una Comunicaci\u00f3n Democr\u00e1tica (CCD) a movilizar en la sede nacional de la AFSCA y sus delegaciones en todo el pa\u00eds.<\/span><\/div>\n<p><span style=\"font-family: Verdana, sans-serif\"><\/p>\n<div style=\"text-align: justify\"><a name='more'><\/a><\/div>\n<div style=\"text-align: justify\">Ante la intervenci\u00f3n anunciada y ordenada por el gobierno de Macri a manos del Ministro de Comunicaci\u00f3n Aguad, convocamos a todos a la sede de AFSCA a las 17:30 hs.- en las intersecciones de Av. Cordoba y Suipacha CABA.<\/div>\n<div style=\"text-align: justify\">En el resto del pa\u00eds nos convocamos en las sedes de la AFSCA de cada provincia.<\/div>\n<div style=\"text-align: justify\">La CCD estar\u00e1 presente para defender la constitucionalidad y aplicaci\u00f3n total de la LSCA.<\/div>\n<div style=\"text-align: justify\">TODOS POR DEFENSA de la DEMOCRACIA y LA LEY SERVICIOS DE COMUNICACI\u00d3N AUDIOVISUAL!<\/div>\n<p><\/span><\/p>\n","protected":false},"excerpt":{"rendered":"<p>AVASALLAMIENTO INSTITUCIONALFARCO repudia la intervenci\u00f3n y convoca a movilizar en defensa de la Ley y sus instituciones El Foro Argentino de Radios Comunitarias rechaza por inconstitucional y autoritaria la medida de intervenir la AFSCA y la AFTIC implementada por el gobierno nacional y participa en todos sus t\u00e9rminos de la Convocatoria realizada desde la Coalici\u00f3n [&hellip;]<\/p>\n","protected":false},"author":4,"featured_media":0,"comment_status":"open","ping_status":"open","sticky":false,"template":"","format":"standard","meta":{"_monsterinsights_skip_tracking":false,"_monsterinsights_sitenote_active":false,"_monsterinsights_sitenote_note":"","_monsterinsights_sitenote_category":0,"jnews-multi-image_gallery":[],"jnews_single_post":[],"jnews_primary_category":[],"_joinchat":[],"footnotes":""},"categories":[77],"tags":[],"class_list":["post-1513","post","type-post","status-publish","format-standard","hentry","category-soberania"],"_links":{"self":[{"href":"http:\/\/fmriachuelo.it10.com.ar\/index.php\/wp-json\/wp\/v2\/posts\/1513","targetHints":{"allow":["GET"]}}],"collection":[{"href":"http:\/\/fmriachuelo.it10.com.ar\/index.php\/wp-json\/wp\/v2\/posts"}],"about":[{"href":"http:\/\/fmriachuelo.it10.com.ar\/index.php\/wp-json\/wp\/v2\/types\/post"}],"author":[{"embeddable":true,"href":"http:\/\/fmriachuelo.it10.com.ar\/index.php\/wp-json\/wp\/v2\/users\/4"}],"replies":[{"embeddable":true,"href":"http:\/\/fmriachuelo.it10.com.ar\/index.php\/wp-json\/wp\/v2\/comments?post=1513"}],"version-history":[{"count":0,"href":"http:\/\/fmriachuelo.it10.com.ar\/index.php\/wp-json\/wp\/v2\/posts\/1513\/revisions"}],"wp:attachment":[{"href":"http:\/\/fmriachuelo.it10.com.ar\/index.php\/wp-json\/wp\/v2\/media?parent=1513"}],"wp:term":[{"taxonomy":"category","embeddable":true,"href":"http:\/\/fmriachuelo.it10.com.ar\/index.php\/wp-json\/wp\/v2\/categories?post=1513"},{"taxonomy":"post_tag","embeddable":true,"href":"http:\/\/fmriachuelo.it10.com.ar\/index.php\/wp-json\/wp\/v2\/tags?post=1513"}],"curies":[{"name":"wp","href":"https:\/\/api.w.org\/{rel}","templated":true}]}}