{"id":1511,"date":"2015-12-24T19:48:00","date_gmt":"2015-12-24T19:48:00","guid":{"rendered":"http:\/\/fmriachuelo.observatorioess.org.ar\/index.php\/2015\/12\/24\/represion-a-la-protesta-de-los-trabajadores-de-cresta-roja\/"},"modified":"2015-12-24T19:48:00","modified_gmt":"2015-12-24T19:48:00","slug":"represion-a-la-protesta-de-los-trabajadores-de-cresta-roja","status":"publish","type":"post","link":"http:\/\/fmriachuelo.it10.com.ar\/index.php\/2015\/12\/24\/represion-a-la-protesta-de-los-trabajadores-de-cresta-roja\/","title":{"rendered":"REPRESI\u00d3N A LA PROTESTA DE LOS TRABAJADORES DE CRESTA ROJA"},"content":{"rendered":"<p><span style=\"color: red;font-family: Verdana, sans-serif;font-size: large\"><span style=\"color: black\"><span style=\"font-size: small\">MINISTERIO DE SEGURIDAD DE LA NACI\u00d3N:<\/span><\/span><b>&nbsp;<\/b><\/span><br \/><span style=\"color: red;font-family: Verdana, sans-serif;font-size: large\"><b>ORDENA REPRESI\u00d3N DE TRABAJADORES<\/b><\/span><\/p>\n<div style=\"clear: both;text-align: center\"><a href=\"http:\/\/4.bp.blogspot.com\/-wSkju2aC-lw\/Vn2b9JmkZ7I\/AAAAAAAAHso\/aRKvdkP5tBI\/s1600\/REPRESION.jpg\" style=\"clear: left;float: left;margin-bottom: 1em;margin-right: 1em\"><img loading=\"lazy\" decoding=\"async\" border=\"0\" height=\"54\" src=\"http:\/\/4.bp.blogspot.com\/-wSkju2aC-lw\/Vn2b9JmkZ7I\/AAAAAAAAHso\/aRKvdkP5tBI\/s200\/REPRESION.jpg\" width=\"200\" \/><\/a><\/div>\n<div style=\"text-align: justify\"><span style=\"font-family: Verdana, sans-serif\">[FMR 24\/12\/15] En lo que parece constituir una pol\u00edtica del Estado Nacional un conjunto de organizaciones sociales mostr\u00f3 un fuerte rechazo y solidaridad con los trabajadores que luchan por conservar sus leg\u00edtimos derechos y la posibilidad de una vida digna basada en el trabajo. El gobierno nacional se expres\u00f3 en la voz de sus distintos ministros y representantes con la firme intenci\u00f3n de avanzar en las pol\u00edticas represivas sobre las clases populares y trabajadores, lo que hace recordar a la feroz dictadura militar.<\/span><br \/><a name='more'><\/a><\/div>\n<div><span style=\"font-family: Verdana, sans-serif\">[ANRED&nbsp;22 de diciembre de 2015]Tras montar un imponente operativo ayer por la noche, la Gendarmer\u00eda reprimi\u00f3 y desaloj\u00f3 violentamente el corte que los trabajadores estaban realizando sobre la autopista Ricchieri &#8211; a la altura de la entrada al Aeropuerto Internacional de Ezeiza &#8211; en defensa de 5 mil puestos de trabajo. Los gendarmes avanzaron sobre los manifestantes a los golpes con el apoyo de camiones hidrantes. Hasta el momento los empleados de la empresa av\u00edcola siguen sin tener ning\u00fan tipo de respuesta sobre los sueldos atrasados y la continuidad laboral. \u00abPeleamos por los puestos de trabajo, queremos una navidad en paz\u00bb, asegur\u00f3 uno de los delegados gremiales. ACTUALIZACI\u00d3N 14.10hs: Gendarmer\u00eda volvi\u00f3 a reprimir con balas de goma y un cami\u00f3n hidrante a los trabajadores de Cresta Roja, ahora acompa\u00f1ados por otras comisiones internas y delegados de otros conflictos laborales. Ampliaremos.<\/span><\/div>\n","protected":false},"excerpt":{"rendered":"<p>MINISTERIO DE SEGURIDAD DE LA NACI\u00d3N:&nbsp;ORDENA REPRESI\u00d3N DE TRABAJADORES [FMR 24\/12\/15] En lo que parece constituir una pol\u00edtica del Estado Nacional un conjunto de organizaciones sociales mostr\u00f3 un fuerte rechazo y solidaridad con los trabajadores que luchan por conservar sus leg\u00edtimos derechos y la posibilidad de una vida digna basada en el trabajo. El gobierno [&hellip;]<\/p>\n","protected":false},"author":4,"featured_media":0,"comment_status":"open","ping_status":"open","sticky":false,"template":"","format":"standard","meta":{"_monsterinsights_skip_tracking":false,"_monsterinsights_sitenote_active":false,"_monsterinsights_sitenote_note":"","_monsterinsights_sitenote_category":0,"jnews-multi-image_gallery":[],"jnews_single_post":[],"jnews_primary_category":[],"_joinchat":[],"footnotes":""},"categories":[1],"tags":[],"class_list":["post-1511","post","type-post","status-publish","format-standard","hentry","category-habitat"],"_links":{"self":[{"href":"http:\/\/fmriachuelo.it10.com.ar\/index.php\/wp-json\/wp\/v2\/posts\/1511","targetHints":{"allow":["GET"]}}],"collection":[{"href":"http:\/\/fmriachuelo.it10.com.ar\/index.php\/wp-json\/wp\/v2\/posts"}],"about":[{"href":"http:\/\/fmriachuelo.it10.com.ar\/index.php\/wp-json\/wp\/v2\/types\/post"}],"author":[{"embeddable":true,"href":"http:\/\/fmriachuelo.it10.com.ar\/index.php\/wp-json\/wp\/v2\/users\/4"}],"replies":[{"embeddable":true,"href":"http:\/\/fmriachuelo.it10.com.ar\/index.php\/wp-json\/wp\/v2\/comments?post=1511"}],"version-history":[{"count":0,"href":"http:\/\/fmriachuelo.it10.com.ar\/index.php\/wp-json\/wp\/v2\/posts\/1511\/revisions"}],"wp:attachment":[{"href":"http:\/\/fmriachuelo.it10.com.ar\/index.php\/wp-json\/wp\/v2\/media?parent=1511"}],"wp:term":[{"taxonomy":"category","embeddable":true,"href":"http:\/\/fmriachuelo.it10.com.ar\/index.php\/wp-json\/wp\/v2\/categories?post=1511"},{"taxonomy":"post_tag","embeddable":true,"href":"http:\/\/fmriachuelo.it10.com.ar\/index.php\/wp-json\/wp\/v2\/tags?post=1511"}],"curies":[{"name":"wp","href":"https:\/\/api.w.org\/{rel}","templated":true}]}}