{"id":15101,"date":"2022-04-25T21:36:46","date_gmt":"2022-04-25T21:36:46","guid":{"rendered":"http:\/\/fmriachuelo.com.ar\/?p=15101"},"modified":"2025-04-01T15:35:30","modified_gmt":"2025-04-01T18:35:30","slug":"rio-parana-si-no-escuchan-a-los-trabajadores-no-hay-posibilidad-de-defensa-de-nuestro-territorio","status":"publish","type":"post","link":"http:\/\/fmriachuelo.it10.com.ar\/index.php\/2022\/04\/25\/rio-parana-si-no-escuchan-a-los-trabajadores-no-hay-posibilidad-de-defensa-de-nuestro-territorio\/","title":{"rendered":"R\u00cdO PARAN\u00c1: \u201cSI NO ESCUCHAN A LOS TRABAJADORES, NO HAY POSIBILIDAD DE DEFENSA DE NUESTRO TERRITORIO\u201d"},"content":{"rendered":"<p><b>[FM Riachuelo, 25\/4\/2022] Hace 26 a\u00f1os que la soberan\u00eda de nuestros r\u00edos est\u00e1 en manos extranjeras: el dragado del r\u00edo Paran\u00e1 ha estado a cargo de la empresa Belga Jan De Nul, y desde entonces se mantiene la matriz menemista en el sistema de concesi\u00f3n y licitaciones de car\u00e1cter internacional y nacional a empresas privadas y extranjeras. Carina Maloberti, secretaria general de ATE SENASA, aport\u00f3 su mirada sobre este momento en que, con el vencimiento de la concesi\u00f3n, se presenta una oportunidad hist\u00f3rica de recuperar nuestros r\u00edos y mares.<\/b><\/p>\n<p>&nbsp;<\/p>\n<p><span style=\"font-weight: 400\">En el 2019 la concesi\u00f3n de la mal llamada Hidrov\u00eda se venci\u00f3 y abri\u00f3 el debate sobre\u00a0 la importancia nacional y estrat\u00e9gica de recuperar y defender la soberan\u00eda\u00a0 de nuestras aguas. Trabajadores estatales, fluviales y movimientos sociales pusieron arriba de la mesa la importancia de la defensa del R\u00edo Paran\u00e1 y el canal Magdalena; por la defensa de la Soberan\u00eda Mar\u00edtima, Fluvial, la industria Naval y del trabajo Argentino.<\/span><\/p>\n<p><span style=\"font-weight: 400\">Carina Maloberti, secretaria general de ATE SENASA, en di\u00e1logo con la FM Riachuelo, se expres\u00f3 sobre el contexto en que se da el debate alrededor de la soberan\u00eda de nuestras aguas: \u201c<\/span><i><span style=\"font-weight: 400\">Ante los embates del saqueo,\u00a0 de la desindustrializaci\u00f3n, del sometimiento y la colonizaci\u00f3n de nuestro territorio, y en nuestras aguas sobre todo donde los recursos ict\u00edcolas, los recursos de nuestras v\u00edas navegables que nos integran y nos unen, no solo hacia el norte con toda nuestra patria grande sino hacia el sur con nuestras Islas Malvinas\u00a0est\u00e1 en riesgo. Esto nos pone en jaque a una desintegraci\u00f3n territorial de sometimiento, una nueva colonizaci\u00f3n\u00a0 en esta etapa superior de un capitalismo que se concentra a\u00fan m\u00e1s que ha declarado la guerra a los pueblos abiertamente, y que en esta etapa imperial est\u00e1 decidido a ir por todo, necesitamos mucha m\u00e1s fuerza organizada en unidad\u00a0 con mayores actores dispuestos, construyendo capacidades para la defensa de nuestro pueblo y de nuestro pa\u00eds\u201d.<\/span><\/i><\/p>\n<p><span style=\"font-weight: 400\">Es por eso que Movimientos Populares, Sindicales y Trabajadores del Estado en su conjunto viene dando la batalla por la defensa y la recuperaci\u00f3n de nuestras v\u00edas navegables, organiz\u00e1ndose en unidad con la convicci\u00f3n intacta\u00a0 de que la lucha vale la pena. Cientos de jornadas y movilizaciones a lo largo y ancho del pa\u00eds se vienen llevando adelante hace tiempo, exigiendo la derogaci\u00f3n del decreto 949, que las v\u00edas navegables, el dragado y balizamiento vuelvan a manos del estado, que las grandes exportadoras no sigan privatizando nuestros puertos para abaratar sus costos, recuperar la industria naval y el manejo estatal del comercio exterior.<\/span><\/p>\n<p><span style=\"font-weight: 400\">El pasado mi\u00e9rcoles\u00a0 frente a la sede\u00a0 del Ministerio de Transporte (Av. Paseo Col\u00f3n 315) se realiz\u00f3 una movilizaci\u00f3n de diversas organizaciones gremiales, sociales y pol\u00edticas en defensa del R\u00edo Paran\u00e1 y el Canal Magdalena, tambi\u00e9n en Rosario y en otros puertos a los largo del Paran\u00e1, ya que fue una marcha de car\u00e1cter nacional.<\/span><\/p>\n<p><span style=\"font-weight: 400\">Seg\u00fan la dirigente, el rol de los trabajadores y trabajadoras es fundamental para la defensa de nuestros territorios nacionales: \u201c<\/span><i><span style=\"font-weight: 400\">Es en nuestros puertos por donde desangran a nuestro pa\u00eds donde los alimentos se venden a precios internacionales nos hambrean, y mientras tanto los granos, lo m\u00e1s preciado de nuestros alimentos salen hacia potencias extranjeras dej\u00e1ndonos miseria, desocupaci\u00f3n, hambre y muerte. Es por eso que estamos llamados a defender hacia el norte todo el R\u00edo Paran\u00e1 y hacia el sur tambi\u00e9n todas nuestras costas. Hay que unificar y hacerles entender a los que tienen la decisi\u00f3n pol\u00edtica, sindical, aquellos que tiene lugar en las mesas de negociaci\u00f3n con el poder de turno, que si no escuchan a nuestro pueblo trabajador y humilde que est\u00e1 haciendo patria a lo largo de toda la costa fluvial y mar\u00edtima, a los trabajadores del estado y trabajadores de la pesca artesanal, no hay posibilidad de defensa de nuestro territorio<\/span><\/i><span style=\"font-weight: 400\">\u201d.<\/span><\/p>\n<p><span style=\"font-weight: 400\">Esta batalla no est\u00e1 perdida siempre y cuando se contin\u00fae fortaleciendo la construcci\u00f3n hacia la soberan\u00eda y se tomen decisiones urgentes. As\u00ed concluy\u00f3 Maloberti: \u201c<\/span><i><span style=\"font-weight: 400\">Falta que haya m\u00e1s pueblo en las decisiones pol\u00edticas, en las mesas de decisi\u00f3n del presupuesto nacional, en las mesas de los ministerios de transporte, de producci\u00f3n. Que haya espacios concretos para entender que, en un mundo donde no quieren que haya m\u00e1s trabajo formal y que quiere mantener la desindustrializaci\u00f3n de nuestro pa\u00eds, nuestro pueblo ya est\u00e1 recuperando los medios de producci\u00f3n para poder inventarse el laburo: all\u00ed est\u00e1n las capacidades para recuperar trabajo genuino. Nuestro pueblo ya est\u00e1 sobreviviendo, no tiene m\u00e1s que perder m\u00e1s que todo por conquistar y ganar. Para nosotros ya no solo es la supervivencia, es una cuesti\u00f3n de defensa nacional\u201d.<\/span><\/i><\/p>\n<p>&nbsp;<\/p>\n","protected":false},"excerpt":{"rendered":"<p>[FM Riachuelo, 25\/4\/2022] Hace 26 a\u00f1os que la soberan\u00eda de nuestros r\u00edos est\u00e1 en manos extranjeras: el dragado del r\u00edo Paran\u00e1 ha estado a cargo de la empresa Belga Jan De Nul, y desde entonces se mantiene la matriz menemista en el sistema de concesi\u00f3n y licitaciones de car\u00e1cter internacional y nacional a empresas privadas [&hellip;]<\/p>\n","protected":false},"author":5,"featured_media":15102,"comment_status":"closed","ping_status":"closed","sticky":false,"template":"","format":"standard","meta":{"_monsterinsights_skip_tracking":false,"_monsterinsights_sitenote_active":false,"_monsterinsights_sitenote_note":"","_monsterinsights_sitenote_category":0,"jnews-multi-image_gallery":[],"jnews_single_post":{"format":"standard"},"jnews_primary_category":[],"_joinchat":[],"footnotes":""},"categories":[58],"tags":[154,191,65],"class_list":["post-15101","post","type-post","status-publish","format-standard","has-post-thumbnail","hentry","category-noticiariachuelo","tag-economia-popular-2","tag-madie-se-salva-solo","tag-soberania"],"_links":{"self":[{"href":"http:\/\/fmriachuelo.it10.com.ar\/index.php\/wp-json\/wp\/v2\/posts\/15101","targetHints":{"allow":["GET"]}}],"collection":[{"href":"http:\/\/fmriachuelo.it10.com.ar\/index.php\/wp-json\/wp\/v2\/posts"}],"about":[{"href":"http:\/\/fmriachuelo.it10.com.ar\/index.php\/wp-json\/wp\/v2\/types\/post"}],"author":[{"embeddable":true,"href":"http:\/\/fmriachuelo.it10.com.ar\/index.php\/wp-json\/wp\/v2\/users\/5"}],"replies":[{"embeddable":true,"href":"http:\/\/fmriachuelo.it10.com.ar\/index.php\/wp-json\/wp\/v2\/comments?post=15101"}],"version-history":[{"count":1,"href":"http:\/\/fmriachuelo.it10.com.ar\/index.php\/wp-json\/wp\/v2\/posts\/15101\/revisions"}],"predecessor-version":[{"id":22232,"href":"http:\/\/fmriachuelo.it10.com.ar\/index.php\/wp-json\/wp\/v2\/posts\/15101\/revisions\/22232"}],"wp:featuredmedia":[{"embeddable":true,"href":"http:\/\/fmriachuelo.it10.com.ar\/index.php\/wp-json\/"}],"wp:attachment":[{"href":"http:\/\/fmriachuelo.it10.com.ar\/index.php\/wp-json\/wp\/v2\/media?parent=15101"}],"wp:term":[{"taxonomy":"category","embeddable":true,"href":"http:\/\/fmriachuelo.it10.com.ar\/index.php\/wp-json\/wp\/v2\/categories?post=15101"},{"taxonomy":"post_tag","embeddable":true,"href":"http:\/\/fmriachuelo.it10.com.ar\/index.php\/wp-json\/wp\/v2\/tags?post=15101"}],"curies":[{"name":"wp","href":"https:\/\/api.w.org\/{rel}","templated":true}]}}