{"id":1509,"date":"2015-12-26T17:53:00","date_gmt":"2015-12-26T17:53:00","guid":{"rendered":"http:\/\/fmriachuelo.observatorioess.org.ar\/index.php\/2015\/12\/26\/intervencion-al-afsca-y-aftic-repercusiones\/"},"modified":"2015-12-26T17:53:00","modified_gmt":"2015-12-26T17:53:00","slug":"intervencion-al-afsca-y-aftic-repercusiones","status":"publish","type":"post","link":"http:\/\/fmriachuelo.it10.com.ar\/index.php\/2015\/12\/26\/intervencion-al-afsca-y-aftic-repercusiones\/","title":{"rendered":"INTERVENCI\u00d3N AL AFSCA Y AFTIC: REPERCUSIONES"},"content":{"rendered":"<p><span style=\"font-family: Verdana, sans-serif\"><span style=\"color: red;font-size: large\"><b>AVANCE AUTORITARIO<\/b><\/span><br \/>DEBATES DETR\u00c1S DE LAS INTERVENCIONES DE AFSCA y AFTIC<\/span><\/p>\n<div style=\"text-align: justify\"><a href=\"http:\/\/4.bp.blogspot.com\/-ZMVAkuQYzmk\/Vn7TPOJKiTI\/AAAAAAAAHs8\/dHkittj2Z2s\/s1600\/AFSCA4.jpg\" style=\"clear: left;float: left;margin-bottom: 1em;margin-right: 1em;text-align: center\"><img loading=\"lazy\" decoding=\"async\" border=\"0\" height=\"122\" src=\"http:\/\/4.bp.blogspot.com\/-ZMVAkuQYzmk\/Vn7TPOJKiTI\/AAAAAAAAHs8\/dHkittj2Z2s\/s200\/AFSCA4.jpg\" width=\"200\" \/><\/a><span style=\"font-family: Verdana, sans-serif\"><span style=\"font-size: x-small\">[Por Mart\u00edn Azcurra \/ Fotos: Laura Salom\u00e9 Canteros]<\/span><\/span><\/div>\n<div style=\"text-align: justify\"><span style=\"font-family: Verdana, sans-serif\"><\/span><\/div>\n<div style=\"text-align: justify\"><span style=\"font-family: Verdana, sans-serif\">Cautelares, atrincheramiento, consenso\u2026 la \u00faltima resoluci\u00f3n del presidente Mauricio Macri de intervenir a la Autoridad Federal de Servicios de Comunicaci\u00f3n Audiovisual (AFSCA) por decreto, otra vez, pone sobre la mesa ejes que requieren nuevas estrategias.<\/span><\/div>\n<p><span style=\"font-family: Verdana, sans-serif\"> <\/p>\n<div style=\"text-align: justify\"><a name='more'><\/a>El avance autoritario sobre los organismos \u201caut\u00e1rquicos\u201d de regulaci\u00f3n de las comunicaciones y la iniciativa de convergencia entre ambos, cada uno con sus respectivas leyes surgidas durante el kirchnerismo, pero que fueron discutidas en el Congreso, revela un modus operandis in\u00e9dito en la Argentina.<\/div>\n<p><\/span><\/p>\n<div style=\"text-align: justify\"><span style=\"font-family: Verdana, sans-serif\">No alcanzan las medidas cautelares, no alcanzan las denuncias, las movilizaciones, ni siquiera la incipiente unidad entre las organizaciones, para torcer en lo m\u00e1s m\u00ednimo ninguna decisi\u00f3n. La avalancha de Decretos, la complicidad de jueces, las intervenciones, los allanamientos, la represi\u00f3n y la amenaza de seguir reprimiendo; y lo peor de todo, las conferencias de prensa sin pelos en la lengua, muestran que la derecha supo construir una s\u00f3lida base de consenso durante los \u00faltimos a\u00f1os, a diferencia de la izquierda y el progresismo, que al parecer se muestra ajena a esta disputa.<\/span><\/div>\n<div style=\"text-align: justify\"><span style=\"font-family: Verdana, sans-serif\">Hoy, en apenas dos semanas de gobierno, el equipo de funcionarios de Mauricio Macri se dispone a barrer de un plumazo lo que llev\u00f3 a\u00f1os de debate y consideraci\u00f3n, y que se encontraba a mitad de camino de su ejecuci\u00f3n, la Ley de Servicios de Comunicaci\u00f3n Audiovisual (LSCA \u2013 mal llamada, Ley De Medios), como cuerpo de ideas que expresan una advertencia social central: \u201cLos monopolios medi\u00e1ticos pueden voltear o crear un gobierno\u201d. Detr\u00e1s de esta Ley, muy atr\u00e1s, se encuentra la AFSCA (de d\u00e9bil gesti\u00f3n, pero que abri\u00f3 puertas que estaban cerradas con llave) y la reciente AFTIC, e incluso m\u00e1s atr\u00e1s la Ley Argentina Digital. Es cierto, al grupo Clar\u00edn le interesa mucho esta \u00faltima ley, porque le permite expandir los negocios m\u00e1s grandes con respecto a la banda ancha y las telecomunicaciones, sin mencionar el inmenso poder que eso contiene. Pero m\u00e1s cierto es que el grupo Clar\u00edn lo que m\u00e1s quiere, lo que viene so\u00f1ando desde hace a\u00f1os, es derribar esa idea central que expresa la LSCA.<\/span><\/div>\n","protected":false},"excerpt":{"rendered":"<p>AVANCE AUTORITARIODEBATES DETR\u00c1S DE LAS INTERVENCIONES DE AFSCA y AFTIC [Por Mart\u00edn Azcurra \/ Fotos: Laura Salom\u00e9 Canteros] Cautelares, atrincheramiento, consenso\u2026 la \u00faltima resoluci\u00f3n del presidente Mauricio Macri de intervenir a la Autoridad Federal de Servicios de Comunicaci\u00f3n Audiovisual (AFSCA) por decreto, otra vez, pone sobre la mesa ejes que requieren nuevas estrategias. El avance [&hellip;]<\/p>\n","protected":false},"author":4,"featured_media":0,"comment_status":"open","ping_status":"open","sticky":false,"template":"","format":"standard","meta":{"_monsterinsights_skip_tracking":false,"_monsterinsights_sitenote_active":false,"_monsterinsights_sitenote_note":"","_monsterinsights_sitenote_category":0,"jnews-multi-image_gallery":[],"jnews_single_post":[],"jnews_primary_category":[],"_joinchat":[],"footnotes":""},"categories":[77],"tags":[],"class_list":["post-1509","post","type-post","status-publish","format-standard","hentry","category-soberania"],"_links":{"self":[{"href":"http:\/\/fmriachuelo.it10.com.ar\/index.php\/wp-json\/wp\/v2\/posts\/1509","targetHints":{"allow":["GET"]}}],"collection":[{"href":"http:\/\/fmriachuelo.it10.com.ar\/index.php\/wp-json\/wp\/v2\/posts"}],"about":[{"href":"http:\/\/fmriachuelo.it10.com.ar\/index.php\/wp-json\/wp\/v2\/types\/post"}],"author":[{"embeddable":true,"href":"http:\/\/fmriachuelo.it10.com.ar\/index.php\/wp-json\/wp\/v2\/users\/4"}],"replies":[{"embeddable":true,"href":"http:\/\/fmriachuelo.it10.com.ar\/index.php\/wp-json\/wp\/v2\/comments?post=1509"}],"version-history":[{"count":0,"href":"http:\/\/fmriachuelo.it10.com.ar\/index.php\/wp-json\/wp\/v2\/posts\/1509\/revisions"}],"wp:attachment":[{"href":"http:\/\/fmriachuelo.it10.com.ar\/index.php\/wp-json\/wp\/v2\/media?parent=1509"}],"wp:term":[{"taxonomy":"category","embeddable":true,"href":"http:\/\/fmriachuelo.it10.com.ar\/index.php\/wp-json\/wp\/v2\/categories?post=1509"},{"taxonomy":"post_tag","embeddable":true,"href":"http:\/\/fmriachuelo.it10.com.ar\/index.php\/wp-json\/wp\/v2\/tags?post=1509"}],"curies":[{"name":"wp","href":"https:\/\/api.w.org\/{rel}","templated":true}]}}