{"id":15077,"date":"2022-04-24T21:41:49","date_gmt":"2022-04-24T21:41:49","guid":{"rendered":"http:\/\/fmriachuelo.com.ar\/?p=15077"},"modified":"2025-04-01T15:39:19","modified_gmt":"2025-04-01T18:39:19","slug":"ii-encuentro-nacional-de-la-ritep","status":"publish","type":"post","link":"http:\/\/fmriachuelo.it10.com.ar\/index.php\/2022\/04\/24\/ii-encuentro-nacional-de-la-ritep\/","title":{"rendered":"II ENCUENTRO NACIONAL DE LA RITEP"},"content":{"rendered":"<p><b>[FM Riachuelo, 23\/4\/2021] El jueves 21 de abril se desarroll\u00f3 el II Encuentro Nacional Red de Intercambio T\u00e9cnico con la Econom\u00eda Popular (RITEP) en la Universidad Nacional de C\u00f3rdoba. Participaron del mismo universidades de todo el pa\u00eds e Institutos Del Estado, como el INTI, el INET, el INAES, a la vez que productores y trabajadores de la Econom\u00eda Popular y referentes sociales junto a cooperativistas de todo el pa\u00eds.<\/b><\/p>\n<p><span style=\"font-weight: 400\">La <\/span><b>RITEP<\/b><span style=\"font-weight: 400\"> se cre\u00f3 en 2017 buscando <\/span><b>generar un espacio de intercambio entre el saber t\u00e9cnico-popular de las personas que integran el universo de la Econom\u00eda Popular y el saber de quienes forman parte del sistema cient\u00edfico-t\u00e9cnico<\/b><span style=\"font-weight: 400\">, en universidades y otras instituciones integrantes del Sistema Nacional de Ciencia, Tecnolog\u00eda e Innovaci\u00f3n (SNCTI), con el fin de mejorar las condiciones laborales y de vida del sector.<\/span><\/p>\n<p><span style=\"font-weight: 400\">En este II Encuentro Nacional, se intercambiaron experiencias, ideas y reflexiones en torno a tres paneles: <\/span><b>1) Casos Paradigm\u00e1ticos de Intercambio T\u00e9cnico con la Econom\u00eda Popular, 2) Tem\u00e1ticas Transversales de la Econom\u00eda Popular y 3) Caracterizaci\u00f3n, problem\u00e1ticas y desaf\u00edos de las distintas ramas de la Econom\u00eda Popular.<\/b><\/p>\n<p><span style=\"font-weight: 400\"><img loading=\"lazy\" decoding=\"async\" class=\"size-full wp-image-15079 alignleft\" src=\"http:\/\/fmriachuelo.com.ar\/wp-content\/uploads\/2022\/04\/foto-1.jpg\" alt=\"\" width=\"299\" height=\"168\" \/><\/span><\/p>\n<p>&nbsp;<\/p>\n<p><span style=\"font-weight: 400\">A continuaci\u00f3n, les proponemos un breve recorrido por algunas mesas que reflejaron las experiencias presentadas respecto a la tem\u00e1tica propuesta en los tres paneles que se desarrollaron a lo largo de esta extensa jornada.\u00a0<\/span><\/p>\n<p>&nbsp;<\/p>\n<p>&nbsp;<\/p>\n<p><b>PANEL 1: CASOS PARADIGM\u00c1TICOS DE INTERCAMBIO T\u00c9CNICO CON LA ECONOM\u00cdA POPULAR<\/b><\/p>\n<p><span style=\"font-weight: 400\">Participaron varias cooperativas presentando experiencias donde el intercambio t\u00e9cnico les permiti\u00f3 avanzar en proyectos de reciclado y cuidado del ambiente, la producci\u00f3n de H\u00e1bitat Popular y urbanizaci\u00f3n, como tambi\u00e9n una experiencia dedicada al cuidado de ni\u00f1os, ni\u00f1as, adultos mayores y enfermos.<\/span><\/p>\n<p><b>Agustina Murcio, <\/b><span style=\"font-weight: 400\">Presidenta de la <\/span><b>Cooperativa de Trabajo Felipe Varela, <\/b><span style=\"font-weight: 400\">quienes se dedican a la producci\u00f3n de H\u00e1bitat Popular y urbanizaci\u00f3n, destaca que se realizaron varios talleres que prepararon a lxs compa\u00f1erxs (80% mujeres) para diversas actividades necesarias en el barrio, y se conformaron equipos multitarea para resolver las necesidades de infraestructura. \u201c<\/span><i><span style=\"font-weight: 400\">Se presentan proyectos en la <\/span><\/i><b><i>Secretar\u00eda de Integraci\u00f3n Socio Urbana <\/i><\/b><i><span style=\"font-weight: 400\">para poder obtener la ayuda necesaria del Estado, aunque \u00e9ste <\/span><\/i><b><i>sigue licitando las obras m\u00e1s importantes a empresas privadas a pesar de que la cooperativa cuenta con las capacidades para realizarlas\u201d<\/i><\/b><span style=\"font-weight: 400\">, agreg\u00f3.<\/span><\/p>\n<p>&nbsp;<\/p>\n<p><b>PANEL 2: TEM\u00c1TICAS TRANSVERSALES DE LA ECONOM\u00cdA POPULAR<\/b><\/p>\n<p><img loading=\"lazy\" decoding=\"async\" class=\" wp-image-15080 aligncenter\" src=\"http:\/\/fmriachuelo.com.ar\/wp-content\/uploads\/2022\/04\/foto-2-300x120.jpg\" alt=\"\" width=\"390\" height=\"156\" \/><\/p>\n<p><span style=\"font-weight: 400\">En este panel<\/span> <span style=\"font-weight: 400\">se debati\u00f3 sobre la Productividad de la Econom\u00eda Popular, el Desarrollo y apropiaci\u00f3n de herramientas digitales para la Econom\u00eda Popular, el Fortalecimiento de la dimensi\u00f3n t\u00e9cnico-productiva de la Econom\u00eda Popular y tambi\u00e9n sobre la Organizaci\u00f3n interna de las Unidades Productivas.<\/span><\/p>\n<p><span style=\"font-weight: 400\">Sobre la<\/span> <span style=\"font-weight: 400\">organizaci\u00f3n interna de la Unidades Productivas<\/span><b>, Facundo Harguinteguy,<\/b><span style=\"font-weight: 400\"> vicedecano del <\/span><b>Departamento de Ciencias Sociales de la Universidad Nacional de Avellaneda (UNDAV)<\/b><span style=\"font-weight: 400\">, expres\u00f3 que no es posible sostener un modelo \u201cestandarizado\u201d a seguir de organizaci\u00f3n interna ya que en general este puede sufrir modificaciones debido a la crisis econ\u00f3mico-social que atraviesa al pa\u00eds y el mundo. <\/span><i><span style=\"font-weight: 400\">\u201cEstamos inmersos en un modelo que est\u00e1 en crisis, una crisis civilizatoria\u201d,<\/span><\/i><span style=\"font-weight: 400\"> sostuvo. <\/span><i><span style=\"font-weight: 400\">\u201cHay una falencia de imaginaci\u00f3n pol\u00edtica, tanto en la pol\u00edtica de palacio como en la pol\u00edtica acad\u00e9mica. <\/span><\/i><b><i>La adaptaci\u00f3n y las transformaciones que se dan en la Econom\u00eda Popular son m\u00e1s r\u00e1pidas que lo que se escribe o se estudia a trav\u00e9s de las academias o de los distintos sistemas pol\u00edticos burocr\u00e1ticos<\/i><\/b><i><span style=\"font-weight: 400\">.\u201d<\/span><\/i><\/p>\n<p><span style=\"font-weight: 400\">Tambi\u00e9n retom\u00f3 el mensaje del <\/span><b>Papa Francisco: \u201c<\/b><b><i>la realidad es superior a la idea<\/i><\/b><b>\u201d,<\/b><span style=\"font-weight: 400\"> y expres\u00f3 que esa realidad de los barrios termina demostrando que as\u00ed sucede: <\/span><i><span style=\"font-weight: 400\">\u201cen varios casos los proyectos se truncan por distintas situaciones problem\u00e1ticas que atraviesan las poblaciones de los distintos territorios y que deben ser resueltos de forma urgente. Por ejemplo: un emprendimiento ten\u00eda planificado un bar pero con la llegada de la pandemia lo reconvertimos en un comedor con una olla popular.<\/span><\/i> <b><i>Hay que privilegiar los procesos antes que la ocupaci\u00f3n de los espacio, dice el Papa Francisco<\/i><\/b><i><span style=\"font-weight: 400\">\u201d.\u00a0\u00a0<\/span><\/i><\/p>\n<p><span style=\"font-weight: 400\">Para cerrar destac\u00f3 que <\/span><b>la potencia est\u00e1 en la visi\u00f3n pol\u00edtica que tienen las organizaciones para llevar adelante los proyectos que planifican<\/b><span style=\"font-weight: 400\">: <\/span><i><span style=\"font-weight: 400\">\u201cHay que fortalecer esa potencia pol\u00edtica, fortalecer los espacios de debate y discusi\u00f3n pol\u00edtica, como\u00a0 las asambleas\u201d.<\/span><\/i><\/p>\n<p><b>PANEL 3<\/b><span style=\"font-weight: 400\">: <\/span><b>CARACTERIZACI\u00d3N, PROBLEM\u00c1TICAS Y DESAF\u00cdOS DE LAS DISTINTAS RAMAS DE LA ECONOM\u00cdA POPULAR<\/b><\/p>\n<p><span style=\"font-weight: 400\">En este panel, se presentaron experiencias en torno a Recuperaci\u00f3n, Reciclado y Servicios Ambientales; Comercio Popular y Trabajos en Espacios P\u00fablicos; Construcci\u00f3n e Infraestructura Social y Mejoramiento Ambiental; Transporte y Almacenamiento; Industria Manufacturera y Servicios Socio-Comunitarios.<\/span><\/p>\n<p><span style=\"font-weight: 400\">Dentro de la rama de servicios ambientales <\/span><b>Ignacio Andr\u00e9s, <\/b><span style=\"font-weight: 400\">presidente de la Federaci\u00f3n Argentina de Cartoneros, Carreros y Recicladores de C\u00f3rdoba, plante\u00f3 que <\/span><b>faltan cuestiones estructurales por parte del Estado para garantizar que el trabajo que hacen los cartoneros sea reconocido otorgando derechos a los trabajadores<\/b><span style=\"font-weight: 400\"> que hace a\u00f1os vienen desarrollando esta actividad. <\/span><i><span style=\"font-weight: 400\">\u201cNo puede solucionarse todo con un bono. Necesitamos amplificar y diversificar la matriz productiva, para que no sea solamente basada en el negocio agroexportador, el negocio de la energ\u00eda y la miner\u00eda. Hay que redistribuir derechos y no privilegios\u201d.<\/span><\/i> <b><i>\u201cEs imprescindible que se reconozca al cartonero como una persona que realiza un servicio ambiental, un trabajador del cuidado del ambiente\u201d<\/i><\/b><span style=\"font-weight: 400\">, concluy\u00f3.<\/span><\/p>\n<p><span style=\"font-weight: 400\">En la mesa de servicios socio comunitarios <\/span><b>Lito Borello<\/b><span style=\"font-weight: 400\">, secretario de DDHH de la UTEP, comenz\u00f3 su exposici\u00f3n con una caracterizaci\u00f3n de la situaci\u00f3n actual, recordando el Segundo Encuentro de Movimientos Populares en Santa Cruz de la Sierra, Bolivia (2015), donde el <\/span><b>Papa Francisco sostuvo que \u201ceste sistema ya no da m\u00e1s es imprescindible construir otro mundo posible\u201d. <\/b><span style=\"font-weight: 400\">\u00a0Borello expres\u00f3: <\/span><i><span style=\"font-weight: 400\">\u201cEn los \u00faltimos a\u00f1os se ha ponderado el rol y depositado en los Movimientos Populares la esperanza y la expectativa de construir otra sociedad. Una sociedad sin explotados ni explotadores, que permita convivir en armon\u00eda no s\u00f3lo entre la humanidad sino tambi\u00e9n con el medio ambiente.\u201d<\/span><\/i><\/p>\n<p><span style=\"font-weight: 400\">Con respecto a la Econom\u00eda Popular, hizo hincapi\u00e9 en c\u00f3mo \u201calgunos la siguen encasillando en acciones de tipo asistencialista\u201d, y asegur\u00f3 que por el contrario \u201c<\/span><i><span style=\"font-weight: 400\">somos muchos los que venimos diciendo que la Econom\u00eda Popular no es una econom\u00eda para el mientras tanto. Es una econom\u00eda que va sembrando la posibilidad de construir esas otras posibilidades. Y en esto <\/span><\/i><b><i>es imprescindible que tambi\u00e9n los gobiernos entiendan que no hay posibilidad de desarrollar este tipo de procesos asociativos de grupos comunitarios si no hay una pol\u00edtica de ayuda, de promoci\u00f3n, de desarrollo de las pol\u00edticas p\u00fablicas y por lo tanto del coraje y la decisi\u00f3n pol\u00edtica que hace falta para que esto deje de estar en los men\u00fas de las asistencias de tipo social\u201d.<\/i><\/b><\/p>\n<p><span style=\"font-weight: 400\">Sobre la misma l\u00ednea, destac\u00f3: <\/span><i><span style=\"font-weight: 400\">\u201cHoy con casi la mitad de la poblaci\u00f3n bajo la l\u00ednea de la pobreza, es imposible imaginar que el Ministerio de Desarrollo Social siga siendo el encargado de estas tareas. Por lo tanto <\/span><\/i><b><i>seguimos reclamando pol\u00edticas p\u00fablicas,<\/i><\/b> <b><i>que en este sentido se llame Agencia Nacional o se llame Ministerio de la Econom\u00eda Popular, que organice un Estado donde realmente haya un lugar en el que las pol\u00edticas de la econom\u00eda popular puedan estar en el marco de la producci\u00f3n del trabajo y no el de la asistencia.<\/i><\/b><i><span style=\"font-weight: 400\">\u201d<\/span><\/i><\/p>\n<p><span style=\"font-weight: 400\">El dirigente tambi\u00e9n hizo hincapi\u00e9 en una de las tantas tareas que las organizaciones desarrollan, las que tienen que ver con<\/span><b> el problema de las adicciones<\/b><span style=\"font-weight: 400\"> a trav\u00e9s de las <\/span><b>Casas de Atenci\u00f3n y Acompa\u00f1amiento Comunitario (CAAC),<\/b><span style=\"font-weight: 400\"> y al respecto expres\u00f3: <\/span><i><span style=\"font-weight: 400\">\u201cnosotros seguimos sosteniendo que <\/span><\/i><b><i>el problema de las adicciones es un problema pol\u00edtico<\/i><\/b><i><span style=\"font-weight: 400\">. En estas guerras de nuevo tipo que libran los poderosos contra los pueblos, <\/span><\/i><b><i>el narcotr\u00e1fico, la droga y el delito organizado son nuevos modos de destruir el tejido social de nuestros barrios,<\/i><\/b><i><span style=\"font-weight: 400\"> y es imposible seguir teniendo que mendigar recursos para que en las organizaciones comunitarias que llevan adelante esta tarea tengan que hacer este trabajo heroico, casi artesanal a trav\u00e9s de los recursos que se le derivan. Por lo tanto tambi\u00e9n tenemos que decir que no alcanza con la fraseolog\u00eda de decir que somos importantes. <\/span><\/i><b><i>Es necesario que los recursos vayan derivados a las pol\u00edticas p\u00fablicas en este sentido<\/i><\/b><span style=\"font-weight: 400\">\u201d. <\/span><i><span style=\"font-weight: 400\">\u00a0\u00a0<\/span><\/i><\/p>\n<p><span style=\"font-weight: 400\">Por \u00faltimo, concluy\u00f3: <\/span><b><i>\u201cOjal\u00e1 los gobiernos decidan poner los recursos necesarios para que salgamos de que simplemente sigamos teniendo que depender de recursos para pol\u00edticas asistenciales\u201d.<\/i><\/b><\/p>\n<p><span style=\"font-weight: 400\">Por su parte <\/span><b>Norma Morales, <\/b><span style=\"font-weight: 400\">secretaria adjunta de la UTEP y dirigenta nacional de <\/span><b>Barrios de Pie<\/b><span style=\"font-weight: 400\">, hizo referencia a las tareas de cuidado que se realizan desde las organizaciones populares y <\/span><b>la necesidad de que quienes cumplen estas tareas sean reconocidos como trabajadores.<\/b><span style=\"font-weight: 400\"> Destac\u00f3 que se est\u00e1 elaborando un proyecto de ley por medio del cual se reglamente este trabajo, y plante\u00f3 la necesidad de que los pol\u00edticos se pongan a la altura de la situaci\u00f3n y vean la realidad que se est\u00e1 viviendo en los barrios:<\/span><b><i> \u201cHace falta poner en agenda las necesidades del pueblo\u201d.<\/i><\/b><\/p>\n<p><img loading=\"lazy\" decoding=\"async\" class=\"size-medium wp-image-15081 aligncenter\" src=\"http:\/\/fmriachuelo.com.ar\/wp-content\/uploads\/2022\/04\/FOTO-3-300x300.jpg\" alt=\"\" width=\"300\" height=\"300\" \/><\/p>\n<p><b>CIERRE DEL ENCUENTRO<\/b><\/p>\n<p><span style=\"font-weight: 400\">En el cierre del encuentro participaron <\/span><b>Juan Zabaleta, <\/b><span style=\"font-weight: 400\">Ministro de Desarrollo Social de la Naci\u00f3n, <\/span><b>Fernando \u201cChino\u201d Navarro, <\/b><span style=\"font-weight: 400\">Secretario de Relaciones Parlamentarias e Institucionales de la Jefatura de Gabinete de Ministros de la Naci\u00f3n<\/span><b>, Esteban \u201cGringo\u201d Castro <\/b><span style=\"font-weight: 400\">Secretario General de la Uni\u00f3n de Trabajadores y Trabajadoras de la Econom\u00eda Popular (UTEP)<\/span><b>, An\u00edbal Jozami<\/b><span style=\"font-weight: 400\">, Rector Universidad Nacional de Tres de Febrero<\/span> <span style=\"font-weight: 400\">y <\/span><b>Agust\u00edn Salvia, <\/b><span style=\"font-weight: 400\">Investigador Principal CONICET y Coordinador General del Observatorio de la Deuda Social Argentina (ODSA).<\/span><\/p>\n<p><span style=\"font-weight: 400\">Juan Zabaleta destac\u00f3 que este tipo de encuentros sirven para escucharnos, intercambiar y trabajar juntos para acompa\u00f1ar a la Econom\u00eda Popular. En su consideraci\u00f3n, <\/span><b>estos intercambios son muy \u00fatiles para que las distintas experiencias puedan mejorar su producci\u00f3n y as\u00ed logren insertarse en cadenas productivas m\u00e1s complejas y tambi\u00e9n acceder a los canales de comercializaci\u00f3n<\/b><span style=\"font-weight: 400\">. El funcionario expres\u00f3: <\/span><i><span style=\"font-weight: 400\">\u201cLo fundamental es poder escucharnos, sentarnos en una mesa como lo est\u00e1n haciendo ustedes, analizar los problemas y dise\u00f1ar las mejores pol\u00edticas p\u00fablicas que estamos necesitando en \u00e9sta \u00e9poca\u201d.<\/span><\/i><\/p>\n<p><b>El Gringo Castro <\/b><span style=\"font-weight: 400\">agradeci\u00f3 a <\/span><b>Enrique Palmeyro<\/b><span style=\"font-weight: 400\">, director mundial de la fundaci\u00f3n pontificia Scholas Occurrentes,\u00a0 recordando que esta idea de la RITEP casi nace con la creaci\u00f3n de la CTEP y <\/span><b>es de vital importancia que los t\u00e9cnicos y profesionales planteen la idea de intercambio porque est\u00e1n reconociendo un conocimiento del pueblo que debe valorizarse. <\/b><span style=\"font-weight: 400\">El dirigente expres\u00f3:<\/span> <i><span style=\"font-weight: 400\">\u201c<\/span><\/i><b><i>En los momentos m\u00e1s dif\u00edciles del pa\u00eds fue el pueblo, que se asienta en los barrios populares, el que ha garantizado el cuidado, la alimentaci\u00f3n y la vida.<\/i><\/b><i><span style=\"font-weight: 400\"> Y es a partir de ah\u00ed comenzamos con la idea de las unidades productivas y el desarrollo de la Econom\u00eda Popular. <\/span><\/i><b><i>Sin comunidad que se une para atender una crisis, es muy dif\u00edcil pensar en el desarrollo de nuevas unidades productivas.<\/i><\/b><i><span style=\"font-weight: 400\"> Desde los comedores y merenderos, a veces en los lugares m\u00e1s olvidados de nuestro pa\u00eds, han surgido ideas maravillosas que tanto Enrique como todos los profesionales que integran la RITEP est\u00e1n teniendo en cuenta para poder desarrollar una nueva s\u00edntesis de lo que tenemos que hacer para desarrollar la econom\u00eda popular.\u00a0 <\/span><\/i><b><i>Sin la posibilidad de que aquellos que accedieron a una educaci\u00f3n superior, a una educaci\u00f3n universitaria, sin que eso se encuentre con el pueblo que se organiza, que desarrolla y que necesita desarrollar teor\u00eda, sin ese encuentro es muy dif\u00edcil pensar el desarrollo de la Econom\u00eda Popular.<\/i><\/b><i><span style=\"font-weight: 400\">\u201d<\/span><\/i><\/p>\n<p><span style=\"font-weight: 400\">Para el Gringo, el acompa\u00f1amiento del Estado es un factor fundamental. Y cuando uno tiene llegada al Estado es necesario que las cosas cambien. La Academia, el Estado y los compa\u00f1eros que se organizan son las tres patas necesarias para el desarrollo del sector.<\/span><\/p>\n<p><span style=\"font-weight: 400\">Se est\u00e1 profundizando en un debate que se plantea desde la Econom\u00eda Popular. Este debate expresa que ella tambi\u00e9n puede ser parte de la soluci\u00f3n a varios problemas que atraviesa la sociedad, como la concentraci\u00f3n econ\u00f3mica y la decisi\u00f3n de grupos econ\u00f3micos para los que son m\u00e1s importantes las exportaciones que la alimentaci\u00f3n del pueblo. Al respecto, el Gringo concluy\u00f3: <\/span><i><span style=\"font-weight: 400\">\u201c<\/span><\/i><b><i>Para nosotros es fundamental que el concepto que fuimos desarrollando con mucho esfuerzo, con idas y vueltas, con errores y aciertos, de la econom\u00eda popular est\u00e1 teniendo valor, est\u00e1 teniendo el valor que se merece.<\/i><\/b><i><span style=\"font-weight: 400\"> Y\u00a0 finalmente decirles que estoy profundamente agradecido a la creaci\u00f3n RITEP y a su desarrollo y que conf\u00edo plenamente tanto en Enrique, como en los profesionales que la integran porque hemos decidido construir un camino juntos y es lo que estamos haciendo para adelante\u201d.<\/span><\/i><\/p>\n<p><img loading=\"lazy\" decoding=\"async\" class=\"size-medium wp-image-15082 alignleft\" src=\"http:\/\/fmriachuelo.com.ar\/wp-content\/uploads\/2022\/04\/FOTO-INTERNA-300x300.jpg\" alt=\"\" width=\"300\" height=\"300\" \/><\/p>\n<p>&nbsp;<\/p>\n<p><i><span style=\"font-weight: 400\">Podes ver el encuentro completo en los siguientes links<\/span><\/i><a href=\"https:\/\/www.youtube.com\/watch?v=setqRXGmPTc&amp;t=29881s\"> <i><span style=\"font-weight: 400\">https:\/\/www.youtube.com\/watch?v=setqRXGmPTc&amp;t=29881s<\/span><\/i><\/a><\/p>\n<p><a href=\"https:\/\/www.youtube.com\/watch?v=bSHmYyILyKs&amp;t=22985s\"><i><span style=\"font-weight: 400\">https:\/\/www.youtube.com\/watch?v=bSHmYyILyKs&amp;t=22985s<\/span><\/i><\/a><i><span style=\"font-weight: 400\">\u00a0\u00a0<\/span><\/i><\/p>\n<p><span style=\"font-weight: 400\">\u00a0<\/span><\/p>\n","protected":false},"excerpt":{"rendered":"<p>[FM Riachuelo, 23\/4\/2021] El jueves 21 de abril se desarroll\u00f3 el II Encuentro Nacional Red de Intercambio T\u00e9cnico con la Econom\u00eda Popular (RITEP) en la Universidad Nacional de C\u00f3rdoba. Participaron del mismo universidades de todo el pa\u00eds e Institutos Del Estado, como el INTI, el INET, el INAES, a la vez que productores y trabajadores [&hellip;]<\/p>\n","protected":false},"author":5,"featured_media":22480,"comment_status":"closed","ping_status":"closed","sticky":false,"template":"","format":"standard","meta":{"_monsterinsights_skip_tracking":false,"_monsterinsights_sitenote_active":false,"_monsterinsights_sitenote_note":"","_monsterinsights_sitenote_category":0,"jnews-multi-image_gallery":[],"jnews_single_post":{"format":"standard"},"jnews_primary_category":[],"_joinchat":[],"footnotes":""},"categories":[59],"tags":[154,158,162,94,156],"class_list":["post-15077","post","type-post","status-publish","format-standard","has-post-thumbnail","hentry","category-informe-riachuelo","tag-economia-popular-2","tag-educacion-popular-3","tag-salud-comunitaria","tag-soberania-alimentaria","tag-tierra-techo-y-trabajo"],"_links":{"self":[{"href":"http:\/\/fmriachuelo.it10.com.ar\/index.php\/wp-json\/wp\/v2\/posts\/15077","targetHints":{"allow":["GET"]}}],"collection":[{"href":"http:\/\/fmriachuelo.it10.com.ar\/index.php\/wp-json\/wp\/v2\/posts"}],"about":[{"href":"http:\/\/fmriachuelo.it10.com.ar\/index.php\/wp-json\/wp\/v2\/types\/post"}],"author":[{"embeddable":true,"href":"http:\/\/fmriachuelo.it10.com.ar\/index.php\/wp-json\/wp\/v2\/users\/5"}],"replies":[{"embeddable":true,"href":"http:\/\/fmriachuelo.it10.com.ar\/index.php\/wp-json\/wp\/v2\/comments?post=15077"}],"version-history":[{"count":1,"href":"http:\/\/fmriachuelo.it10.com.ar\/index.php\/wp-json\/wp\/v2\/posts\/15077\/revisions"}],"predecessor-version":[{"id":22234,"href":"http:\/\/fmriachuelo.it10.com.ar\/index.php\/wp-json\/wp\/v2\/posts\/15077\/revisions\/22234"}],"wp:featuredmedia":[{"embeddable":true,"href":"http:\/\/fmriachuelo.it10.com.ar\/index.php\/wp-json\/wp\/v2\/media\/22480"}],"wp:attachment":[{"href":"http:\/\/fmriachuelo.it10.com.ar\/index.php\/wp-json\/wp\/v2\/media?parent=15077"}],"wp:term":[{"taxonomy":"category","embeddable":true,"href":"http:\/\/fmriachuelo.it10.com.ar\/index.php\/wp-json\/wp\/v2\/categories?post=15077"},{"taxonomy":"post_tag","embeddable":true,"href":"http:\/\/fmriachuelo.it10.com.ar\/index.php\/wp-json\/wp\/v2\/tags?post=15077"}],"curies":[{"name":"wp","href":"https:\/\/api.w.org\/{rel}","templated":true}]}}