{"id":1507,"date":"2015-12-27T20:01:00","date_gmt":"2015-12-27T20:01:00","guid":{"rendered":"http:\/\/fmriachuelo.observatorioess.org.ar\/index.php\/2015\/12\/27\/argentina-el-gobierno-de-macri-revisara-la-participacion-en-telesur\/"},"modified":"2015-12-27T20:01:00","modified_gmt":"2015-12-27T20:01:00","slug":"argentina-el-gobierno-de-macri-revisara-la-participacion-en-telesur","status":"publish","type":"post","link":"http:\/\/fmriachuelo.it10.com.ar\/index.php\/2015\/12\/27\/argentina-el-gobierno-de-macri-revisara-la-participacion-en-telesur\/","title":{"rendered":"ARGENTINA: EL GOBIERNO DE MACRI REVISAR\u00c1 LA PARTICIPACI\u00d3N EN TELESUR"},"content":{"rendered":"<p><span style=\"color: red;font-family: Verdana, sans-serif;font-size: large\"><b>RESTAURACI\u00d3N NEOLIBERAL ACELERADA<\/b><\/span><\/p>\n<div>\n<div style=\"clear: both;text-align: center\"><a href=\"http:\/\/1.bp.blogspot.com\/-buWEM0TscsA\/VoBBEPZYLLI\/AAAAAAAAHtk\/r_13rPvUUUs\/s1600\/AFSCA4.jpg\" style=\"clear: left;float: left;margin-bottom: 1em;margin-right: 1em\"><img loading=\"lazy\" decoding=\"async\" border=\"0\" height=\"122\" src=\"http:\/\/1.bp.blogspot.com\/-buWEM0TscsA\/VoBBEPZYLLI\/AAAAAAAAHtk\/r_13rPvUUUs\/s200\/AFSCA4.jpg\" width=\"200\" \/><\/a><\/div>\n<div>\n<div style=\"font-family: Verdana, sans-serif;text-align: justify\">El nuevo ministro de Medios y Contenidos P\u00fablicos de Argentina, Hern\u00e1n Lombardi, dijo hoy&nbsp;en una entrevista con el diario La Naci\u00f3n, de Buenos Aires, que van a revisar la participaci\u00f3n de su pa\u00eds en el canal multiestatal Telesur.<\/div>\n<div style=\"font-family: Verdana, sans-serif;text-align: justify\">El nuevo Ministro dijo que ya est\u00e1 encarando \u201cauditor\u00edas de choque\u201d en todas las \u00e1reas con \u201cresultados dentro de 15 d\u00edas\u201d y asegur\u00f3 que denunciar\u00e1n a programas de comunicaci\u00f3n donde supuestamente se ejecutaron delitos.<br \/><a name='more'><\/a><\/div>\n<\/div>\n<div><b style=\"font-family: Verdana, sans-serif;text-align: justify\">Desde la OEA criticaron intervenci\u00f3n del AFSCA y cuestionaron su legalidad<\/b><\/div>\n<div style=\"text-align: justify\"><span style=\"font-family: Verdana, sans-serif\">El relator especial para la Libertad de Expresi\u00f3n de la OEA, Edison Lanza, rechaz\u00f3 la intervenci\u00f3n de la AFSCA al afirmar que \u00abes un camino poco ortodoxo\u00bb, as\u00ed como tambi\u00e9n se\u00f1al\u00f3 que \u00abest\u00e1 cuestionada la legalidad de la decisi\u00f3n\u00bb.<\/span><\/div>\n<p><span style=\"font-family: Verdana, sans-serif\"><\/span><br \/><span style=\"font-family: Verdana, sans-serif\"><\/span><\/div>\n","protected":false},"excerpt":{"rendered":"<p>RESTAURACI\u00d3N NEOLIBERAL ACELERADA El nuevo ministro de Medios y Contenidos P\u00fablicos de Argentina, Hern\u00e1n Lombardi, dijo hoy&nbsp;en una entrevista con el diario La Naci\u00f3n, de Buenos Aires, que van a revisar la participaci\u00f3n de su pa\u00eds en el canal multiestatal Telesur. El nuevo Ministro dijo que ya est\u00e1 encarando \u201cauditor\u00edas de choque\u201d en todas las [&hellip;]<\/p>\n","protected":false},"author":4,"featured_media":0,"comment_status":"open","ping_status":"open","sticky":false,"template":"","format":"standard","meta":{"_monsterinsights_skip_tracking":false,"_monsterinsights_sitenote_active":false,"_monsterinsights_sitenote_note":"","_monsterinsights_sitenote_category":0,"jnews-multi-image_gallery":[],"jnews_single_post":[],"jnews_primary_category":[],"_joinchat":[],"footnotes":""},"categories":[77],"tags":[],"class_list":["post-1507","post","type-post","status-publish","format-standard","hentry","category-soberania"],"_links":{"self":[{"href":"http:\/\/fmriachuelo.it10.com.ar\/index.php\/wp-json\/wp\/v2\/posts\/1507","targetHints":{"allow":["GET"]}}],"collection":[{"href":"http:\/\/fmriachuelo.it10.com.ar\/index.php\/wp-json\/wp\/v2\/posts"}],"about":[{"href":"http:\/\/fmriachuelo.it10.com.ar\/index.php\/wp-json\/wp\/v2\/types\/post"}],"author":[{"embeddable":true,"href":"http:\/\/fmriachuelo.it10.com.ar\/index.php\/wp-json\/wp\/v2\/users\/4"}],"replies":[{"embeddable":true,"href":"http:\/\/fmriachuelo.it10.com.ar\/index.php\/wp-json\/wp\/v2\/comments?post=1507"}],"version-history":[{"count":0,"href":"http:\/\/fmriachuelo.it10.com.ar\/index.php\/wp-json\/wp\/v2\/posts\/1507\/revisions"}],"wp:attachment":[{"href":"http:\/\/fmriachuelo.it10.com.ar\/index.php\/wp-json\/wp\/v2\/media?parent=1507"}],"wp:term":[{"taxonomy":"category","embeddable":true,"href":"http:\/\/fmriachuelo.it10.com.ar\/index.php\/wp-json\/wp\/v2\/categories?post=1507"},{"taxonomy":"post_tag","embeddable":true,"href":"http:\/\/fmriachuelo.it10.com.ar\/index.php\/wp-json\/wp\/v2\/tags?post=1507"}],"curies":[{"name":"wp","href":"https:\/\/api.w.org\/{rel}","templated":true}]}}