{"id":1506,"date":"2015-12-27T20:07:00","date_gmt":"2015-12-27T20:07:00","guid":{"rendered":"http:\/\/fmriachuelo.observatorioess.org.ar\/index.php\/2015\/12\/27\/argentina-se-pone-en-marcha-la-represion-de-la-protesta-social\/"},"modified":"2015-12-27T20:07:00","modified_gmt":"2015-12-27T20:07:00","slug":"argentina-se-pone-en-marcha-la-represion-de-la-protesta-social","status":"publish","type":"post","link":"http:\/\/fmriachuelo.it10.com.ar\/index.php\/2015\/12\/27\/argentina-se-pone-en-marcha-la-represion-de-la-protesta-social\/","title":{"rendered":"ARGENTINA: SE PONE EN MARCHA LA REPRESI\u00d3N DE LA PROTESTA SOCIAL"},"content":{"rendered":"<div><span style=\"color: red;font-family: Verdana, sans-serif;font-size: large\"><b>CONTRA LOS DERECHOS<\/b><\/span><\/div>\n<p><span style=\"font-size: small\"><span style=\"font-family: Verdana,sans-serif\">APRESTOS PARA CRIMINALIZAR LA PROTESTA SOCIAL DE LOS SON TECHO<\/span><\/span><\/p>\n<div>\n<div style=\"clear: both;text-align: center\"><a href=\"http:\/\/2.bp.blogspot.com\/-1-i0dS5HXJI\/VoBEYj4tdUI\/AAAAAAAAHts\/XuSfvdeb9hQ\/s1600\/desalojo_toma_tierras.jpg\" style=\"clear: left;float: left;margin-bottom: 1em;margin-right: 1em\"><img loading=\"lazy\" decoding=\"async\" border=\"0\" height=\"137\" src=\"http:\/\/2.bp.blogspot.com\/-1-i0dS5HXJI\/VoBEYj4tdUI\/AAAAAAAAHts\/XuSfvdeb9hQ\/s200\/desalojo_toma_tierras.jpg\" width=\"200\" \/><\/a><\/div>\n<div style=\"text-align: justify\"><span style=\"font-family: Verdana, sans-serif\">[Por Mario Hern\u00e1ndez para Anred]Reflexiones sobre el temor que se genera desde los medios hegem\u00f3nicos ante las tomas de tierras sin mencionar en ning\u00fan momento el grave d\u00e9ficit habitacional concentrado en las zonas urbanas y conurbanas de gran parte del pa\u00eds.&nbsp;<\/span><br \/><a name='more'><\/a><\/div>\n<p><span style=\"font-family: Verdana, sans-serif\"> <\/p>\n<div style=\"text-align: justify\">Nicol\u00e1s Wi\u00f1azki escribi\u00f3 en Clar\u00edn: \u201cDiosnel P\u00e9rez dice que fueron narcotraficantes los que el s\u00e1bado 13 balearon su casa en la villa 20, en Lugano, y que lo denunci\u00f3 a la polic\u00eda y que nada pas\u00f3. P\u00e9rez es uno de los l\u00edderes del Frente Popular Dar\u00edo Santill\u00e1n, referente pol\u00edtico de su barrio, sobrese\u00eddo en la causa por la toma del Parque Indoamericano ocurrida en el 2010. Tambi\u00e9n defendi\u00f3 en el 2014 la ocupaci\u00f3n del predio conocido como Papa Francisco. El Gobierno est\u00e1 en estado de alerta. Situaciones como las que dijo haber sufrido P\u00e9rez alimentan una hip\u00f3tesis que maneja la Casa Rosada a\u00fan antes del 10 de diciembre: hacia fin de a\u00f1o podr\u00edan generarse incidentes sociales confusos, una escalada que podr\u00eda terminar en tomas de tierra. Saqueos. Violencia.<\/div>\n<div style=\"text-align: justify\">Una de las hip\u00f3tesis que m\u00e1s preocupa al macrismo es, justamente, que se produzca una nueva toma del Parque Indoamericano [\u2026] La balacera sobre la casa de Diosnel P\u00e9rez provoc\u00f3 que aumenten los alertas policiales y de Inteligencia sobre posibles desmanes que puedan generarse en el lugar, ubicado en medio de barrios con una emergencia habitacional extrema.<\/div>\n<div style=\"text-align: justify\">Adem\u00e1s del Indoamericano, las zonas que est\u00e1n bajo vigilancia son los distritos bonaerenses de Quilmes y Merlo \u2013donde contin\u00faa la toma de un predio de 50 hect\u00e1reas\u2013; y de ciudades del interior como Rosario o Jujuy\u201d.<\/div>\n<p><\/span><\/div>\n","protected":false},"excerpt":{"rendered":"<p>CONTRA LOS DERECHOS APRESTOS PARA CRIMINALIZAR LA PROTESTA SOCIAL DE LOS SON TECHO [Por Mario Hern\u00e1ndez para Anred]Reflexiones sobre el temor que se genera desde los medios hegem\u00f3nicos ante las tomas de tierras sin mencionar en ning\u00fan momento el grave d\u00e9ficit habitacional concentrado en las zonas urbanas y conurbanas de gran parte del pa\u00eds.&nbsp; Nicol\u00e1s [&hellip;]<\/p>\n","protected":false},"author":4,"featured_media":0,"comment_status":"open","ping_status":"open","sticky":false,"template":"","format":"standard","meta":{"_monsterinsights_skip_tracking":false,"_monsterinsights_sitenote_active":false,"_monsterinsights_sitenote_note":"","_monsterinsights_sitenote_category":0,"jnews-multi-image_gallery":[],"jnews_single_post":[],"jnews_primary_category":[],"_joinchat":[],"footnotes":""},"categories":[1],"tags":[],"class_list":["post-1506","post","type-post","status-publish","format-standard","hentry","category-habitat"],"_links":{"self":[{"href":"http:\/\/fmriachuelo.it10.com.ar\/index.php\/wp-json\/wp\/v2\/posts\/1506","targetHints":{"allow":["GET"]}}],"collection":[{"href":"http:\/\/fmriachuelo.it10.com.ar\/index.php\/wp-json\/wp\/v2\/posts"}],"about":[{"href":"http:\/\/fmriachuelo.it10.com.ar\/index.php\/wp-json\/wp\/v2\/types\/post"}],"author":[{"embeddable":true,"href":"http:\/\/fmriachuelo.it10.com.ar\/index.php\/wp-json\/wp\/v2\/users\/4"}],"replies":[{"embeddable":true,"href":"http:\/\/fmriachuelo.it10.com.ar\/index.php\/wp-json\/wp\/v2\/comments?post=1506"}],"version-history":[{"count":0,"href":"http:\/\/fmriachuelo.it10.com.ar\/index.php\/wp-json\/wp\/v2\/posts\/1506\/revisions"}],"wp:attachment":[{"href":"http:\/\/fmriachuelo.it10.com.ar\/index.php\/wp-json\/wp\/v2\/media?parent=1506"}],"wp:term":[{"taxonomy":"category","embeddable":true,"href":"http:\/\/fmriachuelo.it10.com.ar\/index.php\/wp-json\/wp\/v2\/categories?post=1506"},{"taxonomy":"post_tag","embeddable":true,"href":"http:\/\/fmriachuelo.it10.com.ar\/index.php\/wp-json\/wp\/v2\/tags?post=1506"}],"curies":[{"name":"wp","href":"https:\/\/api.w.org\/{rel}","templated":true}]}}