{"id":1504,"date":"2015-12-28T13:26:00","date_gmt":"2015-12-28T13:26:00","guid":{"rendered":"http:\/\/fmriachuelo.observatorioess.org.ar\/index.php\/2015\/12\/28\/venezuela-aprueban-ley-de-semillas\/"},"modified":"2015-12-28T13:26:00","modified_gmt":"2015-12-28T13:26:00","slug":"venezuela-aprueban-ley-de-semillas","status":"publish","type":"post","link":"http:\/\/fmriachuelo.it10.com.ar\/index.php\/2015\/12\/28\/venezuela-aprueban-ley-de-semillas\/","title":{"rendered":"VENEZUELA: APRUEBAN LEY DE SEMILLAS"},"content":{"rendered":"<div><span style=\"color: red;font-family: Verdana, sans-serif;font-size: large\"><b>RESISTIDA POR EL AGRONEGOCIO<\/b><\/span><\/div>\n<p><span style=\"font-family: Verdana, sans-serif\">LA ASAMBLEA NACIONAL APRUEBA LA LEY DE SEMILLAS ANTITRANSG\u00c9NICA Y ANTIPATENTES<\/span><\/p>\n<div>\n<div style=\"clear: both;text-align: center\"><a href=\"http:\/\/1.bp.blogspot.com\/-RoI3ohXpoyA\/VoE2rOengvI\/AAAAAAAAHuM\/Ljbdl17xF0E\/s1600\/ley-semillas-620x400.jpg\" style=\"clear: left;float: left;margin-bottom: 1em;margin-right: 1em\"><img loading=\"lazy\" decoding=\"async\" border=\"0\" height=\"128\" src=\"http:\/\/1.bp.blogspot.com\/-RoI3ohXpoyA\/VoE2rOengvI\/AAAAAAAAHuM\/Ljbdl17xF0E\/s200\/ley-semillas-620x400.jpg\" width=\"200\" \/><\/a><\/div>\n<div style=\"text-align: justify\"><span style=\"font-family: Verdana, sans-serif\">[Por Fernando Vicente Prieto, Notas, Resumen Latinoamericano, 24 de diciembre 2015] Luego de dos a\u00f1os de debate con alto protagonismo popular, el mi\u00e9rcoles 23 de diciembre el parlamento venezolano -a\u00fan con mayor\u00eda chavista- aprob\u00f3 el proyecto de ley de semillas. La legislaci\u00f3n es promovida por los movimientos populares y resistida por el agronegocio.<\/span><\/div>\n<p><span style=\"font-family: Verdana, sans-serif\"> <\/span><\/p>\n<div style=\"text-align: justify\"><span style=\"font-family: Verdana, sans-serif\">La aprobaci\u00f3n de la ley se efectiviz\u00f3 entre el martes 22 y el mi\u00e9rcoles 23, como parte de las sesiones extraordinarias de la Asamblea Nacional.<\/span><br \/><a name='more'><\/a><\/div>\n<p><span style=\"font-family: Verdana, sans-serif\"><\/p>\n<div style=\"text-align: justify\">El primer d\u00eda se aprobaron los primeros 15 art\u00edculos y en la segunda jornada se complet\u00f3 la votaci\u00f3n de los restantes. Ahora toca el turno de promulgaci\u00f3n por parte del Poder Ejecutivo, tr\u00e1mite que se da por hecho por cuanto Nicol\u00e1s Maduro y el chavismo, en general, est\u00e1n de acuerdo.<\/div>\n<div style=\"text-align: justify\">Las organizaciones que promueven la Campa\u00f1a por la ley de Semillas la definen como \u201cconsensuada, antitransg\u00e9nica y antipatente\u201d. El mi\u00e9rcoles desde el mediod\u00eda comenzaron a celebrar dentro del recinto y tambi\u00e9n por las redes sociales.<\/div>\n<p><\/span><\/div>\n","protected":false},"excerpt":{"rendered":"<p>RESISTIDA POR EL AGRONEGOCIO LA ASAMBLEA NACIONAL APRUEBA LA LEY DE SEMILLAS ANTITRANSG\u00c9NICA Y ANTIPATENTES [Por Fernando Vicente Prieto, Notas, Resumen Latinoamericano, 24 de diciembre 2015] Luego de dos a\u00f1os de debate con alto protagonismo popular, el mi\u00e9rcoles 23 de diciembre el parlamento venezolano -a\u00fan con mayor\u00eda chavista- aprob\u00f3 el proyecto de ley de semillas. [&hellip;]<\/p>\n","protected":false},"author":4,"featured_media":0,"comment_status":"open","ping_status":"open","sticky":false,"template":"","format":"standard","meta":{"_monsterinsights_skip_tracking":false,"_monsterinsights_sitenote_active":false,"_monsterinsights_sitenote_note":"","_monsterinsights_sitenote_category":0,"jnews-multi-image_gallery":[],"jnews_single_post":[],"jnews_primary_category":[],"_joinchat":[],"footnotes":""},"categories":[1],"tags":[],"class_list":["post-1504","post","type-post","status-publish","format-standard","hentry","category-habitat"],"_links":{"self":[{"href":"http:\/\/fmriachuelo.it10.com.ar\/index.php\/wp-json\/wp\/v2\/posts\/1504","targetHints":{"allow":["GET"]}}],"collection":[{"href":"http:\/\/fmriachuelo.it10.com.ar\/index.php\/wp-json\/wp\/v2\/posts"}],"about":[{"href":"http:\/\/fmriachuelo.it10.com.ar\/index.php\/wp-json\/wp\/v2\/types\/post"}],"author":[{"embeddable":true,"href":"http:\/\/fmriachuelo.it10.com.ar\/index.php\/wp-json\/wp\/v2\/users\/4"}],"replies":[{"embeddable":true,"href":"http:\/\/fmriachuelo.it10.com.ar\/index.php\/wp-json\/wp\/v2\/comments?post=1504"}],"version-history":[{"count":0,"href":"http:\/\/fmriachuelo.it10.com.ar\/index.php\/wp-json\/wp\/v2\/posts\/1504\/revisions"}],"wp:attachment":[{"href":"http:\/\/fmriachuelo.it10.com.ar\/index.php\/wp-json\/wp\/v2\/media?parent=1504"}],"wp:term":[{"taxonomy":"category","embeddable":true,"href":"http:\/\/fmriachuelo.it10.com.ar\/index.php\/wp-json\/wp\/v2\/categories?post=1504"},{"taxonomy":"post_tag","embeddable":true,"href":"http:\/\/fmriachuelo.it10.com.ar\/index.php\/wp-json\/wp\/v2\/tags?post=1504"}],"curies":[{"name":"wp","href":"https:\/\/api.w.org\/{rel}","templated":true}]}}