{"id":1503,"date":"2015-12-29T13:15:00","date_gmt":"2015-12-29T13:15:00","guid":{"rendered":"http:\/\/fmriachuelo.observatorioess.org.ar\/index.php\/2015\/12\/29\/trabajadores-movilizados-por-incumplimientos\/"},"modified":"2015-12-29T13:15:00","modified_gmt":"2015-12-29T13:15:00","slug":"trabajadores-movilizados-por-incumplimientos","status":"publish","type":"post","link":"http:\/\/fmriachuelo.it10.com.ar\/index.php\/2015\/12\/29\/trabajadores-movilizados-por-incumplimientos\/","title":{"rendered":"TRABAJADORES MOVILIZADOS POR INCUMPLIMIENTOS"},"content":{"rendered":"<div><span style=\"font-family: Verdana, sans-serif\">CONTRA EL VACIAMIENTO Y EL PAGO DE SALARIOS<\/span><br \/><span style=\"color: red;font-family: Verdana, sans-serif;font-size: large\"><b>EN PELIGRO<\/b><\/span><\/div>\n<p><span style=\"font-family: Verdana, sans-serif\">MOVILIZACI\u00d3N DE LOS TRABAJADORES DEL GRUPO 23&nbsp;<\/span><br \/><a href=\"http:\/\/1.bp.blogspot.com\/-NPt8IzkOGSI\/VoPYf39FgPI\/AAAAAAAAHus\/r6pkdou5mkc\/s1600\/23.png\" style=\"clear: left;float: left;margin-bottom: 1em;margin-right: 1em;text-align: center\"><img loading=\"lazy\" decoding=\"async\" border=\"0\" height=\"200\" src=\"http:\/\/1.bp.blogspot.com\/-NPt8IzkOGSI\/VoPYf39FgPI\/AAAAAAAAHus\/r6pkdou5mkc\/s200\/23.png\" width=\"200\" \/><\/a><\/p>\n<div><span style=\"font-family: Verdana, sans-serif\"><\/span><\/p>\n<div style=\"text-align: justify\"><span style=\"font-family: Verdana, sans-serif\">[SiPreBA] Los trabajadores del Grupo 23 realizar\u00e1n una movilizaci\u00f3n al Ministerio de Trabajo, en la Av. Alem 650, el pr\u00f3ximo martes 29 de diciembre, desde las 12.30. Presentar\u00e1n una demanda ante las autoridades por los constantes incumplimientos de la empresa.<\/span><br \/><a name='more'><\/a><\/div>\n<p><span style=\"font-family: Verdana, sans-serif\"><\/p>\n<div style=\"text-align: justify\">Denunciar\u00e1n que la empresa debe el salario de noviembre, varios meses de colaboraciones y comisiones a m\u00e1s de un centenar de trabajadores de prensa, adem\u00e1s del pago del aguinaldo de diciembre. Estas infracciones se producen al tiempo que decidi\u00f3 dejar de imprimir diarios y revistas y aplicar un ajuste al uso de taxis para coberturas, celulares corporativos, entre otros recortes en insumos b\u00e1sicos para la producci\u00f3n.<\/div>\n<div style=\"text-align: justify\">Las y los trabajadores del Grupo 23 vienen de realizar un quite de firmas en todos los productos el mi\u00e9rcoles pasado.<\/div>\n<div style=\"text-align: justify\">El Sindicato de Prensa de Buenos Aires (SiPreBA) acompa\u00f1a esta convocatoria y llama a los trabajadores de prensa a hacer lo propio. Los incumplimientos en los que incurre la empresa buscan que las y los trabajadores de prensa sean los que paguen las supuestas crisis patronales y, adem\u00e1s, ponen en riesgo los puestos de trabajo en todo el Grupo 23, en el que se desempe\u00f1an m\u00e1s de 800 trabajadores seg\u00fan sus responsables, los empresarios Sergio Szpolski y Mat\u00edas Garfunkel. El Grupo 23 edita los diarios Tiempo Argentino y El Argentino (m\u00e1s sus zonales: Norte GBA, Sur GBA, Mar del Plata, Rosario y C\u00f3rdoba), y las revistas Cielos Argentinos y 7 D\u00edas. Tambi\u00e9n controla el canal de noticias CN23, el portal Infonews y las radios Am\u00e9rica, Splendid, Rock &amp; Pop y Vorterix, enytre otros medios.<\/div>\n<p><\/span><\/div>\n","protected":false},"excerpt":{"rendered":"<p>CONTRA EL VACIAMIENTO Y EL PAGO DE SALARIOSEN PELIGRO MOVILIZACI\u00d3N DE LOS TRABAJADORES DEL GRUPO 23&nbsp; [SiPreBA] Los trabajadores del Grupo 23 realizar\u00e1n una movilizaci\u00f3n al Ministerio de Trabajo, en la Av. Alem 650, el pr\u00f3ximo martes 29 de diciembre, desde las 12.30. Presentar\u00e1n una demanda ante las autoridades por los constantes incumplimientos de la [&hellip;]<\/p>\n","protected":false},"author":4,"featured_media":0,"comment_status":"open","ping_status":"open","sticky":false,"template":"","format":"standard","meta":{"_monsterinsights_skip_tracking":false,"_monsterinsights_sitenote_active":false,"_monsterinsights_sitenote_note":"","_monsterinsights_sitenote_category":0,"jnews-multi-image_gallery":[],"jnews_single_post":[],"jnews_primary_category":[],"_joinchat":[],"footnotes":""},"categories":[1],"tags":[],"class_list":["post-1503","post","type-post","status-publish","format-standard","hentry","category-habitat"],"_links":{"self":[{"href":"http:\/\/fmriachuelo.it10.com.ar\/index.php\/wp-json\/wp\/v2\/posts\/1503","targetHints":{"allow":["GET"]}}],"collection":[{"href":"http:\/\/fmriachuelo.it10.com.ar\/index.php\/wp-json\/wp\/v2\/posts"}],"about":[{"href":"http:\/\/fmriachuelo.it10.com.ar\/index.php\/wp-json\/wp\/v2\/types\/post"}],"author":[{"embeddable":true,"href":"http:\/\/fmriachuelo.it10.com.ar\/index.php\/wp-json\/wp\/v2\/users\/4"}],"replies":[{"embeddable":true,"href":"http:\/\/fmriachuelo.it10.com.ar\/index.php\/wp-json\/wp\/v2\/comments?post=1503"}],"version-history":[{"count":0,"href":"http:\/\/fmriachuelo.it10.com.ar\/index.php\/wp-json\/wp\/v2\/posts\/1503\/revisions"}],"wp:attachment":[{"href":"http:\/\/fmriachuelo.it10.com.ar\/index.php\/wp-json\/wp\/v2\/media?parent=1503"}],"wp:term":[{"taxonomy":"category","embeddable":true,"href":"http:\/\/fmriachuelo.it10.com.ar\/index.php\/wp-json\/wp\/v2\/categories?post=1503"},{"taxonomy":"post_tag","embeddable":true,"href":"http:\/\/fmriachuelo.it10.com.ar\/index.php\/wp-json\/wp\/v2\/tags?post=1503"}],"curies":[{"name":"wp","href":"https:\/\/api.w.org\/{rel}","templated":true}]}}