{"id":1502,"date":"2015-12-30T13:21:00","date_gmt":"2015-12-30T13:21:00","guid":{"rendered":"http:\/\/fmriachuelo.observatorioess.org.ar\/index.php\/2015\/12\/30\/primera-huelga-nacional-del-gremio-de-estatales-para-enfrentar-las-medidas-del-gobierno-macrista\/"},"modified":"2015-12-30T13:21:00","modified_gmt":"2015-12-30T13:21:00","slug":"primera-huelga-nacional-del-gremio-de-estatales-para-enfrentar-las-medidas-del-gobierno-macrista","status":"publish","type":"post","link":"http:\/\/fmriachuelo.it10.com.ar\/index.php\/2015\/12\/30\/primera-huelga-nacional-del-gremio-de-estatales-para-enfrentar-las-medidas-del-gobierno-macrista\/","title":{"rendered":"PRIMERA HUELGA NACIONAL DEL GREMIO DE ESTATALES PARA ENFRENTAR LAS MEDIDAS DEL GOBIERNO MACRISTA"},"content":{"rendered":"<div><span style=\"color: red;font-family: Verdana, sans-serif;font-size: large\"><b>AMENAZADOS<\/b><\/span><\/div>\n<div style=\"clear: left;float: left;margin-bottom: 1em;margin-right: 1em\"><span style=\"font-family: Verdana, sans-serif\"><\/span><\/p>\n<div><span style=\"font-family: Verdana, sans-serif\">MARCHA MULTITUDINARIA AL MINISTERIO DE TRABAJO<\/span><br \/><span style=\"font-family: Verdana, sans-serif\"><\/p>\n<div style=\"text-align: justify\"><a href=\"https:\/\/1.bp.blogspot.com\/-9_WpX39t2fE\/VoPZ6llyOjI\/AAAAAAAAHu4\/WtD062WcH0c\/s1600\/marcha%2BATE.jpg\" style=\"clear: left;float: left;margin-bottom: 1em;margin-right: 1em\"><img decoding=\"async\" border=\"0\" src=\"http:\/\/1.bp.blogspot.com\/-9_WpX39t2fE\/VoPZ6llyOjI\/AAAAAAAAHu4\/WtD062WcH0c\/s200\/marcha%2BATE.jpg\" \/><\/a>Varios miles de trabajadores de la Asociaci\u00f3n de Trabajadores del Estado (ATE) marcharon por el centro de la ciudad para terminar concentr\u00e1ndose frente al Ministerio de Trabajo donde entregaron una carta dirigida al presidente Mauricio Macri donde se exponen las principales y urgente reivindicaciones del gremio. Todo esto se dio en el marco de un paro nacional y las administraciones provinciales y municipales exigiendo un bono de 5000 pesos y la reapertura de paritarias.<\/div>\n<p><\/span><a name='more'><\/a><span style=\"font-family: Verdana, sans-serif\">Coreando consignas cr\u00edticas contra el gobierno macrista, los trabajadores estatales fueron acompa\u00f1ados por el agitar de banderas y el sonar de docenas de bombos y redoblantes. Entre los concurrentes se destacaron una delegaci\u00f3n del Sindicato de Municipales de Jujuy, encabezada por el dirigente Carlos \u201cPerro\u201d Santill\u00e1n, tambi\u00e9n integrantes de la Confederaci\u00f3n de Trabajadores de la Econom\u00eda Popular (CTEP), la Coordinadora Sindical 1\u00ba de Mayo y otros movimientos sociales.<\/span><\/div>\n<\/div>\n","protected":false},"excerpt":{"rendered":"<p>AMENAZADOS MARCHA MULTITUDINARIA AL MINISTERIO DE TRABAJO Varios miles de trabajadores de la Asociaci\u00f3n de Trabajadores del Estado (ATE) marcharon por el centro de la ciudad para terminar concentr\u00e1ndose frente al Ministerio de Trabajo donde entregaron una carta dirigida al presidente Mauricio Macri donde se exponen las principales y urgente reivindicaciones del gremio. Todo esto [&hellip;]<\/p>\n","protected":false},"author":4,"featured_media":0,"comment_status":"open","ping_status":"open","sticky":false,"template":"","format":"standard","meta":{"_monsterinsights_skip_tracking":false,"_monsterinsights_sitenote_active":false,"_monsterinsights_sitenote_note":"","_monsterinsights_sitenote_category":0,"jnews-multi-image_gallery":[],"jnews_single_post":[],"jnews_primary_category":[],"_joinchat":[],"footnotes":""},"categories":[1],"tags":[],"class_list":["post-1502","post","type-post","status-publish","format-standard","hentry","category-habitat"],"_links":{"self":[{"href":"http:\/\/fmriachuelo.it10.com.ar\/index.php\/wp-json\/wp\/v2\/posts\/1502","targetHints":{"allow":["GET"]}}],"collection":[{"href":"http:\/\/fmriachuelo.it10.com.ar\/index.php\/wp-json\/wp\/v2\/posts"}],"about":[{"href":"http:\/\/fmriachuelo.it10.com.ar\/index.php\/wp-json\/wp\/v2\/types\/post"}],"author":[{"embeddable":true,"href":"http:\/\/fmriachuelo.it10.com.ar\/index.php\/wp-json\/wp\/v2\/users\/4"}],"replies":[{"embeddable":true,"href":"http:\/\/fmriachuelo.it10.com.ar\/index.php\/wp-json\/wp\/v2\/comments?post=1502"}],"version-history":[{"count":0,"href":"http:\/\/fmriachuelo.it10.com.ar\/index.php\/wp-json\/wp\/v2\/posts\/1502\/revisions"}],"wp:attachment":[{"href":"http:\/\/fmriachuelo.it10.com.ar\/index.php\/wp-json\/wp\/v2\/media?parent=1502"}],"wp:term":[{"taxonomy":"category","embeddable":true,"href":"http:\/\/fmriachuelo.it10.com.ar\/index.php\/wp-json\/wp\/v2\/categories?post=1502"},{"taxonomy":"post_tag","embeddable":true,"href":"http:\/\/fmriachuelo.it10.com.ar\/index.php\/wp-json\/wp\/v2\/tags?post=1502"}],"curies":[{"name":"wp","href":"https:\/\/api.w.org\/{rel}","templated":true}]}}