{"id":1501,"date":"2015-12-30T13:31:00","date_gmt":"2015-12-30T13:31:00","guid":{"rendered":"http:\/\/fmriachuelo.observatorioess.org.ar\/index.php\/2015\/12\/30\/cortes-de-luz-sin-respuesta-del-estado\/"},"modified":"2015-12-30T13:31:00","modified_gmt":"2015-12-30T13:31:00","slug":"cortes-de-luz-sin-respuesta-del-estado","status":"publish","type":"post","link":"http:\/\/fmriachuelo.it10.com.ar\/index.php\/2015\/12\/30\/cortes-de-luz-sin-respuesta-del-estado\/","title":{"rendered":"CORTES DE LUZ: SIN RESPUESTA DEL ESTADO"},"content":{"rendered":"<div style=\"margin: 0px\"><span style=\"color: red;font-family: Verdana, sans-serif;font-size: large\"><b>A MERCED DE LAS EMPRESAS &nbsp;<\/b><\/span><\/div>\n<div style=\"clear: left;float: left;margin-bottom: 1em;margin-right: 1em\">\n<div><\/div>\n<p><span style=\"font-family: Verdana, sans-serif\">LA EMERGENCIA EL\u00c9CTRICA DE MACRI DE LA MANO DE LA EXTORSI\u00d3N DEL TARIFAZO<\/span><\/p>\n<div style=\"text-align: justify\"><a href=\"https:\/\/3.bp.blogspot.com\/-TEVHz-uT_xk\/VoPcPLLSexI\/AAAAAAAAHvE\/lHsxXfumtcA\/s1600\/sin%2Bluz.jpg\" style=\"clear: left;float: left;margin-bottom: 1em;margin-right: 1em\"><img loading=\"lazy\" decoding=\"async\" border=\"0\" height=\"113\" src=\"http:\/\/3.bp.blogspot.com\/-TEVHz-uT_xk\/VoPcPLLSexI\/AAAAAAAAHvE\/lHsxXfumtcA\/s200\/sin%2Bluz.jpg\" width=\"200\" \/><\/a><span style=\"font-family: Verdana, sans-serif\">En el primer d\u00eda cr\u00edtico de calor, consumo de energ\u00eda y cortes masivos de luz, el ministro de energ\u00eda Aranguren tuvo oportunidad de explicar en qu\u00e9 consiste la \u201cemergencia el\u00e9ctrica\u201d de su gobierno. Cualquiera puede pensar que ese concepto se relaciona con medidas elementales para paliar las consecuencias de los cortes, desde el suministro de agua a los barrios afectados hasta la instalaci\u00f3n de generadores m\u00f3viles. Pero nada de esto se le escuch\u00f3 a Aranguren.<\/span><\/div>\n<div style=\"text-align: justify\"><a name='more'><\/a><\/div>\n<p><span style=\"font-family: Verdana, sans-serif\"><\/span><\/p>\n<div style=\"text-align: justify\"><span style=\"font-family: Verdana, sans-serif\">La mayor novedad de la \u201cemergencia\u201d oficial consistir\u00eda en poder consultar, en la p\u00e1gina del Ente Regulador del servicio (ENRE) a qu\u00e9 hora o d\u00eda aproximados nos devolver\u00edan la luz. Por lo dem\u00e1s, el ministro ni siquiera anunci\u00f3 restricciones de consumo en grandes luminarias o carteleras de publicidad, una medida b\u00e1sica para preservar al consumidor residencial. En cambio, Aranguren se dedic\u00f3 a explicar que todo ser\u00e1 \u201cinevitable\u201d, hasta \u201cque se hagan las inversiones necesarias\u201d.<\/span><\/div>\n<p><span style=\"font-family: Verdana, sans-serif\"><\/span><\/p>\n<div style=\"text-align: justify\"><span style=\"font-family: Verdana, sans-serif\">La \u201cemergencia\u201d es una fatalidad b\u00edblica, que deber\u00edamos esperar de brazos cruzados. Popularmente, la conducta del ministro tiene un nombre: \u201cdejarla pudrir\u201d. O sea, que la poblaci\u00f3n atraviese el colapso el\u00e9ctrico como un trago amargo y necesario. Esta conducta tiene su explicaci\u00f3n: el gobierno prepara las condiciones pol\u00edticas para presentar al tarifazo en la luz \u2013que ya comienza en este mes de enero- como un paso inevitable, precisamente, para aportar los recursos necesarios para la reparaci\u00f3n de las redes de distribuci\u00f3n.<\/span><\/div>\n<\/div>\n","protected":false},"excerpt":{"rendered":"<p>A MERCED DE LAS EMPRESAS &nbsp; LA EMERGENCIA EL\u00c9CTRICA DE MACRI DE LA MANO DE LA EXTORSI\u00d3N DEL TARIFAZO En el primer d\u00eda cr\u00edtico de calor, consumo de energ\u00eda y cortes masivos de luz, el ministro de energ\u00eda Aranguren tuvo oportunidad de explicar en qu\u00e9 consiste la \u201cemergencia el\u00e9ctrica\u201d de su gobierno. Cualquiera puede pensar [&hellip;]<\/p>\n","protected":false},"author":4,"featured_media":0,"comment_status":"open","ping_status":"open","sticky":false,"template":"","format":"standard","meta":{"_monsterinsights_skip_tracking":false,"_monsterinsights_sitenote_active":false,"_monsterinsights_sitenote_note":"","_monsterinsights_sitenote_category":0,"jnews-multi-image_gallery":[],"jnews_single_post":[],"jnews_primary_category":[],"_joinchat":[],"footnotes":""},"categories":[1],"tags":[],"class_list":["post-1501","post","type-post","status-publish","format-standard","hentry","category-habitat"],"_links":{"self":[{"href":"http:\/\/fmriachuelo.it10.com.ar\/index.php\/wp-json\/wp\/v2\/posts\/1501","targetHints":{"allow":["GET"]}}],"collection":[{"href":"http:\/\/fmriachuelo.it10.com.ar\/index.php\/wp-json\/wp\/v2\/posts"}],"about":[{"href":"http:\/\/fmriachuelo.it10.com.ar\/index.php\/wp-json\/wp\/v2\/types\/post"}],"author":[{"embeddable":true,"href":"http:\/\/fmriachuelo.it10.com.ar\/index.php\/wp-json\/wp\/v2\/users\/4"}],"replies":[{"embeddable":true,"href":"http:\/\/fmriachuelo.it10.com.ar\/index.php\/wp-json\/wp\/v2\/comments?post=1501"}],"version-history":[{"count":0,"href":"http:\/\/fmriachuelo.it10.com.ar\/index.php\/wp-json\/wp\/v2\/posts\/1501\/revisions"}],"wp:attachment":[{"href":"http:\/\/fmriachuelo.it10.com.ar\/index.php\/wp-json\/wp\/v2\/media?parent=1501"}],"wp:term":[{"taxonomy":"category","embeddable":true,"href":"http:\/\/fmriachuelo.it10.com.ar\/index.php\/wp-json\/wp\/v2\/categories?post=1501"},{"taxonomy":"post_tag","embeddable":true,"href":"http:\/\/fmriachuelo.it10.com.ar\/index.php\/wp-json\/wp\/v2\/tags?post=1501"}],"curies":[{"name":"wp","href":"https:\/\/api.w.org\/{rel}","templated":true}]}}