{"id":14988,"date":"2022-04-20T15:15:21","date_gmt":"2022-04-20T15:15:21","guid":{"rendered":"http:\/\/fmriachuelo.com.ar\/?p=14988"},"modified":"2025-04-01T15:42:23","modified_gmt":"2025-04-01T18:42:23","slug":"companero-felipe-vallese-presente","status":"publish","type":"post","link":"http:\/\/fmriachuelo.it10.com.ar\/index.php\/2022\/04\/20\/companero-felipe-vallese-presente\/","title":{"rendered":"COMPA\u00d1ERO FELIPE VALLESE, \u00a1PRESENTE!"},"content":{"rendered":"<p><b>[FM Riachuelo, 20\/4\/2022] Ayer, a 82 a\u00f1os del natalicio del primer compa\u00f1ero detenido desaparecido, Felipe Vallese, se realiz\u00f3 un homenaje junto con los trabajadores y trabajadoras de distintos sindicatos en la sede de la Confederaci\u00f3n General del Trabajo (CGT) de Azopardo 802, CABA. Durante la jornada se comparti\u00f3 la historia y el valor de Vallese para dar la lucha del Pueblo Trabajador por sus derechos tanto laborales como pol\u00edticos de ser felices y en una Patria Liberada. <\/b><\/p>\n<p>Felipe Vallese fue un trabajador metal\u00fargico, delegado sindical de la <strong>Uni\u00f3n Obrera Metal\u00fargica (UOM)<\/strong> y uno de los fundadores de la <strong>Mesa Ejecutiva de la Juventud Peronista<\/strong>. Con tan s\u00f3lo 22 a\u00f1os, fue detenido, brutalmente torturado por no delatar a su amigo y compa\u00f1ero Gustavo Rearte, y luego desaparecido su cuerpo. Hoy Vallese revive en las resistencias de nuestro Pueblo y es recordado como el primer desaparecido peronista del movimiento obrero organizado argentino; el primer dirigente sindical desaparecido en democracia.<\/p>\n<p><span style=\"font-weight: 400\"><img loading=\"lazy\" decoding=\"async\" class=\"alignnone size-medium wp-image-14990 alignleft\" src=\"http:\/\/fmriachuelo.com.ar\/wp-content\/uploads\/2022\/04\/FQvOxa_XwAUOUSh-300x225.jpg\" alt=\"\" width=\"300\" height=\"225\" \/>La apertura de la jornada estuvo a cargo de <\/span><b>Carina Maloberti<\/b><span style=\"font-weight: 400\">, secretaria general de <\/span><b>ATE SENASA:\u00a0<\/b><span style=\"font-weight: 400\">\u00ab<em>La invitaci\u00f3n a homenajear el natalicio de Felipe Vallese, nacido el 14 de abril de 1940, nos predispone ni mas ni menos que en el mes de la Pascua, comprender que Vallese ha renacido, renace y renacer\u00e1 en cada resistencia del Pueblo Trabajador y en cada acci\u00f3n humanista y cristiana que nuestro Movimiento Peronista nos empuje a protagonizar en defensa de nuestra Patria. \u00bfQu\u00e9 clase de hombres y mujeres de trabajo ser\u00edamos si no intent\u00e1ramos mejorar el Mundo en el que vivimos? Vallese desaparece y muere solo cuando olvidamos nuestros or\u00edgenes y nuestro prop\u00f3sito de vida<\/em>\u00bb <\/span><\/p>\n<p><span style=\"font-weight: 400\">Luego de que se entonara el Himno Nacional Argentino, dieron la bienvenida <\/span><b>Graciela Ale\u00f1a<\/b><span style=\"font-weight: 400\">, secretaria de <\/span><b>Igualdad de Trato y Oportunidades<\/b><span style=\"font-weight: 400\"> de la CGT y perteneciente al <\/span><b>Sindicato de Vialidad<\/b><span style=\"font-weight: 400\">, y <\/span><b>Alejandro Salcedo<\/b><span style=\"font-weight: 400\">, secretario de <\/span><b>Protecci\u00f3n de la Ni\u00f1ez<\/b><span style=\"font-weight: 400\"> de la CGT y secretario general de <\/span><b>UDOCBA<\/b><span style=\"font-weight: 400\">, a la vez que tom\u00f3 la palabra <\/span><b>Martha Monarca de Campbell<\/b><span style=\"font-weight: 400\">, coordinadora de la Mesa Ejecutiva de CABA del <\/span><b>Movimiento Nacional Peronista Rama Femenina \u201cDe Pie Junto al Pueblo\u201d<\/b><span style=\"font-weight: 400\">.<\/span><\/p>\n<p><span style=\"font-weight: 400\">El acto continu\u00f3 con las adhesiones y saludos de distintas organizaciones y trabajadores que formaron parte de la lucha porque <\/span><b>Felipe Vallese (hijo)<\/b><span style=\"font-weight: 400\"> recuperara su historia. A su cargo estuvo el cierre de la jornada, momento en el que tambi\u00e9n tom\u00f3 la palabra su hija, es decir la nieta de Felipe Vallese (padre).<\/span><\/p>\n<p><span style=\"font-weight: 400\">Felipe recuper\u00f3 la actitud combativa y la transparencia de su padre. Una de las an\u00e9cdotas que comparti\u00f3 fue de aquella vez que la patronal quiso sobornarlo cuando era delegado de la UOM: \u201c<\/span><i><span style=\"font-weight: 400\">mi viejo junt\u00f3 a sus compa\u00f1eros y les dijo: \u2018me acaban de sobornar, de intentar de dar dinero para que yo no los defienda m\u00e1s\u2019, y los compa\u00f1eros le preguntaron \u2018\u00bfqu\u00e9 hacemos?\u2019, y el contest\u00f3 \u2018vamos a redoblar la apuesta, vamos a trabajar m\u00e1s\u2019, esto era para demostrarle a esos patrones que no se pod\u00eda sobornar a nadie, que hab\u00eda un delegado que los defend\u00eda<\/span><\/i><span style=\"font-weight: 400\">\u201d.<\/span><\/p>\n<p><span style=\"font-weight: 400\">Finalmente, se comparti\u00f3 el saludo de <\/span><b>Pablo Moyano<\/b><span style=\"font-weight: 400\">, secretario general de la CGT, quien cedi\u00f3 el sal\u00f3n para que se realizara el homenaje. Por \u00faltimo un el video que recorr\u00eda las distintas pr\u00e1cticas que Felipe Vallese llev\u00f3 adelante durante su vida; y se concluy\u00f3, con el Salon colmado que lleva el propio nombre de Felipe Vallese, cantando la marcha peronista encabezada por Hugo del Carril (h).<\/span><\/p>\n<p><img loading=\"lazy\" decoding=\"async\" class=\" wp-image-14993 aligncenter\" src=\"http:\/\/fmriachuelo.com.ar\/wp-content\/uploads\/2022\/04\/WhatsApp-Image-2022-04-20-at-10.25.13-AM-300x225.jpeg\" alt=\"\" width=\"344\" height=\"258\" \/><\/p>\n","protected":false},"excerpt":{"rendered":"<p>[FM Riachuelo, 20\/4\/2022] Ayer, a 82 a\u00f1os del natalicio del primer compa\u00f1ero detenido desaparecido, Felipe Vallese, se realiz\u00f3 un homenaje junto con los trabajadores y trabajadoras de distintos sindicatos en la sede de la Confederaci\u00f3n General del Trabajo (CGT) de Azopardo 802, CABA. Durante la jornada se comparti\u00f3 la historia y el valor de Vallese [&hellip;]<\/p>\n","protected":false},"author":5,"featured_media":14994,"comment_status":"closed","ping_status":"closed","sticky":false,"template":"","format":"standard","meta":{"_monsterinsights_skip_tracking":false,"_monsterinsights_sitenote_active":false,"_monsterinsights_sitenote_note":"","_monsterinsights_sitenote_category":0,"jnews-multi-image_gallery":[],"jnews_single_post":{"format":"standard"},"jnews_primary_category":[],"_joinchat":[],"footnotes":""},"categories":[58],"tags":[119,148],"class_list":["post-14988","post","type-post","status-publish","format-standard","has-post-thumbnail","hentry","category-noticiariachuelo","tag-derechos-humanos","tag-trabajo"],"_links":{"self":[{"href":"http:\/\/fmriachuelo.it10.com.ar\/index.php\/wp-json\/wp\/v2\/posts\/14988","targetHints":{"allow":["GET"]}}],"collection":[{"href":"http:\/\/fmriachuelo.it10.com.ar\/index.php\/wp-json\/wp\/v2\/posts"}],"about":[{"href":"http:\/\/fmriachuelo.it10.com.ar\/index.php\/wp-json\/wp\/v2\/types\/post"}],"author":[{"embeddable":true,"href":"http:\/\/fmriachuelo.it10.com.ar\/index.php\/wp-json\/wp\/v2\/users\/5"}],"replies":[{"embeddable":true,"href":"http:\/\/fmriachuelo.it10.com.ar\/index.php\/wp-json\/wp\/v2\/comments?post=14988"}],"version-history":[{"count":1,"href":"http:\/\/fmriachuelo.it10.com.ar\/index.php\/wp-json\/wp\/v2\/posts\/14988\/revisions"}],"predecessor-version":[{"id":22237,"href":"http:\/\/fmriachuelo.it10.com.ar\/index.php\/wp-json\/wp\/v2\/posts\/14988\/revisions\/22237"}],"wp:featuredmedia":[{"embeddable":true,"href":"http:\/\/fmriachuelo.it10.com.ar\/index.php\/wp-json\/"}],"wp:attachment":[{"href":"http:\/\/fmriachuelo.it10.com.ar\/index.php\/wp-json\/wp\/v2\/media?parent=14988"}],"wp:term":[{"taxonomy":"category","embeddable":true,"href":"http:\/\/fmriachuelo.it10.com.ar\/index.php\/wp-json\/wp\/v2\/categories?post=14988"},{"taxonomy":"post_tag","embeddable":true,"href":"http:\/\/fmriachuelo.it10.com.ar\/index.php\/wp-json\/wp\/v2\/tags?post=14988"}],"curies":[{"name":"wp","href":"https:\/\/api.w.org\/{rel}","templated":true}]}}