{"id":14971,"date":"2022-04-15T22:00:18","date_gmt":"2022-04-15T22:00:18","guid":{"rendered":"http:\/\/fmriachuelo.com.ar\/?p=14971"},"modified":"2025-04-01T15:43:52","modified_gmt":"2025-04-01T18:43:52","slug":"fogata-y-lanchas-patriotas-un-paso-mas-en-la-batalla","status":"publish","type":"post","link":"http:\/\/fmriachuelo.it10.com.ar\/index.php\/2022\/04\/15\/fogata-y-lanchas-patriotas-un-paso-mas-en-la-batalla\/","title":{"rendered":"FOGATA Y LANCHAS PATRIOTAS: UN PASO M\u00c1S EN LA BATALLA"},"content":{"rendered":"<p><b>[FM Riachuelo, 15\/4\/2022] La tarea de construir soberan\u00eda es una mochila que hist\u00f3ricamente carga el pueblo trabajador. Lo mismo ocurre ahora con el cuidado del planeta, nuestra Casa Com\u00fan, como la llama Francisco, a la vez que llama a los \u201cpoetas sociales\u201d a protagonizar esta tarea. El mi\u00e9rcoles, en San Clemente del Tuy\u00fa, coincidieron ambas pr\u00e1cticas que forman parte de un camino hacia la conquista de la felicidad de un pueblo resuelto a ser libre: la inauguraci\u00f3n de un nuevo espacio comunitario del Movimiento Misioneros de Francisco y Cuidadores de la Casa Com\u00fan, \u201cFogata\u201d, y el bautismo de lanchas de la Econom\u00eda Popular, Patriota 1 y 2, para la capacitaci\u00f3n y el trabajo de la Pesca Artesanal.<\/b><\/p>\n<p><span style=\"font-weight: 400\">Fogata est\u00e1 destinado a la formaci\u00f3n y el cuidado del medioambiente en un lugar importante como lo es San Clemente, donde se juntan el r\u00edo y el mar, y la depredaci\u00f3n de las potencias pesqueras extranjeras da\u00f1a el territorio e impide el trabajo de los pescadores artesanales. La apertura de estos espacios son hitos peque\u00f1os que reafirman el camino que los pueblos est\u00e1n emprendiendo para mejorar su calidad de vida.<\/span><\/p>\n<p><span style=\"font-weight: 400\"><img loading=\"lazy\" decoding=\"async\" class=\"size-medium wp-image-14975 alignleft\" src=\"http:\/\/fmriachuelo.com.ar\/wp-content\/uploads\/2022\/04\/WhatsApp-Image-2022-04-14-at-2.48.29-PM-1-300x200.jpeg\" alt=\"\" width=\"300\" height=\"200\" \/>\u201c<\/span><i><span style=\"font-weight: 400\">Esto es ni m\u00e1s ni menos que ese caminar, hacer y construir juntos en todas aquellas herramientas que nos vayan acercando a ese otro mundo posible, un mundo donde quepan todos los mundos, donde podamos vivir en fraternidad y en armon\u00eda, no solamente entre los hombres y las mujeres, sino tambi\u00e9n con el planeta<\/span><\/i><span style=\"font-weight: 400\">\u201d, expres\u00f3 <\/span><b>Lito Borello<\/b><span style=\"font-weight: 400\">, secretario de Derechos Humanos de la <\/span><b>Uni\u00f3n de Trabajadores y Trabajadoras de la Econom\u00eda Popular (UTEP)<\/b><span style=\"font-weight: 400\"> y coordinador nacional del <\/span><b>Movimiento Popular Los Pibes<\/b><span style=\"font-weight: 400\">, en el acto de inauguraci\u00f3n.<\/span><\/p>\n<p><span style=\"font-weight: 400\">Este acto hab\u00eda dado inicio con las palabras de <\/span><b>Carina Maloberti<\/b><span style=\"font-weight: 400\">, secretaria general de <\/span><b>ATE SENASA<\/b><span style=\"font-weight: 400\"> y coordinadora de <\/span><b>Convocatoria Segunda Independencia<\/b><span style=\"font-weight: 400\">, as\u00ed como luego brind\u00f3 su reflexi\u00f3n <\/span><b>Gabriel Pato Duna<\/b><span style=\"font-weight: 400\">, servidor de Misioneros de Francisco, y el cierre fue la bendici\u00f3n del <\/span><b>Padre Julio Aguiar<\/b><span style=\"font-weight: 400\">, de la parroquia local, <\/span><b>San Clemente Romano<\/b><span style=\"font-weight: 400\">.<\/span><\/p>\n<p><span style=\"font-weight: 400\">Este momento de encuentro continu\u00f3 compartiendo unas empanadas mientras referentes de espacios y organizaciones que acompa\u00f1aban se acercaban al micr\u00f3fono. As\u00ed fue que <\/span><b>Luis<\/b><span style=\"font-weight: 400\">, cuidador de la <\/span><b>Capilla San Charbel<\/b><span style=\"font-weight: 400\"> de San Clemente, reflexion\u00f3 sobre el valor de Fogata: \u201c<\/span><i><span style=\"font-weight: 400\">En el texto que ley\u00f3 el Padre hablaba de trabajar por los chicos y los j\u00f3venes, que se sientan atra\u00eddos por todo lo que sentimos por la naturaleza, del estudio y la profundidad que necesitamos tener para demostrar que esto no se copa, que esto no se mueve, que no se pone cemento. Que no se trata mal a la naturaleza<\/span><\/i><span style=\"font-weight: 400\">\u201d.<\/span><\/p>\n<p><span style=\"font-weight: 400\"><img loading=\"lazy\" decoding=\"async\" class=\"size-medium wp-image-14976 alignright\" src=\"http:\/\/fmriachuelo.com.ar\/wp-content\/uploads\/2022\/04\/WhatsApp-Image-2022-04-15-at-1.29.44-PM-2-300x200.jpeg\" alt=\"\" width=\"300\" height=\"200\" \/><\/span><\/p>\n<p><span style=\"font-weight: 400\">En un mundo donde impera un sistema de hambre, miseria y muerte, el pueblo pelea. El mi\u00e9rcoles fue un paso m\u00e1s en esta batalla por la soberan\u00eda y el cuidado de nuestra Madre Tierra. Luego de inaugurar Fogata, las lanchas <\/span><b>Patriota 1 y 2<\/b><span style=\"font-weight: 400\"> aguardaban su bautismo en el <\/span><b>Club N\u00e1utico La Tapera de L\u00f3pez<\/b><span style=\"font-weight: 400\">, a menos de 10km. All\u00ed abri\u00f3 el acto el secretario de la Tapera, <\/span><b>Armando<\/b><span style=\"font-weight: 400\">, que celebr\u00f3 la articulaci\u00f3n con los trabajadores de la Econom\u00eda Popular. Luego tom\u00f3 la palabra <\/span><b>Luciano \u00c1lvarez<\/b><span style=\"font-weight: 400\">, secretario de organizaci\u00f3n del Movimiento Popular Los Pibes, quien record\u00f3 el legado del Oso Cisneros, la misi\u00f3n de recuperar el trabajo genuino. Las lanchas patriotas son parte de esa misi\u00f3n que se emprende todos los d\u00edas.<\/span><\/p>\n<p><span style=\"font-weight: 400\">Patriota 2 tiene por destino <\/span><b>Pipinas<\/b><span style=\"font-weight: 400\">, como herramienta de trabajo para los pescadores de la <\/span><b>Cooperativa de Pesca Artesanal La Boya<\/b><span style=\"font-weight: 400\">, que integra la <\/span><b>Federaci\u00f3n de Cooperativas de Trabajo Mart\u00edn Osos Cisneros<\/b><span style=\"font-weight: 400\">. \u201c<\/span><i><span style=\"font-weight: 400\">Despu\u00e9s de tanta lucha, resistimos y ac\u00e1 estamos, lo logramos. Es muy importante ver las embarcaciones despu\u00e9s de tantas peleas. Vamos a seguir construyendo, cuando empezamos una de las condiciones fue construir un rompecabezas con una base de que pase lo que pase, no nos van a vencer. Y vamos a salir con el pescado, que tiene que llegar a la gente con precios populares; con la cooperativa vamos a recorrer pueblo por pueblo<\/span><\/i><span style=\"font-weight: 400\">\u201d, asegur\u00f3 <\/span><b>Vanesa Morales<\/b><span style=\"font-weight: 400\">, presidenta de la Cooperativa La Boya.<\/span><\/p>\n<p><span style=\"font-weight: 400\">Luego compartieron el micr\u00f3fono <\/span><b>Fabi\u00e1n Carrizo<\/b><span style=\"font-weight: 400\">, integrante de la <\/span><b>Red de Intercambio T\u00e9cnico con la Econom\u00eda Popular (RITEP)<\/b><span style=\"font-weight: 400\"> y <\/span><b>Daniel Garc\u00eda<\/b><span style=\"font-weight: 400\">, director de la <strong>Incubadora de Turismo<\/strong> de la <strong>Universidad de Quilmes<\/strong>, quienes est\u00e1n comprometidos en articular con los trabajadores y trabajadoras para fortalecer el laburo de la pesca artesanal.<\/span><\/p>\n<p><span style=\"font-weight: 400\"><img loading=\"lazy\" decoding=\"async\" class=\"size-medium wp-image-14973 alignleft\" src=\"http:\/\/fmriachuelo.com.ar\/wp-content\/uploads\/2022\/04\/WhatsApp-Image-2022-04-14-at-2.48.29-PM-5-300x200.jpeg\" alt=\"\" width=\"300\" height=\"200\" \/><\/span><span style=\"font-weight: 400\"><img loading=\"lazy\" decoding=\"async\" class=\"size-medium wp-image-14974 alignleft\" src=\"http:\/\/fmriachuelo.com.ar\/wp-content\/uploads\/2022\/04\/WhatsApp-Image-2022-04-14-at-2.48.29-PM-4-300x200.jpeg\" alt=\"\" width=\"300\" height=\"200\" \/><\/span><\/p>\n<p><span style=\"font-weight: 400\">El Padre Julio tambi\u00e9n bendijo las embarcaciones. Durante el acto expres\u00f3 la solicitud de que hablaran previamente quienes formaron parte del proceso de conquista de estas lanchas: \u201c<\/span><i><span style=\"font-weight: 400\">La intenci\u00f3n es que esta bendici\u00f3n recoja todo lo que ustedes han contado, historias con mucho esfuerzo y sacrificio, que buscan el bien de sus hermanos y hermanas, el crecimiento del pueblo. Eso es lo que tenemos que bendecir, por eso quise que primero hablaran ustedes, que no quedara solo la bendici\u00f3n de lo material, sino de todo el producto, el proceso y esfuerzo que llev\u00f3 a tener a ambas barcas ac\u00e1<\/span><\/i><span style=\"font-weight: 400\">\u201d.<\/span><\/p>\n<p><span style=\"font-weight: 400\"><img loading=\"lazy\" decoding=\"async\" class=\" wp-image-14972 alignright\" src=\"http:\/\/fmriachuelo.com.ar\/wp-content\/uploads\/2022\/04\/WhatsApp-Image-2022-04-14-at-2.49.52-PM-300x200.jpeg\" alt=\"\" width=\"342\" height=\"228\" \/>El cierre estuvo a cargo de <\/span><b>C\u00e9sar Trejo<\/b><span style=\"font-weight: 400\">, combatiente de Malvinas y director del <\/span><b>Observatorio de Malvinas de la Universidad de Lan\u00fas<\/b><span style=\"font-weight: 400\">, quien adem\u00e1s, ese 13 de abril, cumpl\u00eda 40 a\u00f1os de su llegada a las Islas. <a href=\"https:\/\/www.youtube.com\/watch?v=tixp5ZKDHEw\">C\u00e9sar recuper\u00f3 la heroicidad que, a trav\u00e9s de un discurso de desmalvinizaci\u00f3n que reduce a los combatientes a meras v\u00edctimas, los poderosos buscan borrar al pueblo trabajador<\/a>. Esta \u00e9pica contin\u00faa viva en la lucha, en la organizaci\u00f3n popular, en el trabajo genuino: \u201c<\/span><i><span style=\"font-weight: 400\">\u00bfY que es un h\u00e9roe? No es nada m\u00e1s ni nada menos que el que encarna la virtud. Cuando los compa\u00f1eros logran un objetivo con tenacidad, botar dos lanchas para sacar el producto de nuestra riqueza,\u00a0 para darle de comer barato a nuestro pueblo, esos son h\u00e9roes y hero\u00ednas,\u00a0 la virtud encarnada puesta en verbo y en acci\u00f3n<\/span><\/i><span style=\"font-weight: 400\">\u201d.<\/span><\/p>\n<p><span style=\"font-weight: 400\">Ambas actividades contaron el acompa\u00f1amiento y la participaci\u00f3n de <\/span><b>Cesar Villanueva<\/b><span style=\"font-weight: 400\">, de la <\/span><b>Agrupaci\u00f3n Mar\u00eda Claudia Falcone<\/b><span style=\"font-weight: 400\">; <\/span><b>Marta Ferraro<\/b><span style=\"font-weight: 400\">, de la <\/span><b>Agrupaci\u00f3n De Frente de M\u00e1ximo Paz<\/b><span style=\"font-weight: 400\">; <\/span><b>Norma Morales<\/b><span style=\"font-weight: 400\"> de <\/span><b>Somos Barrios de Pie<\/b><span style=\"font-weight: 400\"> y secretaria adjunta de la UTEP; el <\/span><b>Polaco Carrasco<\/b><span style=\"font-weight: 400\">, del <\/span><b>Movimiento Nacional de Empresas Recuperadas<\/b><span style=\"font-weight: 400\">. Tambi\u00e9n particip\u00f3 una delegaci\u00f3n del Movimiento Los Pibes con representantes de los emprendimientos y trabajos de organizaci\u00f3n comunitaria de La Boca, Avellaneda, Pacheco, Lomas de Zamora.<\/span><\/p>\n<p><span style=\"font-weight: 400\"><img loading=\"lazy\" decoding=\"async\" class=\"wp-image-14979 alignleft\" src=\"http:\/\/fmriachuelo.com.ar\/wp-content\/uploads\/2022\/04\/WhatsApp-Image-2022-04-15-at-1.29.37-PM-1-300x169.jpeg\" alt=\"\" width=\"453\" height=\"255\" \/><\/span><\/p>\n<p><span style=\"font-weight: 400\">Por \u00faltimo, el instructor <\/span><b>Enrique Estevez<\/b><span style=\"font-weight: 400\"> dio pie a los bautismos de las lanchas: fue justamente Enrique quien bautiz\u00f3 Patriota 1, destinada a la capacitaci\u00f3n en navegaci\u00f3n que tendr\u00e1 lugar en la Tapera de L\u00f3pez, y <\/span><b>Pochi<\/b><span style=\"font-weight: 400\">, pescador de La Boya, bautiz\u00f3 Patriota 2, embarcaci\u00f3n que se estren\u00f3 con una recorrida en las aguas de San Clemente, tripulada por los trabajadores y trabajadoras que participaron de las actividades.<\/span><\/p>\n<p><span style=\"font-weight: 400\">As\u00ed se inauguraron Fogata y las Lanchas Patriotas, que ser\u00e1n la llave para abrir la puerta a muchas conquistas m\u00e1s del pueblo trabajador; que simbolizan otro paso en la batalla por su liberaci\u00f3n.<\/span><\/p>\n<p>&nbsp;<\/p>\n<p><strong>Escuch\u00e1 el programa \u00abCazadoras de Zonceras\u00bb, del jueves 14 de abril, con\u00a0cr\u00f3nica, testimonios y reflexiones de la jornada:<\/strong><\/p>\n<p><strong><a href=\"https:\/\/radiocut.fm\/audiocut\/san-clemente-inauguracion-fogata-bautismo-lanchas-patriota-1-y-2\/\" target=\"_blank\" rel=\"noopener\">SAN CLEMENTE: INAUGURACI\u00d3N FOGATA, BAUTISMO LANCHAS PATRIOTA 1 Y 2<\/a><\/strong><\/p>\n<p><strong>Le\u00e9 las cr\u00f3nicas realizadas por la Prensa del Movimiento Popular Los Pibes:<\/strong><\/p>\n<p><strong><a href=\"https:\/\/www.facebook.com\/Lospibeslaboca\/posts\/292792659703418\" target=\"_blank\" rel=\"noopener\">SE INAUGUR\u00d3 FOGATA, ESPACIO DE ENCUENTRO PARA CUIDADORES DE LA CASA COM\u00daN EN SAN CLEMENTE<\/a><\/strong><\/p>\n<p><strong><a href=\"https:\/\/www.facebook.com\/Lospibeslaboca\/posts\/293157329666951\" target=\"_blank\" rel=\"noopener\">PATRIA SI, COLONIA NO: BAUTISMO DE LAS LANCHAS DE PESCA Y FORMACI\u00d3N PATRIOTA 1 Y PATRIOTA 2<\/a><\/strong><\/p>\n","protected":false},"excerpt":{"rendered":"<p>[FM Riachuelo, 15\/4\/2022] La tarea de construir soberan\u00eda es una mochila que hist\u00f3ricamente carga el pueblo trabajador. Lo mismo ocurre ahora con el cuidado del planeta, nuestra Casa Com\u00fan, como la llama Francisco, a la vez que llama a los \u201cpoetas sociales\u201d a protagonizar esta tarea. El mi\u00e9rcoles, en San Clemente del Tuy\u00fa, coincidieron ambas [&hellip;]<\/p>\n","protected":false},"author":5,"featured_media":14980,"comment_status":"closed","ping_status":"closed","sticky":false,"template":"","format":"standard","meta":{"_monsterinsights_skip_tracking":false,"_monsterinsights_sitenote_active":false,"_monsterinsights_sitenote_note":"","_monsterinsights_sitenote_category":0,"jnews-multi-image_gallery":[],"jnews_single_post":{"format":"standard"},"jnews_primary_category":[],"_joinchat":[],"footnotes":""},"categories":[59],"tags":[154,153,148],"class_list":["post-14971","post","type-post","status-publish","format-standard","has-post-thumbnail","hentry","category-informe-riachuelo","tag-economia-popular-2","tag-soberania-2","tag-trabajo"],"_links":{"self":[{"href":"http:\/\/fmriachuelo.it10.com.ar\/index.php\/wp-json\/wp\/v2\/posts\/14971","targetHints":{"allow":["GET"]}}],"collection":[{"href":"http:\/\/fmriachuelo.it10.com.ar\/index.php\/wp-json\/wp\/v2\/posts"}],"about":[{"href":"http:\/\/fmriachuelo.it10.com.ar\/index.php\/wp-json\/wp\/v2\/types\/post"}],"author":[{"embeddable":true,"href":"http:\/\/fmriachuelo.it10.com.ar\/index.php\/wp-json\/wp\/v2\/users\/5"}],"replies":[{"embeddable":true,"href":"http:\/\/fmriachuelo.it10.com.ar\/index.php\/wp-json\/wp\/v2\/comments?post=14971"}],"version-history":[{"count":1,"href":"http:\/\/fmriachuelo.it10.com.ar\/index.php\/wp-json\/wp\/v2\/posts\/14971\/revisions"}],"predecessor-version":[{"id":22239,"href":"http:\/\/fmriachuelo.it10.com.ar\/index.php\/wp-json\/wp\/v2\/posts\/14971\/revisions\/22239"}],"wp:featuredmedia":[{"embeddable":true,"href":"http:\/\/fmriachuelo.it10.com.ar\/index.php\/wp-json\/"}],"wp:attachment":[{"href":"http:\/\/fmriachuelo.it10.com.ar\/index.php\/wp-json\/wp\/v2\/media?parent=14971"}],"wp:term":[{"taxonomy":"category","embeddable":true,"href":"http:\/\/fmriachuelo.it10.com.ar\/index.php\/wp-json\/wp\/v2\/categories?post=14971"},{"taxonomy":"post_tag","embeddable":true,"href":"http:\/\/fmriachuelo.it10.com.ar\/index.php\/wp-json\/wp\/v2\/tags?post=14971"}],"curies":[{"name":"wp","href":"https:\/\/api.w.org\/{rel}","templated":true}]}}