{"id":14967,"date":"2022-04-14T21:24:29","date_gmt":"2022-04-14T21:24:29","guid":{"rendered":"http:\/\/fmriachuelo.com.ar\/?p=14967"},"modified":"2025-04-01T15:46:09","modified_gmt":"2025-04-01T18:46:09","slug":"que-hicieron-con-lautaro-raso-el-joven-argentino-que-fue-hallado-muerto-en-brasil","status":"publish","type":"post","link":"http:\/\/fmriachuelo.it10.com.ar\/index.php\/2022\/04\/14\/que-hicieron-con-lautaro-raso-el-joven-argentino-que-fue-hallado-muerto-en-brasil\/","title":{"rendered":"\u00bfQU\u00c9 HICIERON CON LAUTARO RASO?, EL JOVEN ARGENTINO QUE FUE HALLADO MUERTO EN BRASIL"},"content":{"rendered":"<div class=\"\">\n<div class=\"_1mf _1mj\"><strong>[Radio La Retaguardia, 14\/4\/2022] Lautaro desapareci\u00f3 en Curitiba, Brasil, a comienzos de febrero. Se sabr\u00eda despu\u00e9s que su cuerpo ingres\u00f3 a la morgue el 10 de febrero. Permaneci\u00f3 all\u00ed como NN, a pesar de que ten\u00eda su documentaci\u00f3n encima, hasta que su familia pudo viajar desde Argentina y lo hallaron. La Polic\u00eda les inform\u00f3 que la raz\u00f3n de la muerte hab\u00eda sido un suicidio. Su mam\u00e1 y hermana, desconsoladas, primero creyeron en la versi\u00f3n policial, pero en el transcurso de estas tres semanas que llevan en Brasil, las dudas ganaron terreno sobre las certezas. La autopsia dice que la raz\u00f3n de muerte es indeterminada. Dialogamos con Ivete Carib\u00e9 da Rocha, abogada y Coordinadora del Serpaj de Brasil, que las acompa\u00f1a desde el primer d\u00eda y explic\u00f3 por qu\u00e9 tienen tantas dudas. \u00bfC\u00f3mo colaborar con la familia para sostener su estad\u00eda en Brasil y los gastos de las pericias?<\/strong><\/div>\n<\/div>\n<div class=\"\">\n<div class=\"_1mf _1mj\"><span>\u00a0<\/span><\/div>\n<\/div>\n<div class=\"\">\n<div class=\"_1mf _1mj\"><span>\ud83c\udfa4 Entrevista: Pedro Ram\u00edrez Otero\/Fernando Tebele<\/span><\/div>\n<\/div>\n<div class=\"\">\n<div class=\"_1mf _1mj\"><span>\u00a0<\/span><\/div>\n<\/div>\n<div class=\"\">\n<div class=\"_1mf _1mj\"><span>\u270d\ufe0f Redacci\u00f3n: Mar\u00eda Eugenia Otero\/Fernando Tebele<\/span><\/div>\n<\/div>\n<div><\/div>\n<div><strong><a href=\"https:\/\/www.youtube.com\/watch?v=ioDC_Q454pc\" target=\"_blank\" rel=\"noopener\">ESCUCH\u00c1 LA ENTREVISTA COMPLETA AC\u00c1<\/a><\/strong><\/div>\n<div class=\"\">\n<div class=\"_1mf _1mj\"><\/div>\n<\/div>\n<div class=\"\">\n<div class=\"_1mf _1mj\"><span>\u00abYa estoy lista para contar qu\u00e9 pas\u00f3 con mi hermano , porque como saben lo \u00faltimo que dije es que lo encontramos sin vida en Brasil. D\u00e1ndome mi tiempo porque todav\u00eda nos resulta muy dif\u00edcil de entender que sea \u00e9l el que se fue y m\u00e1s dif\u00edcil entender qu\u00e9 pas\u00f3\u00bb. As\u00ed comienza el texto que Paloma Raso, la hermana de Lautaro, public\u00f3 ayer en sus redes sociales. Fue la primera vez en la que la familia pudo poner en palabras p\u00fablicas sus dudas sobre la muerte del joven artista callejero argentino. La Polic\u00eda les hab\u00eda presentado el caso como un suicidio, pero la autopsia dice que la raz\u00f3n de muerte no se pudo determinar. Lautaro era tambi\u00e9n parte de la familia de La Retaguardia. Siempre que pod\u00eda colaboraba de alguna manera, con su arte o solo con su presencia alegre y luminosa.<\/span><\/div>\n<\/div>\n<div class=\"\">\n<div class=\"_1mf _1mj\"><\/div>\n<\/div>\n<div class=\"\">\n<div class=\"_1mf _1mj\"><span>\u00abSu muerte no fue una muerte natural, fue encontrado a orillas de un peque\u00f1o r\u00edo en la ciudad de Colombo, colgado de un \u00e1rbol con su mochila que ten\u00eda sus juguetes de malabar cerca de \u00e9l en el piso , la policia civil que encontr\u00f3 el cuerpo declar\u00f3 que sin lugar a dudas se trataba de un suicido, m\u00e1s no presentan pruebas de porque llegan a esa hip\u00f3tesis y hay muchas negligencias respecto a los protocolos que se deben cumplir cuando se encuentra un cuerpo en esta situaci\u00f3n, como por ejemplo no sabemos a donde fue a parar la mochila de lauti. No declararon haber buscado huellas que garanticen que si se trata de un suicidio. De ser que eso estuviese declarado, pero no se hayan encontrado, tendr\u00eda m\u00e1s sentido\u00bb, continu\u00f3 Paloma. <\/span><\/div>\n<\/div>\n<div class=\"\">\n<div class=\"_1mf _1mj\"><span>\u00a0<\/span><\/div>\n<\/div>\n<div class=\"\">\n<div class=\"_1mf _1mj\"><span>La Retaguardia dialog\u00f3 con Ivete Carib\u00e9 da Rocha, Coordinadora del Serpaj Brasil. Paloma Raso y Marta Ibarra, la mam\u00e1 de Lautaro, se instalaron en su casa de Curitiba y han sido acompa\u00f1adas desde el primer momento por ella. En el video del comienzo de esta nota, explica c\u00f3mo fue el proceso que llev\u00f3 a la familia a pasar de las certezas a las dudas. <\/span><\/div>\n<\/div>\n<div class=\"\">\n<div class=\"_1mf _1mj\"><span>\u00a0<\/span><\/div>\n<\/div>\n<div class=\"\">\n<div class=\"_1mf _1mj\"><span>\u00abPor qu\u00e9 no revisaron su billetera? <\/span><\/div>\n<\/div>\n<div class=\"\">\n<div class=\"_1mf _1mj\"><span>\u00bfPor qu\u00e9 la policia no recogi\u00f3 sus pertenencias y declar\u00f3 de inmediato que se trataba de un suicido sin buscar pruebas que lo constaten? <\/span><\/div>\n<\/div>\n<div class=\"\">\n<div class=\"_1mf _1mj\"><span>\u00bfPor qu\u00e9 dijeron tanto al consulado argentino como al fiscal del ministerio p\u00fablico que no hab\u00eda ingresado ning\u00fan NN? <\/span><\/div>\n<\/div>\n<div class=\"\">\n<div class=\"_1mf _1mj\"><span>\u00bfPor qu\u00e9 la autopsia lo declara como muerte indefinida y porque no muestra con fotos lo que declara?\u00bb, se pregunt\u00f3 Paloma en su escrito.<\/span><\/div>\n<\/div>\n<div class=\"\">\n<div class=\"_1mf _1mj\"><span>\u00a0<\/span><\/div>\n<\/div>\n<div class=\"\">\n<div class=\"_1mf _1mj\"><span>La Justicia brasile\u00f1a acept\u00f3 realizar una autopsia complementaria a pedido de la familia, cuyos resultados se conocer\u00e1n el pr\u00f3ximo martes. <\/span><\/div>\n<\/div>\n<div class=\"\">\n<div class=\"_1mf _1mj\"><span>Para sostener la estad\u00eda y los gastos por la permanencia en Brasil de la familia, y tambi\u00e9n para cubrir los gastos jur\u00eddicos, Paloma y Marta est\u00e1n recibiendo aportes en la cuenta bancaria con ALIAS: BUSQUEDA.LAUTARO con CBU 0140087803502354792741<\/span><\/div>\n<\/div>\n<div><\/div>\n<div><strong>Nota de origen:<\/strong><\/div>\n<div><strong><a href=\"https:\/\/radiolaretaguardia.blogspot.com\/2022\/04\/lautaro-raso.html\">https:\/\/radiolaretaguardia.blogspot.com\/2022\/04\/lautaro-raso.html<\/a><\/strong><\/div>\n<div class=\"\">\n<div class=\"_1mf _1mj\"><span>\u00a0<\/span><\/div>\n<\/div>\n<div class=\"\">\n<div class=\"_1mf _1mj\"><\/div>\n<\/div>\n","protected":false},"excerpt":{"rendered":"<p>[Radio La Retaguardia, 14\/4\/2022] Lautaro desapareci\u00f3 en Curitiba, Brasil, a comienzos de febrero. Se sabr\u00eda despu\u00e9s que su cuerpo ingres\u00f3 a la morgue el 10 de febrero. Permaneci\u00f3 all\u00ed como NN, a pesar de que ten\u00eda su documentaci\u00f3n encima, hasta que su familia pudo viajar desde Argentina y lo hallaron. La Polic\u00eda les inform\u00f3 que [&hellip;]<\/p>\n","protected":false},"author":5,"featured_media":14968,"comment_status":"closed","ping_status":"closed","sticky":false,"template":"","format":"standard","meta":{"_monsterinsights_skip_tracking":false,"_monsterinsights_sitenote_active":false,"_monsterinsights_sitenote_note":"","_monsterinsights_sitenote_category":0,"jnews-multi-image_gallery":[],"jnews_single_post":{"format":"standard"},"jnews_primary_category":[],"_joinchat":[],"footnotes":""},"categories":[58],"tags":[160,70],"class_list":["post-14967","post","type-post","status-publish","format-standard","has-post-thumbnail","hentry","category-noticiariachuelo","tag-comunicacion-popular-2","tag-de-la-patria-grande"],"_links":{"self":[{"href":"http:\/\/fmriachuelo.it10.com.ar\/index.php\/wp-json\/wp\/v2\/posts\/14967","targetHints":{"allow":["GET"]}}],"collection":[{"href":"http:\/\/fmriachuelo.it10.com.ar\/index.php\/wp-json\/wp\/v2\/posts"}],"about":[{"href":"http:\/\/fmriachuelo.it10.com.ar\/index.php\/wp-json\/wp\/v2\/types\/post"}],"author":[{"embeddable":true,"href":"http:\/\/fmriachuelo.it10.com.ar\/index.php\/wp-json\/wp\/v2\/users\/5"}],"replies":[{"embeddable":true,"href":"http:\/\/fmriachuelo.it10.com.ar\/index.php\/wp-json\/wp\/v2\/comments?post=14967"}],"version-history":[{"count":1,"href":"http:\/\/fmriachuelo.it10.com.ar\/index.php\/wp-json\/wp\/v2\/posts\/14967\/revisions"}],"predecessor-version":[{"id":22240,"href":"http:\/\/fmriachuelo.it10.com.ar\/index.php\/wp-json\/wp\/v2\/posts\/14967\/revisions\/22240"}],"wp:featuredmedia":[{"embeddable":true,"href":"http:\/\/fmriachuelo.it10.com.ar\/index.php\/wp-json\/"}],"wp:attachment":[{"href":"http:\/\/fmriachuelo.it10.com.ar\/index.php\/wp-json\/wp\/v2\/media?parent=14967"}],"wp:term":[{"taxonomy":"category","embeddable":true,"href":"http:\/\/fmriachuelo.it10.com.ar\/index.php\/wp-json\/wp\/v2\/categories?post=14967"},{"taxonomy":"post_tag","embeddable":true,"href":"http:\/\/fmriachuelo.it10.com.ar\/index.php\/wp-json\/wp\/v2\/tags?post=14967"}],"curies":[{"name":"wp","href":"https:\/\/api.w.org\/{rel}","templated":true}]}}