{"id":1496,"date":"2016-01-03T13:44:00","date_gmt":"2016-01-03T13:44:00","guid":{"rendered":"http:\/\/fmriachuelo.observatorioess.org.ar\/index.php\/2016\/01\/03\/bolivia-garcia-lineras-revela-el-secreto-del-milagro-economico\/"},"modified":"2016-01-03T13:44:00","modified_gmt":"2016-01-03T13:44:00","slug":"bolivia-garcia-lineras-revela-el-secreto-del-milagro-economico","status":"publish","type":"post","link":"http:\/\/fmriachuelo.it10.com.ar\/index.php\/2016\/01\/03\/bolivia-garcia-lineras-revela-el-secreto-del-milagro-economico\/","title":{"rendered":"BOLIVIA: GARC\u00cdA LINERAS REVELA EL SECRETO DEL MILAGRO ECON\u00d3MICO"},"content":{"rendered":"<p><\/p>\n<div style=\"clear: left;float: left;margin-bottom: 1em;margin-right: 1em\"><b style=\"font-family: Verdana, sans-serif\"><span style=\"color: red;font-size: large\">LA FORTALEZA DEL LIDERAZGO DE EVO Y EL PROTAGONISMO DE LOS MOVIMIENTOS SOCIALES<\/span><\/b><\/p>\n<div style=\"text-align: justify\"><span style=\"font-family: Verdana, sans-serif\"><\/span><span style=\"font-family: Verdana, sans-serif\">BOLIVIA APUNTA A REDUCIR POBREZA A 9,5 % EN 2020<\/span><\/div>\n<div style=\"text-align: justify\"><a href=\"https:\/\/4.bp.blogspot.com\/-BWjOYNrBvyc\/VokjrPQKMbI\/AAAAAAAAHxc\/jNA_whIbKEc\/s1600\/boliv_1.jpg_1802707629.jpg\" style=\"clear: left;float: left;margin-bottom: 1em;margin-right: 1em;text-align: justify\"><img loading=\"lazy\" decoding=\"async\" border=\"0\" height=\"181\" src=\"http:\/\/4.bp.blogspot.com\/-BWjOYNrBvyc\/VokjrPQKMbI\/AAAAAAAAHxc\/jNA_whIbKEc\/s320\/boliv_1.jpg_1802707629.jpg\" width=\"320\" \/><\/a><span style=\"font-family: Verdana, sans-serif\">El Vicepresidente de Bolivia, \u00c1lvaro Garc\u00eda Linera, destac\u00f3 este jueves que el modelo boliviano se basa en la participaci\u00f3n de los movimientos sociales en las pol\u00edticas del estado, nacionalizaci\u00f3n, mercado interno, distribuci\u00f3n de la riqueza, industrializaci\u00f3n y el liderazgo del presidente Evo Morales. Tambi\u00e9n afirm\u00f3 que el pa\u00eds est\u00e1 viviendo uno de los momentos econ\u00f3micos y sociales m\u00e1s importantes de su historia. El comentario del vicepresidente boliviano lo hizo en referencia a los avances en materia econ\u00f3mica durante el gobierno de Evo Morales.<\/span><\/div>\n<div style=\"text-align: justify\"><span style=\"font-family: Verdana, sans-serif\"><\/span><\/div>\n<p><a name='more'><\/a>Durante una entrevista en la televisora oficial, Garc\u00eda Linera dijo que la econom\u00eda del pa\u00eds hace nueve a\u00f1os era de nueve mil millones de&nbsp;d\u00f3lares, hoy el producto interno bruto (PIB) es de 33 mil millones. Ning\u00fan pa\u00eds de la regi\u00f3n ha presentado tal crecimiento econ\u00f3mico.<\/p>\n<div style=\"text-align: justify\"><span style=\"font-family: Verdana, sans-serif\">Linera explic\u00f3 que gracias a las pol\u00edticas econ\u00f3micas del gobierno, la estabilidad pol\u00edtica, social y seguridad jur\u00eddica para la inversi\u00f3n extranjera entre otras causas ha beneficiado al sistema econ\u00f3mico del pa\u00eds, llevando a que la econom\u00eda del pa\u00eds presente el mayor crecimiento en&nbsp;Latinoamerica.<\/span><\/div>\n<\/div>\n<p><span style=\"font-family: Verdana, sans-serif\"><\/span><\/p>\n<div style=\"text-align: justify\"><span style=\"font-family: Verdana, sans-serif\"><br \/><\/span><\/div>\n<p><span style=\"font-family: Verdana, sans-serif\"><\/span><\/p>\n<div style=\"text-align: justify\"><span style=\"font-family: Verdana, sans-serif\"><b>El gobierno boliviano distribuye la riqueza del pa\u00eds con el pueblo.<\/b><\/span><\/div>\n<p><span style=\"font-family: Verdana, sans-serif\"><\/span><\/p>\n<div style=\"text-align: justify\"><span style=\"font-family: Verdana, sans-serif\">El vicepresidente coment\u00f3 que el mundo habla del milagro boliviano en materia econ\u00f3mica y que a diario le preguntan como han hecho para&nbsp;crecer en medio del decrecimiento econ\u00f3mico que se viene presentando en la regi\u00f3n.<\/span><\/div>\n<p><span style=\"font-family: Verdana, sans-serif\"><\/span><\/p>\n","protected":false},"excerpt":{"rendered":"<p>LA FORTALEZA DEL LIDERAZGO DE EVO Y EL PROTAGONISMO DE LOS MOVIMIENTOS SOCIALES BOLIVIA APUNTA A REDUCIR POBREZA A 9,5 % EN 2020 El Vicepresidente de Bolivia, \u00c1lvaro Garc\u00eda Linera, destac\u00f3 este jueves que el modelo boliviano se basa en la participaci\u00f3n de los movimientos sociales en las pol\u00edticas del estado, nacionalizaci\u00f3n, mercado interno, distribuci\u00f3n [&hellip;]<\/p>\n","protected":false},"author":4,"featured_media":0,"comment_status":"open","ping_status":"open","sticky":false,"template":"","format":"standard","meta":{"_monsterinsights_skip_tracking":false,"_monsterinsights_sitenote_active":false,"_monsterinsights_sitenote_note":"","_monsterinsights_sitenote_category":0,"jnews-multi-image_gallery":[],"jnews_single_post":[],"jnews_primary_category":[],"_joinchat":[],"footnotes":""},"categories":[1],"tags":[],"class_list":["post-1496","post","type-post","status-publish","format-standard","hentry","category-habitat"],"_links":{"self":[{"href":"http:\/\/fmriachuelo.it10.com.ar\/index.php\/wp-json\/wp\/v2\/posts\/1496","targetHints":{"allow":["GET"]}}],"collection":[{"href":"http:\/\/fmriachuelo.it10.com.ar\/index.php\/wp-json\/wp\/v2\/posts"}],"about":[{"href":"http:\/\/fmriachuelo.it10.com.ar\/index.php\/wp-json\/wp\/v2\/types\/post"}],"author":[{"embeddable":true,"href":"http:\/\/fmriachuelo.it10.com.ar\/index.php\/wp-json\/wp\/v2\/users\/4"}],"replies":[{"embeddable":true,"href":"http:\/\/fmriachuelo.it10.com.ar\/index.php\/wp-json\/wp\/v2\/comments?post=1496"}],"version-history":[{"count":0,"href":"http:\/\/fmriachuelo.it10.com.ar\/index.php\/wp-json\/wp\/v2\/posts\/1496\/revisions"}],"wp:attachment":[{"href":"http:\/\/fmriachuelo.it10.com.ar\/index.php\/wp-json\/wp\/v2\/media?parent=1496"}],"wp:term":[{"taxonomy":"category","embeddable":true,"href":"http:\/\/fmriachuelo.it10.com.ar\/index.php\/wp-json\/wp\/v2\/categories?post=1496"},{"taxonomy":"post_tag","embeddable":true,"href":"http:\/\/fmriachuelo.it10.com.ar\/index.php\/wp-json\/wp\/v2\/tags?post=1496"}],"curies":[{"name":"wp","href":"https:\/\/api.w.org\/{rel}","templated":true}]}}