{"id":14943,"date":"2022-04-08T20:35:25","date_gmt":"2022-04-08T20:35:25","guid":{"rendered":"http:\/\/fmriachuelo.com.ar\/?p=14943"},"modified":"2025-04-01T17:15:13","modified_gmt":"2025-04-01T20:15:13","slug":"reconocimiento-a-la-economia-popular-jackie-flores-asume-en-el-ministerio-de-ambiente-de-la-provincia-de-buenos-aires","status":"publish","type":"post","link":"http:\/\/fmriachuelo.it10.com.ar\/index.php\/2022\/04\/08\/reconocimiento-a-la-economia-popular-jackie-flores-asume-en-el-ministerio-de-ambiente-de-la-provincia-de-buenos-aires\/","title":{"rendered":"RECONOCIMIENTO A LA ECONOM\u00cdA POPULAR: JACKIE FLORES ASUME EN EL MINISTERIO DE AMBIENTE DE LA PROVINCIA DE BUENOS AIRES"},"content":{"rendered":"<p><strong>[FM Riachuelo, 08\/04\/2022] Este viernes por la ma\u00f1ana fue el acto de lanzamiento del nuevo Ministerio de Ambiente de la provincia de Buenos Aires en el Estadio \u00danico Diego Armando Maradona de La Plata. Jackie Flores, referente hist\u00f3rica de la Federaci\u00f3n Argentina de Cartoneros, Carreros y Recicladores (FACCYR) y del Movimiento de Trabajadores Excluidos (MTE), asumi\u00f3 como Subsecretaria de Residuos S\u00f3lidos Urbanos y Econom\u00eda Circular del nuevo ministerio. El Secretariado de la UTEP estuvo presente, acompa\u00f1ando este reconocimiento a lxs trabajadorxs de la Econom\u00eda Popular en la gesti\u00f3n de las pol\u00edticas ambientales.<\/strong><\/p>\n<p><em><br \/>\n<\/em><\/p>\n<p><em><img loading=\"lazy\" decoding=\"async\" class=\" wp-image-14945 alignleft\" src=\"http:\/\/fmriachuelo.com.ar\/wp-content\/uploads\/2022\/04\/nota-300x142.jpg\" alt=\"\" width=\"378\" height=\"179\" \/><\/em><\/p>\n<p><em>\u201cS\u00e9 que vinimos a cambiar las estructuras de un Estado que muchas veces invisibiliz\u00f3 lo que no conoce, que\u00a0muchas veces invisibiliz\u00f3 a lo que se le ten\u00eda miedo. Que se quede tranquilo ese Estado, que nosotros vinimos para sumar y para dar todas las discusiones que tengamos que dar\u201d<\/em>, dijo Jackie antes de asumir como Subsecretaria de Residuos S\u00f3lidos Urbanos y Econom\u00eda Circular, acompa\u00f1ada por sus compa\u00f1erxs cartonerxs de toda la vida.<\/p>\n<p><em>\u201cVenimos hace mucho tiempo luchando a partir de una acci\u00f3n concreta y profunda, lamentablemente de una crisis, rompiendo una bolsa de basura para poder comer, posteriormente llevando y mostrando la capacidad que tenemos e instalando un sistema de reciclado con inclusi\u00f3n social en la Ciudad de Buenos Aires\u201d<\/em>, cont\u00f3 sobre la larga data de lucha que tienen los trabajadorxs cartonerxs.<\/p>\n<p><em>\u201cEso me permiti\u00f3 referenciarme no solamente como trabajadora, como cartonera, sino como feminista popular y ambientalista popular. Que hoy me toque refenciar una Subsecretar\u00eda de Residuos S\u00f3lidos Urbanos y Econom\u00eda Circular en el primer Ministerio de Ambiente de la provincia de Buenos Aires tiene que ver con que era verdad que lo que ten\u00edamos por contar y por decir era importante\u201d<\/em>, concluy\u00f3, haciendo conciencia de que la problem\u00e1tica social y la ambiental son una sola, y que, ante esto, debemos seguir fortaleciendo el trabajo de la Econom\u00eda Popular.<\/p>\n","protected":false},"excerpt":{"rendered":"<p>[FM Riachuelo, 08\/04\/2022] Este viernes por la ma\u00f1ana fue el acto de lanzamiento del nuevo Ministerio de Ambiente de la provincia de Buenos Aires en el Estadio \u00danico Diego Armando Maradona de La Plata. Jackie Flores, referente hist\u00f3rica de la Federaci\u00f3n Argentina de Cartoneros, Carreros y Recicladores (FACCYR) y del Movimiento de Trabajadores Excluidos (MTE), [&hellip;]<\/p>\n","protected":false},"author":5,"featured_media":14944,"comment_status":"closed","ping_status":"closed","sticky":false,"template":"","format":"standard","meta":{"_monsterinsights_skip_tracking":false,"_monsterinsights_sitenote_active":false,"_monsterinsights_sitenote_note":"","_monsterinsights_sitenote_category":0,"jnews-multi-image_gallery":[],"jnews_single_post":{"format":"standard"},"jnews_primary_category":[],"_joinchat":[],"footnotes":""},"categories":[58],"tags":[154,147,156],"class_list":["post-14943","post","type-post","status-publish","format-standard","has-post-thumbnail","hentry","category-noticiariachuelo","tag-economia-popular-2","tag-habitat","tag-tierra-techo-y-trabajo"],"_links":{"self":[{"href":"http:\/\/fmriachuelo.it10.com.ar\/index.php\/wp-json\/wp\/v2\/posts\/14943","targetHints":{"allow":["GET"]}}],"collection":[{"href":"http:\/\/fmriachuelo.it10.com.ar\/index.php\/wp-json\/wp\/v2\/posts"}],"about":[{"href":"http:\/\/fmriachuelo.it10.com.ar\/index.php\/wp-json\/wp\/v2\/types\/post"}],"author":[{"embeddable":true,"href":"http:\/\/fmriachuelo.it10.com.ar\/index.php\/wp-json\/wp\/v2\/users\/5"}],"replies":[{"embeddable":true,"href":"http:\/\/fmriachuelo.it10.com.ar\/index.php\/wp-json\/wp\/v2\/comments?post=14943"}],"version-history":[{"count":1,"href":"http:\/\/fmriachuelo.it10.com.ar\/index.php\/wp-json\/wp\/v2\/posts\/14943\/revisions"}],"predecessor-version":[{"id":22282,"href":"http:\/\/fmriachuelo.it10.com.ar\/index.php\/wp-json\/wp\/v2\/posts\/14943\/revisions\/22282"}],"wp:featuredmedia":[{"embeddable":true,"href":"http:\/\/fmriachuelo.it10.com.ar\/index.php\/wp-json\/"}],"wp:attachment":[{"href":"http:\/\/fmriachuelo.it10.com.ar\/index.php\/wp-json\/wp\/v2\/media?parent=14943"}],"wp:term":[{"taxonomy":"category","embeddable":true,"href":"http:\/\/fmriachuelo.it10.com.ar\/index.php\/wp-json\/wp\/v2\/categories?post=14943"},{"taxonomy":"post_tag","embeddable":true,"href":"http:\/\/fmriachuelo.it10.com.ar\/index.php\/wp-json\/wp\/v2\/tags?post=14943"}],"curies":[{"name":"wp","href":"https:\/\/api.w.org\/{rel}","templated":true}]}}