{"id":1494,"date":"2016-01-03T14:33:00","date_gmt":"2016-01-03T14:33:00","guid":{"rendered":"http:\/\/fmriachuelo.observatorioess.org.ar\/index.php\/2016\/01\/03\/otro-incendio-en-la-boca-en-ministro-brin-1213-once-familias-en-la-calle\/"},"modified":"2016-01-03T14:33:00","modified_gmt":"2016-01-03T14:33:00","slug":"otro-incendio-en-la-boca-en-ministro-brin-1213-once-familias-en-la-calle","status":"publish","type":"post","link":"http:\/\/fmriachuelo.it10.com.ar\/index.php\/2016\/01\/03\/otro-incendio-en-la-boca-en-ministro-brin-1213-once-familias-en-la-calle\/","title":{"rendered":"OTRO INCENDIO EN LA BOCA: EN MINISTRO BRIN 1213 ONCE FAMILIAS EN LA CALLE"},"content":{"rendered":"<p><span style=\"font-family: Verdana, sans-serif\">INCENDIOS REPETIDOS, TOMAS DE AGUA TAPADAS CON CEMENTO Y UN VERGONZOSO SUBSIDIO PARA LAS FAMILIAS SINIESTRADAS<\/span><br \/><span style=\"color: red;font-family: Verdana, sans-serif;font-size: x-large\"><b>POBREZA CERO<\/b><\/span><\/p>\n<p><\/p>\n<div style=\"text-align: justify\"><span style=\"font-family: Verdana, sans-serif\"><i><b>Difundimos comunicado de La Boca Resiste y Propone<\/b><\/i><\/span><\/div>\n<div style=\"text-align: justify\"><span style=\"font-family: Verdana, sans-serif\">UN NUEVO INCENDIO EN LA BOCA DEJA A ONCE FAMILIAS EN LA CALLE<\/span><\/div>\n<div style=\"text-align: justify\"><span style=\"font-family: Verdana, sans-serif\"><br \/><\/span><\/div>\n<div style=\"text-align: justify\"><span style=\"font-family: Verdana, sans-serif\">LOS VECINOS ACAMPAN EN LA PLAZA SOL\u00cdS EXIGIENDO VIVIENDA DIGNA Y POL\u00cdTICAS P\u00daBLICAS PARA UN BARRIO EN CRISIS HABITACIONAL.<\/span><\/div>\n<div style=\"text-align: justify\"><span style=\"font-family: Verdana, sans-serif\">Durante las primeras horas de iniciado el 2016, La Boca volvi\u00f3 a ser golpeada por un incendio que esta vez destruy\u00f3 dos conventillos y dej\u00f3 en la calle y sin nada a once familias hist\u00f3ricas del barrio. En Ministro Brin 1213\/11 y Su\u00e1rez 218 viv\u00edan vecinos, muchos desde hace 30 y hasta 50 a\u00f1os. Como el caso de Ramona Gonz\u00e1lez, de 89 a\u00f1os, ciega, quien de milagro logr\u00f3 salir ilesa del fuego.<\/span><\/div>\n<div style=\"text-align: justify\"><span style=\"font-family: Verdana, sans-serif\">El incendio se inici\u00f3 a las 2 de la madrugada en el primer piso de Brin 1213 por motivos que a\u00fan se desconocen y r\u00e1pidamente se propag\u00f3 al conventillo lindero, en la esquina de Su\u00e1rez, debido a que las dotaciones de bomberos voluntarios y de la Polic\u00eda Federal no lograban conseguir hidrantes para que sus mangueras apagaran el incendio. Muchas de ellas, a metros del lugar, se hallaban tapadas por cemento y baldosas luego de las obras en la Plaza Sol\u00eds. Finalmente, lograron extinguirlo sin tener que lamentar v\u00edctimas, s\u00f3lo un bombero voluntario de Vuelta de Rocha que tuvo que ser hospitalizado.<\/span><\/div>\n<p><a name='more'><\/a><\/p>\n<div style=\"text-align: justify\"><span style=\"font-family: Verdana, sans-serif\">En este momento las once familias se encuentran acampando frente a lugar del incendio, en reclamo de una vivienda digna y en rechazo de paradores como les ofrecieron como \u00fanica opci\u00f3n los representantes del Gobierno porte\u00f1o en el BAP. El Programa Buenos Aires Presente tard\u00f3 dos horas en llegar al incendio y s\u00f3lo brind\u00f3 a los vecinos algunos colchones y 3 pack de agua mineral de medio litro que, obviamente, se terminaron a pocos minutos. Reci\u00e9n el lunes, dijeron, las familias podr\u00edan gestionar el subsidio de emergencia habitacional de 1800 pesos que, como repetimos en cada ocasi\u00f3n, no alcanza para paliar la urgente y desesperante situaci\u00f3n. El monto no se actualiza desde hace al menos cuatro a\u00f1os a pesar de la inflaci\u00f3n y de lo costoso que es poder conseguir un lugar para habitar.<\/span><\/div>\n<div style=\"text-align: justify\"><span style=\"font-family: Verdana, sans-serif\">Durante la \u00faltima d\u00e9cada, La Boca ve a diario c\u00f3mo se profundiza su crisis habitacional que a trav\u00e9s de incendios y desalojos expulsa a los hist\u00f3ricos vecinos del barrio, dejando tierra libre para el avance de los negocios inmobiliarios que crecen impulsados por el Estado porte\u00f1o. Porque a esos sectores de especulaci\u00f3n y riqueza, la gesti\u00f3n del PRO s\u00ed los ayuda con sus pol\u00edticas p\u00fablicas mientras le da la espalda a los sectores m\u00e1s pobres de la Ciudad que gobierna. La Constituci\u00f3n porte\u00f1a garantiza el derecho a una vivienda digna y las familias exigen que el Estado lo cumpla.<\/span><\/div>\n<div style=\"text-align: justify\"><span style=\"font-family: Verdana, sans-serif\">Por otra parte, alertamos sobre la situaci\u00f3n de los inmuebles incendiados dado que existe un juicio de usucapi\u00f3n que en breve les dar\u00e1 la tenencia del lugar a los vecinos ya que no existen due\u00f1os herederos y ellos se hacen cargo de los servicios desde hace m\u00e1s de 30 a\u00f1os. La alerta se debe a que el barrio ya tuvo antecedentes del Gobierno porte\u00f1o intentado quedarse con viviendas tras incendios, aprovech\u00e1ndose de la vulnerabilidad de quienes las habitan hist\u00f3ricamente y acumulando tierras para negociados y no para dar vivienda digna a los vecinos.<\/span><\/div>\n<div style=\"text-align: justify\"><span style=\"font-family: Verdana, sans-serif\">Mientras tanto, y como ocurre ante cada incendio, la solidaridad del barrio se multiplica. Para quienes consultan c\u00f3mo ayudar, los vecinos est\u00e1n recibiendo las donaciones en Brin al 1200, en Plaza Sol\u00eds, donde se encuentran acampando.<\/span><\/div>\n<div style=\"text-align: justify\"><span style=\"font-family: Verdana, sans-serif\">Lo que necesitan es ropa de cama, toallas, elementos de higiene personal, pa\u00f1ales talle XXG, ropa de verano para adultos y ni\u00f1os, repelentes, lonas o toldos y alargues para tener luz durante la noche. Tambi\u00e9n hace falta agua y alimentos.<\/span><\/div>\n<div style=\"text-align: justify\"><span style=\"font-family: Verdana, sans-serif\">El colectivo de vecinos y organizaciones sociales y pol\u00edticas reunidos en La Boca Resiste y Propone, y el Grupo de Vivienda y H\u00e1bitat de La Boca estuvo presente esta madrugada y seguir\u00e1 estando ante cada situaci\u00f3n de emergencia junto a los vecinos. Pero exigimos que el Gobierno porte\u00f1o cumpla en garantizar el derecho a la vivienda de las familias de La Boca y ponga en marcha un plan serio que haga frente a esta crisis que se profundiza d\u00eda a d\u00eda. Llega el verano y, con el calor, los incendios aumentan. Lo dijimos hace una semana en el incendio de Caboto y Lamadrid (a dos cuadras del de esta madrugada), lo repetimos hace 31 d\u00edas en el incendio de Brin al 700 ocurrido el 1 de diciembre: Responsabilizamos a la actual gesti\u00f3n al frente del Estado porte\u00f1o que no impuls\u00f3 en sus a\u00f1os de gobierno ni una sola pol\u00edtica p\u00fablica para prevenirlos.<\/span><\/div>\n","protected":false},"excerpt":{"rendered":"<p>INCENDIOS REPETIDOS, TOMAS DE AGUA TAPADAS CON CEMENTO Y UN VERGONZOSO SUBSIDIO PARA LAS FAMILIAS SINIESTRADASPOBREZA CERO Difundimos comunicado de La Boca Resiste y Propone UN NUEVO INCENDIO EN LA BOCA DEJA A ONCE FAMILIAS EN LA CALLE LOS VECINOS ACAMPAN EN LA PLAZA SOL\u00cdS EXIGIENDO VIVIENDA DIGNA Y POL\u00cdTICAS P\u00daBLICAS PARA UN BARRIO EN [&hellip;]<\/p>\n","protected":false},"author":4,"featured_media":0,"comment_status":"open","ping_status":"open","sticky":false,"template":"","format":"standard","meta":{"_monsterinsights_skip_tracking":false,"_monsterinsights_sitenote_active":false,"_monsterinsights_sitenote_note":"","_monsterinsights_sitenote_category":0,"jnews-multi-image_gallery":[],"jnews_single_post":[],"jnews_primary_category":[],"_joinchat":[],"footnotes":""},"categories":[1],"tags":[],"class_list":["post-1494","post","type-post","status-publish","format-standard","hentry","category-habitat"],"_links":{"self":[{"href":"http:\/\/fmriachuelo.it10.com.ar\/index.php\/wp-json\/wp\/v2\/posts\/1494","targetHints":{"allow":["GET"]}}],"collection":[{"href":"http:\/\/fmriachuelo.it10.com.ar\/index.php\/wp-json\/wp\/v2\/posts"}],"about":[{"href":"http:\/\/fmriachuelo.it10.com.ar\/index.php\/wp-json\/wp\/v2\/types\/post"}],"author":[{"embeddable":true,"href":"http:\/\/fmriachuelo.it10.com.ar\/index.php\/wp-json\/wp\/v2\/users\/4"}],"replies":[{"embeddable":true,"href":"http:\/\/fmriachuelo.it10.com.ar\/index.php\/wp-json\/wp\/v2\/comments?post=1494"}],"version-history":[{"count":0,"href":"http:\/\/fmriachuelo.it10.com.ar\/index.php\/wp-json\/wp\/v2\/posts\/1494\/revisions"}],"wp:attachment":[{"href":"http:\/\/fmriachuelo.it10.com.ar\/index.php\/wp-json\/wp\/v2\/media?parent=1494"}],"wp:term":[{"taxonomy":"category","embeddable":true,"href":"http:\/\/fmriachuelo.it10.com.ar\/index.php\/wp-json\/wp\/v2\/categories?post=1494"},{"taxonomy":"post_tag","embeddable":true,"href":"http:\/\/fmriachuelo.it10.com.ar\/index.php\/wp-json\/wp\/v2\/tags?post=1494"}],"curies":[{"name":"wp","href":"https:\/\/api.w.org\/{rel}","templated":true}]}}