{"id":14931,"date":"2022-04-07T20:47:56","date_gmt":"2022-04-07T20:47:56","guid":{"rendered":"http:\/\/fmriachuelo.com.ar\/?p=14931"},"modified":"2025-04-01T17:16:32","modified_gmt":"2025-04-01T20:16:32","slug":"lujan-peregrinacion-por-la-tierra-prometida","status":"publish","type":"post","link":"http:\/\/fmriachuelo.it10.com.ar\/index.php\/2022\/04\/07\/lujan-peregrinacion-por-la-tierra-prometida\/","title":{"rendered":"LUJ\u00c1N: PEREGRINACI\u00d3N POR LA TIERRA PROMETIDA"},"content":{"rendered":"<p><strong>#TierraTechoTrabajo<\/strong><\/p>\n<p><strong>[FM Riachuelo,\u00a0 6\/04\/2022] \u00abVamos caminando a la tierra prometida con todo el pueblo\u201d, con \u00e9stas palabras el padre Sergio G\u00f3mez Tey , bendijo a los trabajadores y las trabajadoras de la Econom\u00eda Popular para dar\u00a0 inici\u00f3 a la Peregrinaci\u00f3n por la tierra.\u00a0 En su oraci\u00f3n\u00a0 rezo por el Papa Francisco, la Patria\u00a0 y el proyecto de tierra, techo y trabajo.<\/strong><\/p>\n<p>El punto de partida fue la Bas\u00edlica de Luj\u00e1n hasta llegar a Capit\u00e1n Sarmiento. La actividad fue\u00a0 convocada por la Uni\u00f3n de Trabajadores de la Econom\u00eda Popular (UTEP) en unidad con el Movimiento Misioneros de Francisco. Bajo la consigna Tierra, Techo y Trabajo, la jornada se realiz\u00f3 para exigir convenios con el estado para el uso de tierras estatales que fueron prometidas\u00a0 a los trabajadores de la tierra para producir\u00a0 alimentos desde la l\u00f3gica de la\u00a0 econom\u00eda popular.<\/p>\n<p>En nuestro pa\u00eds se vive una crisis econ\u00f3mica profunda que afecta a\u00a0 las familias m\u00e1s humildes\u00a0 que en muchos casos no pueden comprar alimentos\u00a0 de buena calidad para el consumo. En este contexto\u00a0 estas tierras que hoy le exigen al estado a trav\u00e9s de\u00a0 convenios serian una de las tantas\u00a0 soluciones para que los productores que se dedican a la producci\u00f3n de alimentos puedan garantizar la comida para esas familias a un precio accesible y de buena calidad.<\/p>\n<p>El planteo que se realiza desde el sindicato de trabajadores y trabajadoras de la Econom\u00eda Popular es construir un movimiento que garantice la tierra y la producci\u00f3n para la Argentina como lo enfatiz\u00f3 en su discurso\u00a0 el\u00a0 secretario general de la UTEP\u00a0 Esteban \u201cGringo\u201d Castro, luego de haber peregrinado al ritmo del pueblo los 22 km.<\/p>\n<p>Los compa\u00f1eros y compa\u00f1eras de distintas organizaciones populares\u00a0 se fueron sumando en distintos puntos a la multitudinaria caminata hasta llegar a las tierras prometidas en Capit\u00e1n Sarmiento. Entre las banderas que flamearon durante todo el recorrido se encontraba El Movimiento Evita,\u00a0 Organizaciones Libres del Pueblo, V\u00eda Campesina, Movimiento Popular\u00a0 la Resistencia, Casa Pueblo Espacio de Acompa\u00f1amiento comunitario, Movimiento Popular Los Pibes, Cooperativa 7 de Agosto, Movimiento Nacional Campesino Ind\u00edgena, Bloque N\u00e9stor Kirchner Primera Agrupaci\u00f3n Peronista Paraguaya, Organizaci\u00f3n 25 de mayo, Comunidad Sol, entre otras.<\/p>\n<p>Esta jornada de lucha marca el inicio de un proceso nacional de repoblaci\u00f3n del campo. La argentina tiene una poblaci\u00f3n rural solo de un 8 por ciento, esto quiere decir que el resto de la poblaci\u00f3n vive en los conurbanos y en las ciudades.<em>\u00bb Esto tiene que transformarse conjuntamente con la producci\u00f3n\u00a0 de alimentos para dejar de ser rehenes de las multinacionales que concentran y monopolizan nuestros alimentos. Como lo dice el papa Francisco\u00a0 la tierra, el trabajo y el techo es un derecho para todos los pueblos\u00bb<\/em>. Explicaba a FM Riachuelo Lucas Pedro Secretario de Culto de la UTEP.<\/p>\n<p>Por su parte\u00a0 el Gringo Castro explic\u00f3 cu\u00e1l es el conflicto de las tierras prometidas por el estado <em>\u201ctodo este campo que ven, se trabajo, para producir pollos de campo para nuestras comunidades, mucho m\u00e1s ricos de lo que comemos actualmente. Pero no tenemos el convenio con el estado para producir. Y nos dicen que otras instituciones que si firmaron el convenio pero no trabajaron ac\u00e1.\u201d<\/em><\/p>\n<figure id=\"attachment_14940\" aria-describedby=\"caption-attachment-14940\" style=\"width: 401px\" class=\"wp-caption aligncenter\"><img loading=\"lazy\" decoding=\"async\" class=\"wp-image-14940 \" src=\"http:\/\/fmriachuelo.com.ar\/wp-content\/uploads\/2022\/04\/WhatsApp-Image-2022-04-07-at-6.17.54-PM-3-300x200.jpeg\" alt=\"\" width=\"401\" height=\"268\" \/><figcaption id=\"caption-attachment-14940\" class=\"wp-caption-text\">Llegada de la peregrinaci\u00f3n a las tierras prometidas<\/figcaption><\/figure>\n<p>Y agreg\u00f3 <em>\u201cEn cada crisis hemos encontrado la forma comunitaria de compartir el pan, que no es individual, que lo hacemos entre todos: producimos el alimento y lo compartimos. Eso es lo que tenemos que hacer con la producci\u00f3n. Porque los poderosos que producen alimentos en nuestro pa\u00eds no garantizan la comida para los pobres. La comida la est\u00e1n garantizando las compa\u00f1eras y compa\u00f1eros de los movimientos populares, las iglesias y sectores del movimiento obrero. Por eso a partir de hoy hemos tomado la decisi\u00f3n de construir un movimiento que garantice la tierra y\u00a0 los alimentos para nuestro pa\u00eds\u201d.<\/em><\/p>\n","protected":false},"excerpt":{"rendered":"<p>#TierraTechoTrabajo [FM Riachuelo,\u00a0 6\/04\/2022] \u00abVamos caminando a la tierra prometida con todo el pueblo\u201d, con \u00e9stas palabras el padre Sergio G\u00f3mez Tey , bendijo a los trabajadores y las trabajadoras de la Econom\u00eda Popular para dar\u00a0 inici\u00f3 a la Peregrinaci\u00f3n por la tierra.\u00a0 En su oraci\u00f3n\u00a0 rezo por el Papa Francisco, la Patria\u00a0 y el [&hellip;]<\/p>\n","protected":false},"author":5,"featured_media":14934,"comment_status":"closed","ping_status":"closed","sticky":false,"template":"","format":"standard","meta":{"_monsterinsights_skip_tracking":false,"_monsterinsights_sitenote_active":false,"_monsterinsights_sitenote_note":"","_monsterinsights_sitenote_category":0,"jnews-multi-image_gallery":[],"jnews_single_post":{"format":"standard"},"jnews_primary_category":[],"_joinchat":[],"footnotes":""},"categories":[58],"tags":[146,156],"class_list":["post-14931","post","type-post","status-publish","format-standard","has-post-thumbnail","hentry","category-noticiariachuelo","tag-religiosidad-popular","tag-tierra-techo-y-trabajo"],"_links":{"self":[{"href":"http:\/\/fmriachuelo.it10.com.ar\/index.php\/wp-json\/wp\/v2\/posts\/14931","targetHints":{"allow":["GET"]}}],"collection":[{"href":"http:\/\/fmriachuelo.it10.com.ar\/index.php\/wp-json\/wp\/v2\/posts"}],"about":[{"href":"http:\/\/fmriachuelo.it10.com.ar\/index.php\/wp-json\/wp\/v2\/types\/post"}],"author":[{"embeddable":true,"href":"http:\/\/fmriachuelo.it10.com.ar\/index.php\/wp-json\/wp\/v2\/users\/5"}],"replies":[{"embeddable":true,"href":"http:\/\/fmriachuelo.it10.com.ar\/index.php\/wp-json\/wp\/v2\/comments?post=14931"}],"version-history":[{"count":2,"href":"http:\/\/fmriachuelo.it10.com.ar\/index.php\/wp-json\/wp\/v2\/posts\/14931\/revisions"}],"predecessor-version":[{"id":23598,"href":"http:\/\/fmriachuelo.it10.com.ar\/index.php\/wp-json\/wp\/v2\/posts\/14931\/revisions\/23598"}],"wp:featuredmedia":[{"embeddable":true,"href":"http:\/\/fmriachuelo.it10.com.ar\/index.php\/wp-json\/"}],"wp:attachment":[{"href":"http:\/\/fmriachuelo.it10.com.ar\/index.php\/wp-json\/wp\/v2\/media?parent=14931"}],"wp:term":[{"taxonomy":"category","embeddable":true,"href":"http:\/\/fmriachuelo.it10.com.ar\/index.php\/wp-json\/wp\/v2\/categories?post=14931"},{"taxonomy":"post_tag","embeddable":true,"href":"http:\/\/fmriachuelo.it10.com.ar\/index.php\/wp-json\/wp\/v2\/tags?post=14931"}],"curies":[{"name":"wp","href":"https:\/\/api.w.org\/{rel}","templated":true}]}}