{"id":1493,"date":"2016-01-21T23:00:00","date_gmt":"2016-01-21T23:00:00","guid":{"rendered":"http:\/\/fmriachuelo.observatorioess.org.ar\/index.php\/2016\/01\/21\/en-defensa-de-la-economia-popular-y-la-liberacion-de-milagro-sala\/"},"modified":"2016-01-21T23:00:00","modified_gmt":"2016-01-21T23:00:00","slug":"en-defensa-de-la-economia-popular-y-la-liberacion-de-milagro-sala","status":"publish","type":"post","link":"http:\/\/fmriachuelo.it10.com.ar\/index.php\/2016\/01\/21\/en-defensa-de-la-economia-popular-y-la-liberacion-de-milagro-sala\/","title":{"rendered":"EN DEFENSA DE LA ECONOM\u00cdA POPULAR Y LA LIBERACI\u00d3N DE MILAGRO SALA"},"content":{"rendered":"<p><span>COMUNICADO DE LA CTEP <br \/><span style=\"color: red;font-size: large;font-weight: bold\">MANIFESTACIONES SOBRE 500 RUTAS NACIONALES<\/span><\/span><\/p>\n<div style=\"text-align: justify\">\n<div style=\"clear: both;text-align: center\"><a href=\"http:\/\/4.bp.blogspot.com\/-3Znl1Gg4MSA\/VqZWmUP_5aI\/AAAAAAAAHy8\/2AVa9nBvhqg\/s1600\/577938_515274815221515_1962604910_n.jpg\" style=\"clear: left;float: left;margin-bottom: 1em;margin-right: 1em\"><img loading=\"lazy\" decoding=\"async\" border=\"0\" height=\"213\" src=\"http:\/\/4.bp.blogspot.com\/-3Znl1Gg4MSA\/VqZWmUP_5aI\/AAAAAAAAHy8\/2AVa9nBvhqg\/s320\/577938_515274815221515_1962604910_n.jpg\" width=\"320\" \/><\/a><\/div>\n<p><span>La Confederaci\u00f3n de Trabajadores de la Econom\u00eda Popular (CTEP) participar\u00e1 ma\u00f1ana -viernes 22 de enero- de las m\u00e1s de 500 manifestaciones a nivel nacional, exigiendo la inmediata libertad de Milagro Sala.<\/span><\/div>\n<p><span><\/span><\/p>\n<div style=\"text-align: justify\"><span>Desde la CTEP sostenemos que la detenci\u00f3n de una de las principales dirigentes sociales y actual diputada del Parlasur constituye un claro caso de persecuci\u00f3n pol\u00edtica y criminalizaci\u00f3n de la protesta social. Milagro Sala est\u00e1 presa por luchar.<\/span><br \/><a name='more'><\/a><\/div>\n<p><span><\/span><\/p>\n<div style=\"text-align: justify\"><span>Asimismo, la CTEP tambi\u00e9n denuncia que el conjunto de pol\u00edticas econ\u00f3micas y sociales aplicadas por Gobierno Nacional apuntan a producir el desgaste del cooperativismo y perjudicar los derechos de los trabajadores de la Econom\u00eda Popular. Un claro ejemplo de esto fue el incumplimiento del compromiso suscrito en Navidad de 2015 por representantes del Ministerio de Desarrollo Social, relacionado con el pago del Aguinaldo Social para los trabajadores de las Cooperativas Argentina Trabaja, el otorgamiento de un aumento del 40% de los ingresos por cada compa\u00f1ero\/a beneficiario\/a y la planificaci\u00f3n participativa y autogestionada de las obras de infraestructura.<\/span><\/div>\n<p><span><\/p>\n<div style=\"text-align: justify\"><b>En reclamo por la inmediata liberaci\u00f3n de Milagro Sala y por el respeto a los derechos de los trabajadores de la Econom\u00eda Popular, la CTEP convoca a sumarse a las manifestaciones simult\u00e1neas en las principales rutas del pa\u00eds.\u00a1Libertad a Milagros Salas!<\/b><\/div>\n<p><span style=\"color: red\"><b>\u00a1SI TOCAN A UNO, NOS TOCAN A TODOS!<\/b><\/span><\/span><\/p>\n<div><span><span style=\"font-size: x-small\">Contacto de prensa:<br \/><b><span style=\"color: #0b5394\">Federico (Prensa CTEP) 0221 155368063<br \/>Gabriela (Prensa CTEP) 11 32669917<\/span><\/b><\/span><\/span><\/div>\n","protected":false},"excerpt":{"rendered":"<p>COMUNICADO DE LA CTEP MANIFESTACIONES SOBRE 500 RUTAS NACIONALES La Confederaci\u00f3n de Trabajadores de la Econom\u00eda Popular (CTEP) participar\u00e1 ma\u00f1ana -viernes 22 de enero- de las m\u00e1s de 500 manifestaciones a nivel nacional, exigiendo la inmediata libertad de Milagro Sala. Desde la CTEP sostenemos que la detenci\u00f3n de una de las principales dirigentes sociales y [&hellip;]<\/p>\n","protected":false},"author":4,"featured_media":0,"comment_status":"open","ping_status":"open","sticky":false,"template":"","format":"standard","meta":{"_monsterinsights_skip_tracking":false,"_monsterinsights_sitenote_active":false,"_monsterinsights_sitenote_note":"","_monsterinsights_sitenote_category":0,"jnews-multi-image_gallery":[],"jnews_single_post":[],"jnews_primary_category":[],"_joinchat":[],"footnotes":""},"categories":[1],"tags":[],"class_list":["post-1493","post","type-post","status-publish","format-standard","hentry","category-habitat"],"_links":{"self":[{"href":"http:\/\/fmriachuelo.it10.com.ar\/index.php\/wp-json\/wp\/v2\/posts\/1493","targetHints":{"allow":["GET"]}}],"collection":[{"href":"http:\/\/fmriachuelo.it10.com.ar\/index.php\/wp-json\/wp\/v2\/posts"}],"about":[{"href":"http:\/\/fmriachuelo.it10.com.ar\/index.php\/wp-json\/wp\/v2\/types\/post"}],"author":[{"embeddable":true,"href":"http:\/\/fmriachuelo.it10.com.ar\/index.php\/wp-json\/wp\/v2\/users\/4"}],"replies":[{"embeddable":true,"href":"http:\/\/fmriachuelo.it10.com.ar\/index.php\/wp-json\/wp\/v2\/comments?post=1493"}],"version-history":[{"count":0,"href":"http:\/\/fmriachuelo.it10.com.ar\/index.php\/wp-json\/wp\/v2\/posts\/1493\/revisions"}],"wp:attachment":[{"href":"http:\/\/fmriachuelo.it10.com.ar\/index.php\/wp-json\/wp\/v2\/media?parent=1493"}],"wp:term":[{"taxonomy":"category","embeddable":true,"href":"http:\/\/fmriachuelo.it10.com.ar\/index.php\/wp-json\/wp\/v2\/categories?post=1493"},{"taxonomy":"post_tag","embeddable":true,"href":"http:\/\/fmriachuelo.it10.com.ar\/index.php\/wp-json\/wp\/v2\/tags?post=1493"}],"curies":[{"name":"wp","href":"https:\/\/api.w.org\/{rel}","templated":true}]}}