{"id":1492,"date":"2016-01-22T18:00:00","date_gmt":"2016-01-22T18:00:00","guid":{"rendered":"http:\/\/fmriachuelo.observatorioess.org.ar\/index.php\/2016\/01\/22\/comunicado-de-la-organizacion-social-y-politica-los-pibes-sin-justicia-social-no-hay-paz-ni-democracia\/"},"modified":"2016-01-22T18:00:00","modified_gmt":"2016-01-22T18:00:00","slug":"comunicado-de-la-organizacion-social-y-politica-los-pibes-sin-justicia-social-no-hay-paz-ni-democracia","status":"publish","type":"post","link":"http:\/\/fmriachuelo.it10.com.ar\/index.php\/2016\/01\/22\/comunicado-de-la-organizacion-social-y-politica-los-pibes-sin-justicia-social-no-hay-paz-ni-democracia\/","title":{"rendered":"COMUNICADO DE LA ORGANIZACI\u00d3N SOCIAL Y POL\u00cdTICA LOS PIBES: SIN JUSTICIA SOCIAL NO HAY PAZ NI DEMOCRACIA"},"content":{"rendered":"<div style=\"text-align: justify\"><span>SI TOCAN A UNO, NOS TOCAN A TODOS<\/span><\/div>\n<p><b style=\"font-family: verdana, sans-serif\"><span style=\"color: red;font-size: large\">EL PELIGRO DETR\u00c1S DEL ENCARCELAMIENTO DE LOS DIRIGENTES SOCIALES<\/span><\/b><span><\/span><br \/><span><\/span><\/p>\n<div style=\"text-align: justify\">\n<div style=\"clear: both;text-align: center\"><a href=\"http:\/\/2.bp.blogspot.com\/-zT1GhXI5Edk\/VqZWBVbJ-sI\/AAAAAAAAHy0\/0xJd1F9nTFA\/s1600\/unnamed.jpg\" style=\"clear: left;float: left;margin-bottom: 1em;margin-right: 1em\"><img loading=\"lazy\" decoding=\"async\" border=\"0\" height=\"52\" src=\"http:\/\/2.bp.blogspot.com\/-zT1GhXI5Edk\/VqZWBVbJ-sI\/AAAAAAAAHy0\/0xJd1F9nTFA\/s320\/unnamed.jpg\" width=\"320\" \/><\/a><\/div>\n<p><span>Nadie puede sufrir una pena (y mucho menos de prisi\u00f3n), sin que haya tenido antes la posibilidad de defenderse en un juicio justo. Es decir que nadie puede ir preso sin que antes se haya demostrado que cometi\u00f3 alg\u00fan delito. Es un mecanismo elemental del sistema democr\u00e1tico, establecido en la Constituci\u00f3n Nacional, para evitar los abusos del Estado y las injusticias.<\/span><\/div>\n<p><span><\/span><\/p>\n<div style=\"text-align: justify\"><span>El hecho de que Milagro Sala est\u00e9 en la c\u00e1rcel es de una ilegalidad tan evidente, que solo puede ser consecuencia de un nuevo autoritarismo que no acepta a quienes piensan distinto, y mucho menos si son dirigentes de los pobres, de los excluidos, de aquellos que desde su punto de vista no tienen derecho a trabajar, o a una casa para cobijar a su familia.<\/span><br \/><a name='more'><\/a><\/div>\n<p><span><\/p>\n<div style=\"text-align: justify\">Hoy, en Argentina, est\u00e1 prohibido reclamarle a los gobernantes para que hagan lo que el Estado todav\u00eda no hizo, y que est\u00e1 obligado a hacer, como garantizar condiciones elementales de vida digna a sus habitantes. Aunque el derecho de peticionar a las autoridades tambi\u00e9n sea uno de los m\u00e1s importantes de la Constituci\u00f3n, justamente para evitar los abusos de los poderosos.<\/div>\n<div style=\"text-align: justify\">Lo que est\u00e1 pasando es muy grave. Adem\u00e1s de meter presa a una dirigente de un movimiento social sin una sola prueba, el gobierno disolvi\u00f3 sus cooperativas y les cerr\u00f3 las cuentas bancarias. De este modo destruy\u00f3, ilegalmente y sin ninguna prueba, su forma de asociaci\u00f3n y organizaci\u00f3n para superar colectivamente losseveros problemas individuales o familiares que los aquejan. El derecho de asociaci\u00f3n tambi\u00e9n est\u00e1 previsto en la Constituci\u00f3n Nacional.<\/div>\n<div style=\"text-align: justify\">Como puede verse lo que ocurri\u00f3 en Jujuy no es solamente una ilegalidad escandalosa. Lo que ocurri\u00f3 en Jujuy es una forma de actuar il\u00edcita y sistem\u00e1tica de un gobierno profundamente autoritario y antidemocr\u00e1tico.<\/div>\n<div style=\"text-align: justify\">Antes de esto, el Poder Ejecutivo se puso a legislar, derogando leyes por decreto o designando jueces de la Corte Suprema eludiendo el mecanismo constitucional de control de los ciudadanos y del Congreso. Tambi\u00e9n estableci\u00f3 una andanada de despidos sin ninguna justificaci\u00f3n, expulsando no s\u00f3lo a jefes y jefas de familia sino tambi\u00e9n a personas con capacidades diferentes. Y no dud\u00f3 en reprimir violentamente cualquier intento de reclamo.<\/div>\n<div style=\"text-align: justify\">Ahora vendr\u00e1n las negociaciones por los sueldos de los que tienen el privilegio de conservar su trabajo. El gobierno sabe que la inflaci\u00f3n va a ser este a\u00f1o, al menos del 40 % (as\u00ed lo dicen incluso sus consultoras y la JP Morgan), pero le exige a lostrabajadores que no pidan m\u00e1s del 25%. \u00bfQu\u00e9 va a hacer cuando algunos no lo acepten sencillamente porque no les parece justo que los ricos se sigan enriqueciendo y los pobres se sigan empobreciendo?<\/div>\n<div style=\"text-align: justify\">No hay que confundirse, en este momento no se est\u00e1 discutiendo solamente si Milagro Sala tiene que estar libre o tiene que estar presa. Se est\u00e1 discutiendo en qu\u00e9 pa\u00eds queremos vivir. Se est\u00e1 discutiendo si la ley solo se utiliza para favorecer a los poderosos y si tenemos o no una constituci\u00f3n que rige.<\/div>\n<div style=\"text-align: justify\">No tenemos por qu\u00e9 estar todos de acuerdo, ni opinar lo mismo. Cada uno ve la realidad desde su posici\u00f3n social y su situaci\u00f3n econ\u00f3mica. Hay intereses contrapuestos. Pero antes de todo eso deber\u00eda estar el derecho de cada uno a manifestarse, a reclamar lo que considera justo, a ser escuchado y a defender sus derechos con todos los medios a su alcance. Porque si no los defiende, se losarrebatan. Y si se los arrebatan, quedan miles, tal vez millones de familias en la indefensi\u00f3n absoluta, sin casa y sin comida.<\/div>\n<div style=\"text-align: justify\">No se trata s\u00f3lo de defender a una dirigente social. Se trata de defender la legalidad de un sistema democr\u00e1tico. No es defensa de una persona, es en defensa de todos. Y es tambi\u00e9n para evitar que los argentinos empecemos a sentir que la legalidad no existe, y que el Estado solo est\u00e1 para enriquecer a los ricos, empobrecer a la clase media y encarcelar a los pobres. Porque la violencia de lospoderosos genera desesperaci\u00f3n, y obviamente despu\u00e9s genera m\u00e1s violencia. Y esto ya pas\u00f3 y termin\u00f3 muy mal. Que nadie diga, en los a\u00f1os venideros, \u201cno sab\u00eda lo que estaba ocurriendo\u201d\u2026<\/div>\n<div style=\"text-align: justify\"><span style=\"color: red\"><b>SIN JUSTICIA SOCIAL&nbsp;<\/b><b>NO HAY PAZ NI DEMOCRACIA<\/b><\/span><\/div>\n<p><\/span><\/p>\n","protected":false},"excerpt":{"rendered":"<p>SI TOCAN A UNO, NOS TOCAN A TODOS EL PELIGRO DETR\u00c1S DEL ENCARCELAMIENTO DE LOS DIRIGENTES SOCIALES Nadie puede sufrir una pena (y mucho menos de prisi\u00f3n), sin que haya tenido antes la posibilidad de defenderse en un juicio justo. Es decir que nadie puede ir preso sin que antes se haya demostrado que cometi\u00f3 [&hellip;]<\/p>\n","protected":false},"author":4,"featured_media":0,"comment_status":"open","ping_status":"open","sticky":false,"template":"","format":"standard","meta":{"_monsterinsights_skip_tracking":false,"_monsterinsights_sitenote_active":false,"_monsterinsights_sitenote_note":"","_monsterinsights_sitenote_category":0,"jnews-multi-image_gallery":[],"jnews_single_post":[],"jnews_primary_category":[],"_joinchat":[],"footnotes":""},"categories":[1],"tags":[],"class_list":["post-1492","post","type-post","status-publish","format-standard","hentry","category-habitat"],"_links":{"self":[{"href":"http:\/\/fmriachuelo.it10.com.ar\/index.php\/wp-json\/wp\/v2\/posts\/1492","targetHints":{"allow":["GET"]}}],"collection":[{"href":"http:\/\/fmriachuelo.it10.com.ar\/index.php\/wp-json\/wp\/v2\/posts"}],"about":[{"href":"http:\/\/fmriachuelo.it10.com.ar\/index.php\/wp-json\/wp\/v2\/types\/post"}],"author":[{"embeddable":true,"href":"http:\/\/fmriachuelo.it10.com.ar\/index.php\/wp-json\/wp\/v2\/users\/4"}],"replies":[{"embeddable":true,"href":"http:\/\/fmriachuelo.it10.com.ar\/index.php\/wp-json\/wp\/v2\/comments?post=1492"}],"version-history":[{"count":0,"href":"http:\/\/fmriachuelo.it10.com.ar\/index.php\/wp-json\/wp\/v2\/posts\/1492\/revisions"}],"wp:attachment":[{"href":"http:\/\/fmriachuelo.it10.com.ar\/index.php\/wp-json\/wp\/v2\/media?parent=1492"}],"wp:term":[{"taxonomy":"category","embeddable":true,"href":"http:\/\/fmriachuelo.it10.com.ar\/index.php\/wp-json\/wp\/v2\/categories?post=1492"},{"taxonomy":"post_tag","embeddable":true,"href":"http:\/\/fmriachuelo.it10.com.ar\/index.php\/wp-json\/wp\/v2\/tags?post=1492"}],"curies":[{"name":"wp","href":"https:\/\/api.w.org\/{rel}","templated":true}]}}