{"id":14913,"date":"2022-04-05T15:47:52","date_gmt":"2022-04-05T15:47:52","guid":{"rendered":"http:\/\/fmriachuelo.com.ar\/?p=14913"},"modified":"2025-04-01T17:18:41","modified_gmt":"2025-04-01T20:18:41","slug":"40-anos-de-malvinas-los-trabajadores-en-lucha-construyen-soberania","status":"publish","type":"post","link":"http:\/\/fmriachuelo.it10.com.ar\/index.php\/2022\/04\/05\/40-anos-de-malvinas-los-trabajadores-en-lucha-construyen-soberania\/","title":{"rendered":"40 A\u00d1OS DE MALVINAS: LOS TRABAJADORES EN LUCHA CONSTRUYEN SOBERAN\u00cdA"},"content":{"rendered":"<p><b>[FM Riachuelo, 5\/4\/2022] Este s\u00e1bado 2 de abril del 2022, organizaciones populares de Entre R\u00edos como el Frente Barrial Pocho Lepratti, la Corriente Clasista y Combativa, el Movimiento Evita y el Movimiento de Trabajadores Excluidos se reunieron en la puerta del frigor\u00edfico Santa Elena, Puesto N\u00b0 1, calle Paran\u00e1 al final a las 09:00hs, para rendir homenaje a los combatientes de Malvinas y continuar exigiendo la reapertura del frigor\u00edfico. La actividad fue impulsada por la Mesa Gremial 19 y 20 UTEP de Entre R\u00edos.<\/b><\/p>\n<p><span style=\"font-weight: 400\">Por la ma\u00f1ana se comparti\u00f3 una chocolatada y a la tarde un locro. En un ambiente ameno, los trabajadores del frigor\u00edfico pudieron compartir su experiencia con los combatientes de Malvinas. \u201c<\/span><i><span style=\"font-weight: 400\">Venimos juntando la lucha de los trabajadores<\/span><\/i><span style=\"font-weight: 400\">\u201d, expresaba ayer a la ma\u00f1ana <\/span><b>Juan Carlos \u201cEl Negro\u201d S\u00e1nchez<\/b><span style=\"font-weight: 400\">, referente del <\/span><b>Frente Barrial Pocho Lepratti<\/b><span style=\"font-weight: 400\">, durante el programa Mateando en el Riachuelo de nuestra emisora. \u201c<\/span><i><span style=\"font-weight: 400\">Honramos la lucha de tantos hijos de trabajadores que fueron a defender la Patria en el territorio de Malvinas. Eso creo que nos da una identidad en com\u00fan<\/span><\/i><span style=\"font-weight: 400\">\u201d, agreg\u00f3 Sanchez.<img loading=\"lazy\" decoding=\"async\" class=\"size-medium wp-image-14917 alignright\" src=\"http:\/\/fmriachuelo.com.ar\/wp-content\/uploads\/2022\/04\/WhatsApp-Image-2022-04-02-at-8.36.25-PM-2-300x199.jpeg\" alt=\"\" width=\"300\" height=\"199\" \/><\/span><\/p>\n<p><b>Sergio Espinoza<\/b><span style=\"font-weight: 400\">, trabajador del frigor\u00edfico, tambi\u00e9n fue claro sobre la identidad en com\u00fan entre la causa Malvinas y la de los trabajadores: \u201c<\/span><i><span style=\"font-weight: 400\">El 2 de abril fue una fecha importante por lo que fue lo de Malvinas, y tambi\u00e9n recordar que desde este frigor\u00edfico se trabaj\u00f3 en apoyo de esas fuerzas que nos estaban defendiendo en ese momento, que fue en la elaboraci\u00f3n de los enlatados que se hac\u00edan ac\u00e1, que se enviaban para la alimentaci\u00f3n de los soldados<\/span><\/i><span style=\"font-weight: 400\">\u201d, relat\u00f3 para el programa Romp\u00e9 el Cerco.<\/span><\/p>\n<p><span style=\"font-weight: 400\">Espinoza y S\u00e1nchez se expresaron en un mismo sentido: la fuerza popular es la que hace que las luchas no claudiquen. \u201c<\/span><i><span style=\"font-weight: 400\">Nuestra mirada es positiva. Nosotros decimos que lo mejor que tenemos es nuestro pueblo, que sigue de pie. Lo que falta son decisiones pol\u00edticas de los gobernantes<\/span><\/i><span style=\"font-weight: 400\">\u201d, dec\u00eda Sanchez. Sergio por su parte remarcaba que \u201c<\/span><i><span style=\"font-weight: 400\">la fuerza del movimiento de un pueblo es muy importante para tener lucha, como la que estamos teniendo nosotros frente a un empresario que no ha aportado nunca nada ac\u00e1 en Santa Elena, lo \u00fanico que hizo fue adquirir una planta y llevarse nuestro trabajo<\/span><\/i><span style=\"font-weight: 400\">\u201d.<img loading=\"lazy\" decoding=\"async\" class=\"size-medium wp-image-14914 alignleft\" src=\"http:\/\/fmriachuelo.com.ar\/wp-content\/uploads\/2022\/04\/WhatsApp-Image-2022-04-02-at-8.36.28-PM-300x199.jpeg\" alt=\"\" width=\"300\" height=\"199\" \/><\/span><\/p>\n<p><span style=\"font-weight: 400\">\u201c<\/span><i><span style=\"font-weight: 400\">Fue una jornada muy linda donde pudimos compartir con los vecinos y las vecinas las experiencias de los combatientes<\/span><\/i><span style=\"font-weight: 400\">\u201d, reflexion\u00f3 <\/span><b>Sergio Figueredo<\/b><span style=\"font-weight: 400\">, un joven que tambi\u00e9n trabaja en el frigor\u00edfico. Figueredo reafirm\u00f3 la convicci\u00f3n de los trabajadores en esta lucha: \u201c<\/span><i><span style=\"font-weight: 400\">No vamos a bajar los brazos m\u00e1s all\u00e1 de las dificultades que podamos tener, porque detr\u00e1s de todo tenemos una familia y necesitamos trabajo. Que les quede claro a los que est\u00e1n del otro lado que conspiran para que nos desgastemos y bajemos los brazos, que nosotros vamos a llevar esta lucha hasta las \u00faltimas consecuencias<\/span><\/i><span style=\"font-weight: 400\">\u201d.<\/span><\/p>\n<p><span style=\"font-weight: 400\">En esta lucha de los trabajadores que construye soberan\u00eda d\u00eda a d\u00eda, la solidaridad y la hermandad aparecen en primer plano: \u201c<\/span><i><span style=\"font-weight: 400\">Nosotros seguimos reclamando por algo que creemos que es nuestro, seguimos golpeando fuerzas de la mano de las personas que nos est\u00e1n tirando una mano. Le agradecemos infinitamente al Negrito S\u00e1nchez por lo que hace por nosotros, y las otras agrupaciones que se acoplaron tambi\u00e9n<\/span><\/i><span style=\"font-weight: 400\">\u201d.<\/span><\/p>\n<p><span style=\"font-weight: 400\">Acompa\u00f1ando la relfexi\u00f3n, el Negro S\u00e1nchez conclu\u00eda: \u201c<\/span><i><span style=\"font-weight: 400\">Los trabajadores de la Econom\u00eda Popular estamos donde tenemos que estar, siendo solidarios y exigiendo la reapertura de estas fuentes de trabajo, y levantando bien alto la bandera de los compa\u00f1eros veteranos de guerra<\/span><\/i><span style=\"font-weight: 400\">\u201d.<\/span><\/p>\n<p>&nbsp;<\/p>\n<p><strong><a href=\"https:\/\/ar.radiocut.fm\/audiocut\/entrevista-a-juan-carlos-sanchez-malvinas-y-4-abril\/\">Escuch\u00e1 la entrevista al Negro S\u00e1nchez<\/a><\/strong><\/p>\n<p><strong><a href=\"https:\/\/ar.radiocut.fm\/audiocut\/jornada-lucha-a-40-anos-malvinas-por-reapertura-del-frigorifico-santa-elena\/\">Escuch\u00e1 la entrevista a Sergio Espinoza y Sergio Figueredo<\/a><\/strong><\/p>\n<p>&nbsp;<\/p>\n","protected":false},"excerpt":{"rendered":"<p>[FM Riachuelo, 5\/4\/2022] Este s\u00e1bado 2 de abril del 2022, organizaciones populares de Entre R\u00edos como el Frente Barrial Pocho Lepratti, la Corriente Clasista y Combativa, el Movimiento Evita y el Movimiento de Trabajadores Excluidos se reunieron en la puerta del frigor\u00edfico Santa Elena, Puesto N\u00b0 1, calle Paran\u00e1 al final a las 09:00hs, para [&hellip;]<\/p>\n","protected":false},"author":5,"featured_media":14918,"comment_status":"closed","ping_status":"closed","sticky":false,"template":"","format":"standard","meta":{"_monsterinsights_skip_tracking":false,"_monsterinsights_sitenote_active":false,"_monsterinsights_sitenote_note":"","_monsterinsights_sitenote_category":0,"jnews-multi-image_gallery":[],"jnews_single_post":{"format":"standard"},"jnews_primary_category":[],"_joinchat":[],"footnotes":""},"categories":[58],"tags":[103,153,148],"class_list":["post-14913","post","type-post","status-publish","format-standard","has-post-thumbnail","hentry","category-noticiariachuelo","tag-movimientos-populares","tag-soberania-2","tag-trabajo"],"_links":{"self":[{"href":"http:\/\/fmriachuelo.it10.com.ar\/index.php\/wp-json\/wp\/v2\/posts\/14913","targetHints":{"allow":["GET"]}}],"collection":[{"href":"http:\/\/fmriachuelo.it10.com.ar\/index.php\/wp-json\/wp\/v2\/posts"}],"about":[{"href":"http:\/\/fmriachuelo.it10.com.ar\/index.php\/wp-json\/wp\/v2\/types\/post"}],"author":[{"embeddable":true,"href":"http:\/\/fmriachuelo.it10.com.ar\/index.php\/wp-json\/wp\/v2\/users\/5"}],"replies":[{"embeddable":true,"href":"http:\/\/fmriachuelo.it10.com.ar\/index.php\/wp-json\/wp\/v2\/comments?post=14913"}],"version-history":[{"count":1,"href":"http:\/\/fmriachuelo.it10.com.ar\/index.php\/wp-json\/wp\/v2\/posts\/14913\/revisions"}],"predecessor-version":[{"id":22285,"href":"http:\/\/fmriachuelo.it10.com.ar\/index.php\/wp-json\/wp\/v2\/posts\/14913\/revisions\/22285"}],"wp:featuredmedia":[{"embeddable":true,"href":"http:\/\/fmriachuelo.it10.com.ar\/index.php\/wp-json\/"}],"wp:attachment":[{"href":"http:\/\/fmriachuelo.it10.com.ar\/index.php\/wp-json\/wp\/v2\/media?parent=14913"}],"wp:term":[{"taxonomy":"category","embeddable":true,"href":"http:\/\/fmriachuelo.it10.com.ar\/index.php\/wp-json\/wp\/v2\/categories?post=14913"},{"taxonomy":"post_tag","embeddable":true,"href":"http:\/\/fmriachuelo.it10.com.ar\/index.php\/wp-json\/wp\/v2\/tags?post=14913"}],"curies":[{"name":"wp","href":"https:\/\/api.w.org\/{rel}","templated":true}]}}