{"id":1491,"date":"2016-01-25T14:03:00","date_gmt":"2016-01-25T14:03:00","guid":{"rendered":"http:\/\/fmriachuelo.observatorioess.org.ar\/index.php\/2016\/01\/25\/en-solidaridad-y-por-la-liberacion-de-milagros-sala-organizaciones-populares-de-la-boca-cortaron-el-puente-avellaneda\/"},"modified":"2016-01-25T14:03:00","modified_gmt":"2016-01-25T14:03:00","slug":"en-solidaridad-y-por-la-liberacion-de-milagros-sala-organizaciones-populares-de-la-boca-cortaron-el-puente-avellaneda","status":"publish","type":"post","link":"http:\/\/fmriachuelo.it10.com.ar\/index.php\/2016\/01\/25\/en-solidaridad-y-por-la-liberacion-de-milagros-sala-organizaciones-populares-de-la-boca-cortaron-el-puente-avellaneda\/","title":{"rendered":"EN SOLIDARIDAD Y POR LA LIBERACI\u00d3N DE MILAGROS SALA ORGANIZACIONES POPULARES DE LA BOCA CORTARON EL PUENTE AVELLANEDA"},"content":{"rendered":"<div style=\"background-color: white;color: #222222;margin-bottom: 0.0001pt;text-align: left\"><span>SIN JUSTICIA SOCIAL NO HAY PAZ NI DEMOCRACIA<\/span><\/div>\n<div style=\"background-color: white;color: #222222;margin-bottom: 0.0001pt;text-align: left\"><span><b style=\"color: red\">SI TOCAN A UNO NOS TOCAN A TODOS<\/b><\/span><\/div>\n<div style=\"background-color: white;color: #222222\">\n<div dir=\"ltr\" style=\"text-align: left\"><a href=\"http:\/\/3.bp.blogspot.com\/-TRwrW20okdQ\/VqYqTiTPs5I\/AAAAAAAAHyk\/gpuG0qCBN5s\/s1600\/Puente.jpg\" style=\"clear: left;float: left;font-family: arial, sans-serif;font-size: 12.8px;margin-bottom: 1em;margin-right: 1em\"><img loading=\"lazy\" decoding=\"async\" border=\"0\" height=\"640\" src=\"http:\/\/3.bp.blogspot.com\/-TRwrW20okdQ\/VqYqTiTPs5I\/AAAAAAAAHyk\/gpuG0qCBN5s\/s640\/Puente.jpg\" width=\"200\" \/><\/a><a href=\"http:\/\/www.mediafire.com\/listen\/0wc3z795c9biv9t\/NATY_QUINTO-_LRYP.mp3\" style=\"color: #1155cc\" target=\"_blank\" rel=\"noopener\"><span><b>NATALIA QUINTO-LA BOCA RESISTE Y PROPONE<\/b><\/span><\/a><\/div>\n<\/div>\n<div dir=\"ltr\" style=\"background-color: white;color: #222222;text-align: left\"><a href=\"http:\/\/www.mediafire.com\/listen\/gxkct9571u82ana\/ADOLFO-_SECRETARIO_GENERAL_DE_SUTAP.mp3\" style=\"color: #1155cc\" target=\"_blank\" rel=\"noopener\"><span><b>ADOLFO BAJA-SECRETARIO GENERAL SUTAP<\/b><\/span><\/a><\/div>\n<div style=\"background-color: white;color: #222222\">\n<div dir=\"ltr\" style=\"text-align: left\"><a href=\"http:\/\/www.mediafire.com\/listen\/xof9v8w7vy68715\/01-22-2016_-_EV_LITO_BORELLO_EN_CZ_-_REFLEXIONES_POS-CORTES_EN_RECLAMO_POR_LA_LIBERTAD_DE_MILAGRO_SALA.mp3\" style=\"color: #1155cc\" target=\"_blank\" rel=\"noopener\"><span><b>LITO BORELLO-LOS PIBES<\/b><\/span><\/a><\/div>\n<div dir=\"ltr\">\n<div dir=\"ltr\" style=\"text-align: left\"><a href=\"http:\/\/www.mediafire.com\/listen\/4qbt08zg81loyk6\/MATIAS_DE_BOCA_ES_PUEBLO.mp3\" rel=\"nofollow noopener\" style=\"color: #1155cc\" target=\"_blank\"><span><b>MAT\u00cdAS-BOCA ES PUEBLO<\/b><\/span><\/a><\/div>\n<div>\n<div dir=\"ltr\" style=\"text-align: left\"><a href=\"http:\/\/www.mediafire.com\/listen\/9yjtkrahaae6s85\/CECILIA_DE_COPITOS.mp3\" rel=\"nofollow noopener\" style=\"color: #1155cc\" target=\"_blank\"><span><b>CECILIA PERSICO-CENTRO COMUNITARIO COPITOS<\/b><\/span><\/a><\/div>\n<\/div>\n<div>\n<div dir=\"ltr\" style=\"text-align: left\"><a href=\"http:\/\/www.mediafire.com\/listen\/ckjmmj7gwh4h16b\/DAVID_SANTONI-_ENPL.mp3\" rel=\"nofollow noopener\" style=\"color: #1155cc\" target=\"_blank\"><span><b>DAVID SANTONI-ENPL<\/b><\/span><\/a><\/div>\n<div style=\"text-align: left\"><a href=\"http:\/\/www.mediafire.com\/listen\/g63pwy47fb94ihe\/TESTIMONIOS_PTE_PUEYRREDON.mp3\" rel=\"nofollow noopener\" style=\"color: #1155cc\" target=\"_blank\"><span><b>TESTIMONIOS PUENTE PUEYRREDON<\/b><\/span><\/a><\/div>\n<div>\n<div dir=\"ltr\" style=\"text-align: left\"><span><b><a href=\"http:\/\/www.mediafire.com\/listen\/22owu69suu08kks\/INFORMATIVO_FARCO_-_Flash_220116_-_Cortes_por_Milagro_Sala.mp3\" style=\"color: #1155cc\" target=\"_blank\" rel=\"noopener\">INFORMATIVO FARCO<\/a><\/b><\/span><\/div>\n<\/div>\n<\/div>\n<\/div>\n<\/div>\n<div style=\"background-color: white;color: #222222;margin-bottom: 0.0001pt;text-align: justify\"><span><b>[FMR lunes 25\/1\/16]&nbsp;Desde el mediod\u00eda del viernes y hasta ya avanzada la tarde&nbsp;<\/b><b>las organizaciones populares lograron en una jornada hist\u00f3rica m\u00e1s de 100 movilizaciones en todo el pa\u00eds. Un crisol de organizaciones muy diversas, desde las que ya surgen las pr\u00f3ximas generaciones de luchadores que defienden lo conquistado, retom\u00f3 la presencia en las calles. En el barrio de La Boca, la concentraci\u00f3n comenz\u00f3 en la emblem\u00e1tica \u201c5 ESQUINAS\u201d para luego cortar el Puente Nicol\u00e1s Avellaneda; s\u00edmbolos territoriales de las luchas del movimiento piquetero.<\/b><\/span><br \/><a name='more'><\/a><\/div>\n<div style=\"background-color: white;color: #222222;margin-bottom: 0.0001pt;text-align: left\"><span><\/span><\/div>\n<div style=\"background-color: white;color: #222222;margin-bottom: 0.0001pt;text-align: justify\"><span>All\u00ed estuvieron presentes La Boca Resiste y propone, Boca es Pueblo, Sur Capitalino, Radio Gr\u00e1fica, Sindicato \u00danico de Trabajadores de Administraciones Portuarias (SUTAP), Agrupaci\u00f3n de Frente, Frente Popular Dar\u00edo Santill\u00e1n, Centro Comunitario Copitos, la Organizaci\u00f3n Social y Pol\u00edtica Los Pibes, Comedor Esperanza de La Boca, Encuentro Nacional y Popular Latinoamericano, Cooperativa de Vivienda Decididos<\/span><\/div>\n<div style=\"background-color: white;color: #222222;margin-bottom: 0.0001pt;text-align: justify\"><span>Entre la bronca y la indignaci\u00f3n por un gobierno que utiliza las instituciones en beneficio de los intereses de los poderosos, el movimiento popular ha dado signos de vitalidad en defensa de su dignidad. Nadie puede ir preso si no se demuestra que se ha cometido un delito. Luego de los masivos despidos de los empleados del estado y antes de la conflictividad que auguran las paritarias de marzo, hoy los trabajadores de la econom\u00eda popular, los m\u00e1s humildes, los que se procuraron su propio trabajo, los que se construyen su propio destino, salieron a la calle a luchar. No s\u00f3lo por la libertad de Milagros Sala. Si no por un proyecto de pa\u00eds con una legalidad e instituciones que defiendan a todos y no a los m\u00e1s poderosos.<\/span><\/div>\n<div style=\"background-color: white;color: #222222;margin-bottom: 0.0001pt;text-align: justify\"><span><b><span style=\"color: red\">FM RIACHUELO<\/span><\/b>, una radio comunitaria surgida de una organizaci\u00f3n nacida en aquellas luchas fue parte de este hist\u00f3rico hecho y recogi\u00f3 los testimonios de los referentes de las distintas organizaciones que fueron parte.<\/span><\/div>\n<div style=\"background-color: white;color: #222222\">\n<div dir=\"ltr\" style=\"text-align: left\"><a href=\"http:\/\/www.mediafire.com\/listen\/0wc3z795c9biv9t\/NATY_QUINTO-_LRYP.mp3\" style=\"color: #1155cc\" target=\"_blank\" rel=\"noopener\"><span><b>NATALIA QUINTO-LA BOCA RESISTE Y PROPONE<\/b><\/span><\/a><\/div>\n<\/div>\n<div dir=\"ltr\" style=\"background-color: white;color: #222222;text-align: left\"><a href=\"http:\/\/www.mediafire.com\/listen\/gxkct9571u82ana\/ADOLFO-_SECRETARIO_GENERAL_DE_SUTAP.mp3\" style=\"color: #1155cc\" target=\"_blank\" rel=\"noopener\"><span><b>ADOLFO BAJA-SECRETARIO GENERAL SUTAP<\/b><\/span><\/a><\/div>\n<div style=\"background-color: white;color: #222222\">\n<div dir=\"ltr\" style=\"text-align: left\"><a href=\"http:\/\/www.mediafire.com\/listen\/xof9v8w7vy68715\/01-22-2016_-_EV_LITO_BORELLO_EN_CZ_-_REFLEXIONES_POS-CORTES_EN_RECLAMO_POR_LA_LIBERTAD_DE_MILAGRO_SALA.mp3\" style=\"color: #1155cc\" target=\"_blank\" rel=\"noopener\"><span><b>LITO BORELLO-LOS PIBES<\/b><\/span><\/a><\/div>\n<div dir=\"ltr\">\n<div dir=\"ltr\" style=\"text-align: left\"><a href=\"http:\/\/www.mediafire.com\/listen\/4qbt08zg81loyk6\/MATIAS_DE_BOCA_ES_PUEBLO.mp3\" rel=\"nofollow noopener\" style=\"color: #1155cc\" target=\"_blank\"><span><b>MAT\u00cdAS-BOCA ES PUEBLO<\/b><\/span><\/a><\/div>\n<div>\n<div dir=\"ltr\" style=\"text-align: left\"><a href=\"http:\/\/www.mediafire.com\/listen\/9yjtkrahaae6s85\/CECILIA_DE_COPITOS.mp3\" rel=\"nofollow noopener\" style=\"color: #1155cc\" target=\"_blank\"><span><b>CECILIA PERSICO-CENTRO COMUNITARIO COPITOS<\/b><\/span><\/a><\/div>\n<\/div>\n<div>\n<div dir=\"ltr\" style=\"text-align: left\"><a href=\"http:\/\/www.mediafire.com\/listen\/ckjmmj7gwh4h16b\/DAVID_SANTONI-_ENPL.mp3\" rel=\"nofollow noopener\" style=\"color: #1155cc\" target=\"_blank\"><span><b>DAVID SANTONI-ENPL<\/b><\/span><\/a><\/div>\n<div style=\"text-align: left\"><a href=\"http:\/\/www.mediafire.com\/listen\/g63pwy47fb94ihe\/TESTIMONIOS_PTE_PUEYRREDON.mp3\" rel=\"nofollow noopener\" style=\"color: #1155cc\" target=\"_blank\"><span><b>TESTIMONIOS PUENTE PUEYRREDON<\/b><\/span><\/a><\/div>\n<div>\n<div dir=\"ltr\" style=\"text-align: left\"><a href=\"http:\/\/www.mediafire.com\/listen\/22owu69suu08kks\/INFORMATIVO_FARCO_-_Flash_220116_-_Cortes_por_Milagro_Sala.mp3\" style=\"color: #1155cc\" target=\"_blank\" rel=\"noopener\"><span><b>INFORMATIVO FARCO<\/b><\/span><\/a><\/div>\n<\/div>\n<\/div>\n<\/div>\n<\/div>\n","protected":false},"excerpt":{"rendered":"<p>SIN JUSTICIA SOCIAL NO HAY PAZ NI DEMOCRACIA SI TOCAN A UNO NOS TOCAN A TODOS NATALIA QUINTO-LA BOCA RESISTE Y PROPONE ADOLFO BAJA-SECRETARIO GENERAL SUTAP LITO BORELLO-LOS PIBES MAT\u00cdAS-BOCA ES PUEBLO CECILIA PERSICO-CENTRO COMUNITARIO COPITOS DAVID SANTONI-ENPL TESTIMONIOS PUENTE PUEYRREDON INFORMATIVO FARCO [FMR lunes 25\/1\/16]&nbsp;Desde el mediod\u00eda del viernes y hasta ya avanzada la [&hellip;]<\/p>\n","protected":false},"author":4,"featured_media":0,"comment_status":"open","ping_status":"open","sticky":false,"template":"","format":"standard","meta":{"_monsterinsights_skip_tracking":false,"_monsterinsights_sitenote_active":false,"_monsterinsights_sitenote_note":"","_monsterinsights_sitenote_category":0,"jnews-multi-image_gallery":[],"jnews_single_post":[],"jnews_primary_category":[],"_joinchat":[],"footnotes":""},"categories":[1],"tags":[],"class_list":["post-1491","post","type-post","status-publish","format-standard","hentry","category-habitat"],"_links":{"self":[{"href":"http:\/\/fmriachuelo.it10.com.ar\/index.php\/wp-json\/wp\/v2\/posts\/1491","targetHints":{"allow":["GET"]}}],"collection":[{"href":"http:\/\/fmriachuelo.it10.com.ar\/index.php\/wp-json\/wp\/v2\/posts"}],"about":[{"href":"http:\/\/fmriachuelo.it10.com.ar\/index.php\/wp-json\/wp\/v2\/types\/post"}],"author":[{"embeddable":true,"href":"http:\/\/fmriachuelo.it10.com.ar\/index.php\/wp-json\/wp\/v2\/users\/4"}],"replies":[{"embeddable":true,"href":"http:\/\/fmriachuelo.it10.com.ar\/index.php\/wp-json\/wp\/v2\/comments?post=1491"}],"version-history":[{"count":0,"href":"http:\/\/fmriachuelo.it10.com.ar\/index.php\/wp-json\/wp\/v2\/posts\/1491\/revisions"}],"wp:attachment":[{"href":"http:\/\/fmriachuelo.it10.com.ar\/index.php\/wp-json\/wp\/v2\/media?parent=1491"}],"wp:term":[{"taxonomy":"category","embeddable":true,"href":"http:\/\/fmriachuelo.it10.com.ar\/index.php\/wp-json\/wp\/v2\/categories?post=1491"},{"taxonomy":"post_tag","embeddable":true,"href":"http:\/\/fmriachuelo.it10.com.ar\/index.php\/wp-json\/wp\/v2\/tags?post=1491"}],"curies":[{"name":"wp","href":"https:\/\/api.w.org\/{rel}","templated":true}]}}