{"id":1490,"date":"2016-01-25T14:23:00","date_gmt":"2016-01-25T14:23:00","guid":{"rendered":"http:\/\/fmriachuelo.observatorioess.org.ar\/index.php\/2016\/01\/25\/si-tocan-a-uno-nos-tocan-a-todos-4\/"},"modified":"2016-01-25T14:23:00","modified_gmt":"2016-01-25T14:23:00","slug":"si-tocan-a-uno-nos-tocan-a-todos-4","status":"publish","type":"post","link":"http:\/\/fmriachuelo.it10.com.ar\/index.php\/2016\/01\/25\/si-tocan-a-uno-nos-tocan-a-todos-4\/","title":{"rendered":"SI TOCAN A UNO NOS TOCAN A TODOS"},"content":{"rendered":"<p><span>BRIGADA&nbsp;COMUNICACIONAL&nbsp;MART\u00cdN OSO CISNEROS<\/span><br \/><b><span>EL PUEBLO EN LA CALLE<\/span><\/b><\/p>\n<p><span><\/span><\/p>\n<div style=\"text-align: justify\"><span>El 22 de enero de 2016 un grupo de organizaciones populares de la zona Sur de Capital y Provincia de Buenos Aires, cortaron el Puente Nicol\u00e1s Avellaneda del barrio porte\u00f1o de La Boca, como parte de la jornada nacional de lucha contra la criminalizaci\u00f3n de la protesta y por la liberaci\u00f3n de Milagro Sala, dirigente juge\u00f1a detenida ilegalmente hace una semana por manifestarse en la v\u00eda p\u00fablica, un derecho constitucional.<\/span><\/div>\n<p><span><\/span><\/p>\n","protected":false},"excerpt":{"rendered":"<p>BRIGADA&nbsp;COMUNICACIONAL&nbsp;MART\u00cdN OSO CISNEROSEL PUEBLO EN LA CALLE El 22 de enero de 2016 un grupo de organizaciones populares de la zona Sur de Capital y Provincia de Buenos Aires, cortaron el Puente Nicol\u00e1s Avellaneda del barrio porte\u00f1o de La Boca, como parte de la jornada nacional de lucha contra la criminalizaci\u00f3n de la protesta y [&hellip;]<\/p>\n","protected":false},"author":4,"featured_media":0,"comment_status":"open","ping_status":"open","sticky":false,"template":"","format":"standard","meta":{"_monsterinsights_skip_tracking":false,"_monsterinsights_sitenote_active":false,"_monsterinsights_sitenote_note":"","_monsterinsights_sitenote_category":0,"jnews-multi-image_gallery":[],"jnews_single_post":[],"jnews_primary_category":[],"_joinchat":[],"footnotes":""},"categories":[1],"tags":[],"class_list":["post-1490","post","type-post","status-publish","format-standard","hentry","category-habitat"],"_links":{"self":[{"href":"http:\/\/fmriachuelo.it10.com.ar\/index.php\/wp-json\/wp\/v2\/posts\/1490","targetHints":{"allow":["GET"]}}],"collection":[{"href":"http:\/\/fmriachuelo.it10.com.ar\/index.php\/wp-json\/wp\/v2\/posts"}],"about":[{"href":"http:\/\/fmriachuelo.it10.com.ar\/index.php\/wp-json\/wp\/v2\/types\/post"}],"author":[{"embeddable":true,"href":"http:\/\/fmriachuelo.it10.com.ar\/index.php\/wp-json\/wp\/v2\/users\/4"}],"replies":[{"embeddable":true,"href":"http:\/\/fmriachuelo.it10.com.ar\/index.php\/wp-json\/wp\/v2\/comments?post=1490"}],"version-history":[{"count":0,"href":"http:\/\/fmriachuelo.it10.com.ar\/index.php\/wp-json\/wp\/v2\/posts\/1490\/revisions"}],"wp:attachment":[{"href":"http:\/\/fmriachuelo.it10.com.ar\/index.php\/wp-json\/wp\/v2\/media?parent=1490"}],"wp:term":[{"taxonomy":"category","embeddable":true,"href":"http:\/\/fmriachuelo.it10.com.ar\/index.php\/wp-json\/wp\/v2\/categories?post=1490"},{"taxonomy":"post_tag","embeddable":true,"href":"http:\/\/fmriachuelo.it10.com.ar\/index.php\/wp-json\/wp\/v2\/tags?post=1490"}],"curies":[{"name":"wp","href":"https:\/\/api.w.org\/{rel}","templated":true}]}}