{"id":14890,"date":"2022-04-03T00:59:32","date_gmt":"2022-04-03T00:59:32","guid":{"rendered":"http:\/\/fmriachuelo.com.ar\/?p=14890"},"modified":"2025-04-16T14:59:23","modified_gmt":"2025-04-16T17:59:23","slug":"fuera-ingleses-de-malvinas-fuera-otan-de-america-latina","status":"publish","type":"post","link":"http:\/\/fmriachuelo.it10.com.ar\/index.php\/2022\/04\/03\/fuera-ingleses-de-malvinas-fuera-otan-de-america-latina\/","title":{"rendered":"FUERA INGLESES DE MALVINAS, FUERA OTAN DE AM\u00c9RICA LATINA"},"content":{"rendered":"<p><b>[FM Riachuelo, 2\/4\/2022] Entre las muchas actividades que se realizaron en todo el pa\u00eds en homenaje a los combatientes de Malvinas, en la Ciudad de Buenos Aires m\u00faltiples organizaciones de la Uni\u00f3n de Trabajadores y Trabajadoras de la Econom\u00eda Popular (UTEP) llevaron a cabo una formaci\u00f3n y una entrega floral en el Monumento a los Ca\u00eddos en la Plaza San Mart\u00edn, Retiro. Desde FM Riachuelo acompa\u00f1amos y formamos parte de esta jornada en la que reafirmamos nuestra soberan\u00eda de las Islas Malvinas, una lucha que hoy contin\u00faa en toda la regi\u00f3n latinoamericana.<\/b><\/p>\n<p><span style=\"font-weight: 400\">\u201c<\/span><i><span style=\"font-weight: 400\">Estamos a 40 a\u00f1os, en medio de una situaci\u00f3n de guerra. Guerras de nuevo tipo, integrales, en las que claramente los poderosos se dirimen en c\u00f3mo van a llevar el saqueo a todas nuestras Patrias. Por lo tanto, hoy tiene una significaci\u00f3n especial, y que sigue siendo uno de los enclaves coloniales que quedan en el mundo, porque sigue mostrando lo anacr\u00f3nico de un poder mundial global injusto y saqueador, sigue simplemente pensando en s\u00ed y para s\u00ed. Para nosotros que tenemos pueblos y patrias ocupadas tenemos que pensar una fuerte resistencia. El s\u00edmbolo de Malvinas sigue siendo un s\u00edmbolo altamente caro a la historia y al sentimiento de nuestro pueblo<\/span><\/i><span style=\"font-weight: 400\">\u201d, fueron las palabras de <\/span><b>Lito Borello<\/b><span style=\"font-weight: 400\">, secretario de <\/span><b>Derechos Humanos de la UTEP<\/b><span style=\"font-weight: 400\"> y coordinador nacional del <\/span><b>Movimiento Popular Los Pibes<\/b><span style=\"font-weight: 400\">, sobre el valor que toma Malvinas al d\u00eda de hoy.<\/span><\/p>\n<p><img loading=\"lazy\" decoding=\"async\" class=\" wp-image-14895 aligncenter\" src=\"http:\/\/fmriachuelo.com.ar\/wp-content\/uploads\/2022\/04\/malvinas-nota-300x169.jpeg\" alt=\"\" width=\"538\" height=\"303\" \/><\/p>\n<p><b>Eduardo Mart\u00ednez<\/b><span style=\"font-weight: 400\">, referente del <\/span><b>Frente 22 de Agosto<\/b><span style=\"font-weight: 400\">, dio un ejemplo concreto sobre c\u00f3mo se da la ocupaci\u00f3n en nuestras Patrias actualmente: \u201c<\/span><i><span style=\"font-weight: 400\">El conflicto de las Malvinas no fue simplemente un capricho de los ingleses, sino que responde a un escenario geopol\u00edtico en el que vienen por nuestros recursos estrat\u00e9gicos. Hoy se desata una guerra entre Rusia y Ucrania por el avance imperialista de la OTAN, y nosotros tenemos en las Malvinas una base militar de la OTAN<\/span><\/i><span style=\"font-weight: 400\">\u201d. As\u00ed, dej\u00f3 en claro la relevancia de que, desde la Econom\u00eda Popular, se comprenda que debemos dar continuidad a esta lucha: \u201c<\/span><i><span style=\"font-weight: 400\">Los trabajadores y trabajadoras de la Econom\u00eda Popular no pod\u00edamos no estar presentes, ten\u00edamos que manifestarnos y expresar todo el amor que nace de lo implican las Malvinas para el sentir de nuestro pueblo<\/span><\/i><span style=\"font-weight: 400\">\u201d.<\/span><\/p>\n<p><span style=\"font-weight: 400\">A pesar de que algunas versiones de la historia lo nieguen, frente a la ocupaci\u00f3n de los poderes globales siempre existi\u00f3 esta resistencia. As\u00ed lo expres\u00f3 <\/span><b>Fernanda \u201cLa Colo\u201d Pereyra<\/b><span style=\"font-weight: 400\">, referente de la <\/span><b>CTD An\u00edbal Ver\u00f3n<\/b><span style=\"font-weight: 400\">: \u201c<\/span><i><span style=\"font-weight: 400\">Tratamos de rescatar que ante nosotros siempre hubo quienes han peleado, como el Gaucho Rivero que pele\u00f3 contra las invasiones inglesas, y despu\u00e9s nuestro h\u00e9roes y hero\u00ednas de Malvinas. Siempre peleamos y confrontamos, y so\u00f1amos con la liberaci\u00f3n de la Patria Grande Latinoamericana y Caribe\u00f1a<\/span><\/i><span style=\"font-weight: 400\">\u201d.<\/span><\/p>\n<p><span style=\"font-weight: 400\"><img loading=\"lazy\" decoding=\"async\" class=\" wp-image-14896 aligncenter\" src=\"http:\/\/fmriachuelo.com.ar\/wp-content\/uploads\/2022\/04\/malvinas-3-300x169.jpeg\" alt=\"\" width=\"564\" height=\"318\" \/><\/span><\/p>\n<p><span style=\"font-weight: 400\">Las organizaciones que formaron parte de la actividad fueron: Movimiento Evita, Frente 22 de Agosto, CTD An\u00edbal Ver\u00f3n, Corriente Nuestra Patria, Movimiento Octubres, Organizaciones Libres del Pueblo (OLP), Corriente Pueblo Unido, Movimiento Trabajadores Organizados, Movimiento Popular Los Pibes, Organizaci\u00f3n 25 de Mayo, Movimiento Popular La Resistencia, Movimiento Misioneros de Francisco, Movimiento Territorial de Liberaci\u00f3n (MTL), Movimiento Nacional Campesino e Ind\u00edgena V\u00eda Campesina, Frente de Desocupados Eva Per\u00f3n, Movimiento de Inclusi\u00f3n Popular.<\/span><\/p>\n<p><span style=\"font-weight: 400\">Tras la lectura del documento donde se expres\u00f3 el rechazo a la ocupaci\u00f3n extranjera, las organizaciones realizaron la entrega floral en el Monumento a los Ca\u00eddos y entonaron el Himno Nacional Argentino. \u00abPatria s\u00ed, colonia no\u00bb, fue el grito final.<\/span><\/p>\n","protected":false},"excerpt":{"rendered":"<p>[FM Riachuelo, 2\/4\/2022] Entre las muchas actividades que se realizaron en todo el pa\u00eds en homenaje a los combatientes de Malvinas, en la Ciudad de Buenos Aires m\u00faltiples organizaciones de la Uni\u00f3n de Trabajadores y Trabajadoras de la Econom\u00eda Popular (UTEP) llevaron a cabo una formaci\u00f3n y una entrega floral en el Monumento a los [&hellip;]<\/p>\n","protected":false},"author":5,"featured_media":14894,"comment_status":"closed","ping_status":"closed","sticky":false,"template":"","format":"standard","meta":{"_monsterinsights_skip_tracking":false,"_monsterinsights_sitenote_active":false,"_monsterinsights_sitenote_note":"","_monsterinsights_sitenote_category":0,"jnews-multi-image_gallery":[],"jnews_single_post":{"format":"standard"},"jnews_primary_category":[],"_joinchat":[],"footnotes":""},"categories":[60],"tags":[64,153],"class_list":["post-14890","post","type-post","status-publish","format-standard","has-post-thumbnail","hentry","category-mirada-riachuelo","tag-economia-popular","tag-soberania-2"],"_links":{"self":[{"href":"http:\/\/fmriachuelo.it10.com.ar\/index.php\/wp-json\/wp\/v2\/posts\/14890","targetHints":{"allow":["GET"]}}],"collection":[{"href":"http:\/\/fmriachuelo.it10.com.ar\/index.php\/wp-json\/wp\/v2\/posts"}],"about":[{"href":"http:\/\/fmriachuelo.it10.com.ar\/index.php\/wp-json\/wp\/v2\/types\/post"}],"author":[{"embeddable":true,"href":"http:\/\/fmriachuelo.it10.com.ar\/index.php\/wp-json\/wp\/v2\/users\/5"}],"replies":[{"embeddable":true,"href":"http:\/\/fmriachuelo.it10.com.ar\/index.php\/wp-json\/wp\/v2\/comments?post=14890"}],"version-history":[{"count":1,"href":"http:\/\/fmriachuelo.it10.com.ar\/index.php\/wp-json\/wp\/v2\/posts\/14890\/revisions"}],"predecessor-version":[{"id":22287,"href":"http:\/\/fmriachuelo.it10.com.ar\/index.php\/wp-json\/wp\/v2\/posts\/14890\/revisions\/22287"}],"wp:featuredmedia":[{"embeddable":true,"href":"http:\/\/fmriachuelo.it10.com.ar\/index.php\/wp-json\/"}],"wp:attachment":[{"href":"http:\/\/fmriachuelo.it10.com.ar\/index.php\/wp-json\/wp\/v2\/media?parent=14890"}],"wp:term":[{"taxonomy":"category","embeddable":true,"href":"http:\/\/fmriachuelo.it10.com.ar\/index.php\/wp-json\/wp\/v2\/categories?post=14890"},{"taxonomy":"post_tag","embeddable":true,"href":"http:\/\/fmriachuelo.it10.com.ar\/index.php\/wp-json\/wp\/v2\/tags?post=14890"}],"curies":[{"name":"wp","href":"https:\/\/api.w.org\/{rel}","templated":true}]}}