{"id":1489,"date":"2016-01-29T15:00:00","date_gmt":"2016-01-29T15:00:00","guid":{"rendered":"http:\/\/fmriachuelo.observatorioess.org.ar\/index.php\/2016\/01\/29\/si-tocan-a-uno-nos-tocan-a-todos-3\/"},"modified":"2016-01-29T15:00:00","modified_gmt":"2016-01-29T15:00:00","slug":"si-tocan-a-uno-nos-tocan-a-todos-3","status":"publish","type":"post","link":"http:\/\/fmriachuelo.it10.com.ar\/index.php\/2016\/01\/29\/si-tocan-a-uno-nos-tocan-a-todos-3\/","title":{"rendered":"SI TOCAN A UNO NOS TOCAN A TODOS"},"content":{"rendered":"<p><span style=\"color: red;font-family: Verdana, sans-serif;font-size: large\"><b>CRECE EL ACAMPE<\/b><\/span><\/p>\n<div style=\"margin-bottom: 0.0001pt;padding: 0px\"><b><span style=\"color: #0b5394;font-family: Verdana, sans-serif\"><b style=\"text-align: center\"><a href=\"http:\/\/www.mediafire.com\/listen\/2iwkb64gj0ykm40\/01-28-2016_-_VOCES_MILITANTES_-_ACAMPE_MILAGRO_SALA_PZA_DE_MAYO.mp3\" rel=\"nofollow noopener\" style=\"color: #196ad4;margin: 0px;padding: 0px\" target=\"_blank\">VOCES DE LOS ACAMPANTES<\/a><\/b><\/span><\/b><\/div>\n<div style=\"margin-bottom: 0.0001pt;padding: 0px;text-align: left\"><b style=\"text-align: center\"><a href=\"http:\/\/www.mediafire.com\/listen\/jub3pa5zsj7lfqd\/01-28-2016_-_LITO_BORELLO_-_EV_EN_ACAMPE_MILAGRO_SALA.mp3\" rel=\"nofollow noopener\" style=\"color: #196ad4;margin: 0px;padding: 0px\" target=\"_blank\"><span style=\"font-family: Verdana, sans-serif\">LITO BORELLO &#8211; ORGANIZACION SOCIAL Y POLITICA LOS PIBES<\/span><\/a><\/b><\/div>\n<div style=\"margin-bottom: 0.0001pt;padding: 0px;text-align: left\"><b style=\"text-align: center\"><a href=\"http:\/\/www.mediafire.com\/listen\/bf6l5km6q7h6uke\/01-28-2016_-_JORGE_HERRERA_-_EV_EN_PZA_DE_MAYO.mp3\" rel=\"nofollow noopener\" style=\"color: #196ad4;margin: 0px;padding: 0px\" target=\"_blank\"><span style=\"font-family: Verdana, sans-serif\">JORGE HERRERA &#8211; LUCHADOR SOCIAL<\/span><\/a><\/b><\/div>\n<div style=\"margin-bottom: 0.0001pt;padding: 0px\">\n<div style=\"text-align: justify\"><a href=\"http:\/\/1.bp.blogspot.com\/-r8VqOZ-4u2M\/Vq6YHPllzcI\/AAAAAAAAHzk\/YeCnqZKhAjY\/s1600\/MOSAICO%2B1.JPG\" style=\"clear: left;float: left;margin-bottom: 1em;margin-right: 1em\"><span style=\"font-family: Verdana, sans-serif\"><img loading=\"lazy\" decoding=\"async\" border=\"0\" height=\"240\" src=\"https:\/\/1.bp.blogspot.com\/-r8VqOZ-4u2M\/Vq6YHPllzcI\/AAAAAAAAHzk\/YeCnqZKhAjY\/s320\/MOSAICO%2B1.JPG\" width=\"320\" \/><\/span><\/a><span style=\"font-family: Verdana, sans-serif\"><b>[FMR viernes 29\/01\/16] Durante la jornada de ayer se siguieron sumando al acampe en Plaza de Mayo organizaciones del campo popular que reclaman por la liberaci\u00f3n de Milagro Sala. El campamento se hab\u00eda iniciado el mi\u00e9rcoles por la noche luego de la transmisi\u00f3n del documental \u00abMilagro en Jujuy\u00bb.<\/b><\/span><br \/><span style=\"font-family: Verdana, sans-serif\">Consustanciadas con la consigna que m\u00e1s suena en el acampe, \u00abSi tocan a uno, nos tocan a todos\u00bb, tambi\u00e9n se sumaron organizaciones y militantes de nuestro barrio: La Boca.&nbsp;<\/span><\/div>\n<\/div>\n<div style=\"text-align: justify\"><span style=\"font-family: Verdana, sans-serif\"><b><span style=\"color: red\">FM Riachuelo<\/span><\/b> estuvo presente desde los primeros momentos y ayer convers\u00f3 con militantes y referentes de La Boca mientras instalaban su carpa y sus banderas. Entre ellos destacamos el testimonio de Jorge Herrera, padre de Pitu y Pola, dos pibes que hace poco m\u00e1s de 2 a\u00f1os murieron en un incendio en la Boca. Jorge todav\u00eda exige justicia y pol\u00edticas p\u00fablicas al gobierno de la CABA, a quien hace responsable de no encarar soluciones dignas a la emergencia habitacional en el barrio de La Boca.<\/span><\/div>\n<p><a name='more'><\/a><\/p>\n<div style=\"clear: both;text-align: center\"><\/div>\n<div style=\"clear: both;text-align: center\"><a href=\"http:\/\/4.bp.blogspot.com\/-1evSRz29M1Y\/Vq6YqXCXdFI\/AAAAAAAAH0A\/oHedh0uHo_U\/s1600\/MOSAICO%2B6.JPG\" style=\"clear: left;float: left;margin-bottom: 1em;margin-right: 1em\"><span style=\"font-family: Verdana, sans-serif\"><img loading=\"lazy\" decoding=\"async\" border=\"0\" height=\"200\" src=\"https:\/\/4.bp.blogspot.com\/-1evSRz29M1Y\/Vq6YqXCXdFI\/AAAAAAAAH0A\/oHedh0uHo_U\/s200\/MOSAICO%2B6.JPG\" width=\"150\" \/><\/span><\/a><\/div>\n<div style=\"text-align: justify\"><span style=\"font-family: Verdana, sans-serif\"><span style=\"font-family: verdana, sans-serif\">La tarde de ayer cont\u00f3 tambi\u00e9n con un momento de fuerte contenido simb\u00f3lico cuando hacia las 15.30 los acampantes se acercaron a la pir\u00e1mide de Mayo para acompa\u00f1ar a las Madres en su hist\u00f3rica ronda de los jueves. Durante la ronda, militantes de Derechos Humanos y de las organizaciones sociales que estaban acampando, corearon en unidad consignas de repudio a las pol\u00edticas y el gobierno de Mauricio Macri.<\/span>&nbsp;<span style=\"font-family: verdana, sans-serif\">Entre los participantes era notoria la disposici\u00f3n a \u00absostener el acampe el tiempo que sea necesario\u00bb, entendiendo que en la detenci\u00f3n de Milagro Sala est\u00e1 en juego la voluntad del gobierno nacional de instalar una l\u00f3gica represiva y de criminalizaci\u00f3n de la protesta social y de la participaci\u00f3n pol\u00edtica.&nbsp;<\/span><\/span><\/div>\n<div style=\"text-align: justify\"><span style=\"font-family: Verdana, sans-serif\"><\/span><\/div>\n<div style=\"clear: both;text-align: center\"><a href=\"http:\/\/4.bp.blogspot.com\/-nv0qU9UzBO8\/Vq6YtOmWnQI\/AAAAAAAAH0I\/pIKKldjbq1o\/s1600\/MOSAICO%2B8.JPG\" style=\"clear: left;float: left;margin-bottom: 1em;margin-right: 1em\"><span style=\"font-family: Verdana, sans-serif\"><img loading=\"lazy\" decoding=\"async\" border=\"0\" height=\"240\" src=\"https:\/\/4.bp.blogspot.com\/-nv0qU9UzBO8\/Vq6YtOmWnQI\/AAAAAAAAH0I\/pIKKldjbq1o\/s320\/MOSAICO%2B8.JPG\" width=\"320\" \/><\/span><\/a><\/div>\n<p><span style=\"text-align: justify\"><span style=\"font-family: Verdana, sans-serif\">Tambi\u00e9n destacaban el valor de la diversidad de organizaciones que se hac\u00eda presente en la Plaza y la importancia que todos aquellos preocupados por el contexto pol\u00edtico y social actual e involucrados en las luchas del momento y por venir se sumaran al acampe.<\/span><\/span><\/p>\n<div>\n<div dir=\"ltr\" style=\"text-align: center\">\n<div style=\"background-color: white;margin-bottom: 0.0001pt;padding: 0px\">\n<div style=\"text-align: left\"><span style=\"font-family: Verdana, sans-serif\"><b><a href=\"http:\/\/www.mediafire.com\/listen\/2iwkb64gj0ykm40\/01-28-2016_-_VOCES_MILITANTES_-_ACAMPE_MILAGRO_SALA_PZA_DE_MAYO.mp3\" rel=\"nofollow noopener\" style=\"background-color: transparent;color: #196ad4;margin: 0px;padding: 0px\" target=\"_blank\">VOCES DE LOS ACAMPANTES<\/a><\/b><\/span><\/div>\n<\/div>\n<div style=\"background-color: white;margin-bottom: 0.0001pt;padding: 0px\">\n<div style=\"text-align: left\"><span style=\"font-family: Verdana, sans-serif\"><b><a href=\"http:\/\/www.mediafire.com\/listen\/jub3pa5zsj7lfqd\/01-28-2016_-_LITO_BORELLO_-_EV_EN_ACAMPE_MILAGRO_SALA.mp3\" rel=\"nofollow noopener\" style=\"background: transparent;color: #196ad4;margin: 0px;padding: 0px\" target=\"_blank\">LITO BORELLO &#8211; ORGANIZACION SOCIAL Y POLITICA LOS PIBES<\/a><\/b><\/span><\/div>\n<\/div>\n<div style=\"background-color: white;margin-bottom: 0.0001pt;padding: 0px\">\n<div style=\"text-align: left\"><span style=\"font-family: Verdana, sans-serif\"><b><a href=\"http:\/\/www.mediafire.com\/listen\/bf6l5km6q7h6uke\/01-28-2016_-_JORGE_HERRERA_-_EV_EN_PZA_DE_MAYO.mp3\" rel=\"nofollow noopener\" style=\"background-color: transparent;color: #196ad4;margin: 0px;padding: 0px\" target=\"_blank\">JORGE HERRERA &#8211; LUCHADOR SOCIAL<\/a><\/b><\/span><\/div>\n<\/div>\n<\/div>\n<\/div>\n","protected":false},"excerpt":{"rendered":"<p>CRECE EL ACAMPE VOCES DE LOS ACAMPANTES LITO BORELLO &#8211; ORGANIZACION SOCIAL Y POLITICA LOS PIBES JORGE HERRERA &#8211; LUCHADOR SOCIAL [FMR viernes 29\/01\/16] Durante la jornada de ayer se siguieron sumando al acampe en Plaza de Mayo organizaciones del campo popular que reclaman por la liberaci\u00f3n de Milagro Sala. El campamento se hab\u00eda iniciado [&hellip;]<\/p>\n","protected":false},"author":4,"featured_media":0,"comment_status":"open","ping_status":"open","sticky":false,"template":"","format":"standard","meta":{"_monsterinsights_skip_tracking":false,"_monsterinsights_sitenote_active":false,"_monsterinsights_sitenote_note":"","_monsterinsights_sitenote_category":0,"jnews-multi-image_gallery":[],"jnews_single_post":[],"jnews_primary_category":[],"_joinchat":[],"footnotes":""},"categories":[1],"tags":[],"class_list":["post-1489","post","type-post","status-publish","format-standard","hentry","category-habitat"],"_links":{"self":[{"href":"http:\/\/fmriachuelo.it10.com.ar\/index.php\/wp-json\/wp\/v2\/posts\/1489","targetHints":{"allow":["GET"]}}],"collection":[{"href":"http:\/\/fmriachuelo.it10.com.ar\/index.php\/wp-json\/wp\/v2\/posts"}],"about":[{"href":"http:\/\/fmriachuelo.it10.com.ar\/index.php\/wp-json\/wp\/v2\/types\/post"}],"author":[{"embeddable":true,"href":"http:\/\/fmriachuelo.it10.com.ar\/index.php\/wp-json\/wp\/v2\/users\/4"}],"replies":[{"embeddable":true,"href":"http:\/\/fmriachuelo.it10.com.ar\/index.php\/wp-json\/wp\/v2\/comments?post=1489"}],"version-history":[{"count":0,"href":"http:\/\/fmriachuelo.it10.com.ar\/index.php\/wp-json\/wp\/v2\/posts\/1489\/revisions"}],"wp:attachment":[{"href":"http:\/\/fmriachuelo.it10.com.ar\/index.php\/wp-json\/wp\/v2\/media?parent=1489"}],"wp:term":[{"taxonomy":"category","embeddable":true,"href":"http:\/\/fmriachuelo.it10.com.ar\/index.php\/wp-json\/wp\/v2\/categories?post=1489"},{"taxonomy":"post_tag","embeddable":true,"href":"http:\/\/fmriachuelo.it10.com.ar\/index.php\/wp-json\/wp\/v2\/tags?post=1489"}],"curies":[{"name":"wp","href":"https:\/\/api.w.org\/{rel}","templated":true}]}}