{"id":1488,"date":"2016-02-01T01:46:00","date_gmt":"2016-02-01T01:46:00","guid":{"rendered":"http:\/\/fmriachuelo.observatorioess.org.ar\/index.php\/2016\/02\/01\/entrevista-a-lito-borello-desde-el-acampe-en-plaza-de-mayo\/"},"modified":"2016-02-01T01:46:00","modified_gmt":"2016-02-01T01:46:00","slug":"entrevista-a-lito-borello-desde-el-acampe-en-plaza-de-mayo","status":"publish","type":"post","link":"http:\/\/fmriachuelo.it10.com.ar\/index.php\/2016\/02\/01\/entrevista-a-lito-borello-desde-el-acampe-en-plaza-de-mayo\/","title":{"rendered":"ENTREVISTA A LITO BORELLO DESDE EL ACAMPE EN PLAZA DE MAYO"},"content":{"rendered":"<div style=\"text-align: center\">\n<div style=\"text-align: left\"><span style=\"font-family: Verdana, sans-serif;font-size: small\"><span style=\"font-family: verdana,sans-serif\">SI TOCAN A UNO, NOS TOCAN A TODOS<\/span><\/span><\/div>\n<\/div>\n<div>\n<div style=\"margin-bottom: 0.0001pt;text-align: center\">\n<div style=\"text-align: left\"><span style=\"color: red;font-family: Verdana, sans-serif;font-size: large\"><b><span style=\"line-height: 115%\"><span style=\"font-size: large\">LA RESISTENCIA ES CON LUCHA EN LA CALLE<\/span><\/span><\/b><span style=\"font-size: large\"><br \/><\/span><\/span><\/div>\n<\/div>\n<div style=\"margin-bottom: 0.0001pt;text-align: center\">\n<div style=\"text-align: left\"><span style=\"font-family: Verdana, sans-serif;font-size: small\"><span style=\"font-family: verdana,sans-serif\">ENTREVISTA&nbsp; ESPECIAL DE LA FM RIACHUELO EN EL ACAMPE DE PLAZA DE MAYO CON LITO  BORELLO, COORDINADOR NACIONAL DE LA ORGANIZACI\u00d3N SOCIAL Y POL\u00cdTICA LOS  PIBES<\/span><\/span><\/div>\n<\/div>\n<div style=\"margin-bottom: 0.0001pt;text-align: center\">\n<div style=\"text-align: left\"><span><b>Escuch\u00e1 aqu\u00ed los fragmentos de la entrevista:<\/b><\/span><\/div>\n<\/div>\n<div style=\"margin-bottom: 0.0001pt;text-align: center\">\n<div style=\"text-align: left\"><a href=\"http:\/\/3.bp.blogspot.com\/-V5Py-anmUHw\/Vq6_WASwTXI\/AAAAAAAAH0g\/Cy7vfYuHi_0\/s1600\/unnamed.jpg\" style=\"clear: left;float: left;margin-bottom: 1em;margin-right: 1em\"><img loading=\"lazy\" decoding=\"async\" border=\"0\" height=\"240\" src=\"https:\/\/3.bp.blogspot.com\/-V5Py-anmUHw\/Vq6_WASwTXI\/AAAAAAAAH0g\/Cy7vfYuHi_0\/s320\/unnamed.jpg\" width=\"320\" \/><\/a><span><b><a href=\"http:\/\/www.mediafire.com\/listen\/yw8dc6tm8b780gb\/01-31-2016_-_LITO_BORELLO_-_NUESTRO_PUEBLO_RAPIDAMENTE_RECREA_SUS_INSTRUMENTOS_DE_LUCHA.mp3\" target=\"_blank\" rel=\"noopener\">LITO BORELLO &#8211; NUESTRO PUEBLO RAPIDAMENTE RECREA SUS INSTRUMENTOS DE LUCHA<\/a><\/b><\/span><\/div>\n<\/div>\n<div style=\"margin-bottom: 0.0001pt;text-align: center\">\n<div style=\"text-align: left\"><b style=\"font-family: verdana,sans-serif\"><a href=\"http:\/\/www.mediafire.com\/listen\/0c0eubb5ezuuxct\/01-31-2016_-_LITO_BORELLO_-_LA_LUCHA_POR_SOBRE_LAS_ARITMETICAS_PARLAMENTARIAS.mp3\" target=\"_blank\" rel=\"noopener\">LITO BORELLO &#8211; LA LUCHA POR SOBRE LAS ARITM\u00c9TICAS PARLAMENTARIAS<\/a><\/b><span><b><br \/><\/b><\/span><\/div>\n<\/div>\n<div style=\"margin-bottom: 0.0001pt;text-align: center\">\n<div style=\"text-align: left\"><a href=\"http:\/\/www.mediafire.com\/listen\/j047j3dk699qzh9\/01-31-2016_-_LITO_BORELLO_-_ESPERAMOS_CONVOCATORIAS_A_CIENTOS_DE_ACAMPES_EN_TODO_EL_PAIS.mp3\" target=\"_blank\" rel=\"noopener\"><b><span>LITO BORELLO &#8211; ESPERAMOS CONVOCATORIAS A CIENTOS DE ACAMPES EN TODO EL PAIS<\/span><\/b><\/a><\/div>\n<\/div>\n<div style=\"margin-bottom: 0.0001pt;text-align: justify\">\n<div style=\"text-align: left\"><b style=\"font-family: verdana, sans-serif;text-align: justify\">[FMR  domingo 31\/01\/2016] En la tarde de hoy, en el marco de la cobertura  especial que la FM Riachuelo viene realizando desde el inicio del acampe  en Plaza de Mayo por la liberaci\u00f3n de Milagro Sala, conversamos con  Lito Borello, coordinador nacional de la Organizaci\u00f3n Social y Pol\u00edtica  Los Pibes. Su amplia experiencia de militancia y una reflexi\u00f3n que nace  en el seno de una organizaci\u00f3n territorial que transit\u00f3 20 a\u00f1os de  historia de nuestro pa\u00eds, constituyen un valioso aporte para comprender  el significado que el Acampe de Plaza de Mayo alcanza en una nueva etapa  pol\u00edtica de la Argentina y la regi\u00f3n.<\/b><\/div>\n<\/div>\n<div style=\"margin-bottom: 0.0001pt\"><span><b><\/b><\/span><\/div>\n<div style=\"margin-bottom: 0.0001pt\"><b style=\"clear: right;float: right;margin-bottom: 1em;margin-left: 1em\"><\/b><span><b><\/b><\/span><\/div>\n<div style=\"margin-bottom: 0.0001pt;text-align: justify\"><span><\/span><b style=\"font-family: verdana,sans-serif\">FM Riachuelo:<\/b><span>&nbsp;<\/span><i style=\"font-family: verdana,sans-serif\">Lito,  a 5 d\u00edas de iniciado el acampe que fue convocado por la liberaci\u00f3n de  Milagro Sala, hoy se conforma de una diversidad de banderas y colores, y  comienza a reunir tambi\u00e9n a expresiones y emergentes de otras luchas y  resistencias que va generando la pol\u00edtica reaccionaria del macrismo  \u00bfcu\u00e1l es tu mirada sobre esta forma diversa que va tomando el acampe?<\/i><\/div>\n<div style=\"margin-bottom: 0.0001pt;text-align: justify\"><span><b>Lito Borello: <\/b>Este acampe nace claramente bajo la consigna de \u00abLibertad Ya de Milagro Sala\u00bb pero en el transcurso de los d\u00edas <b>se  ha ido convirtiendo en una referencia, en un s\u00edmbolo, en un acampe que  ha ido expresando el universo de reivindicaciones que hoy tiene el campo  popular<\/b>. Hoy el acampe expresa la lucha por los compa\u00f1eros y  compa\u00f1eras que est\u00e1n despidiendo todos los d\u00edas; representa el  avasallamiento que est\u00e1 intentando llevar adelante este nuevo gobierno  de Macri que es una derecha restauradora. <b>Frente a esta nueva  derecha, el acampe es el grito de resistencia de un Pueblo que se va  poniendo de pie y se va preparando y organizando para las batallas que  vienen<\/b>. Lejos de tener una mirada pesimista, esto <b>da cuenta de la vitalidad, del coraje y de la voluntad que tiene nuestro Pueblo<\/b> que rapidamente va recreando sus instrumentos de pelea y se prepara para el tiempo que viene.<\/span><\/div>\n<div style=\"margin-bottom: 0.0001pt;text-align: justify\"><a name='more'><\/a><span><b>FMR:<i> <\/i><\/b><i>Con  la conflictividad social que plantean las pol\u00edticas del macrismo  imaginamos muchos espacios de militantes, de trabajadores, de compa\u00f1eros  que se juntan y discuten y deciden sobre su participaci\u00f3n en el acampe.  Tambi\u00e9n imaginamos en esas discusiones que todav\u00eda tienen alg\u00fan peso  los matices y diferencias que exist\u00edan en el campo popular en la etapa  anterior \u00bfqu\u00e9 le dir\u00edas a los compa\u00f1eros que se encuentran en esos  debates?<\/i><\/span><\/div>\n<div style=\"margin-bottom: 0.0001pt;text-align: justify\"><span><b>LB: <\/b>Entendemos que el acampe en Plaza de Mayo va logrando que esas diferencias y matices pasen a un segundo plano. <b>Organizaciones que tenemos miradas diferentes de la coyuntura vamos entendiendo cual es el enemigo com\u00fan.<\/b> <b>El acampe va superando algunas limitaciones mediocres del estilo \u00abmejor no nos movamos demasiado, mejor no salgamos a la calle\u00bb<\/b>.  El acampe va a expresar a un movimiento popular descamisado, desbocado,  desprolijo, maleducado como siempre es el subsuelo de la patria  sublevado. Igual que como fueron y expresaron los piquetes en todo el  pa\u00eds del viernes 22\/01, el acampe tambi\u00e9n demuestra que <b>la resistencia es con lucha callejera<\/b>.  Una lucha por sobre la \u00abgrand-politique\u00bb, por sobre la corporaci\u00f3n  pol\u00edtica que cree que todo se resuelve con una aritm\u00e9tica parlamentaria.  Se esta produciendo claramente la construcci\u00f3n de un poder popular que  va instrumentando, uniendo, va vertebrando, va coordinando a las  distintas organizaciones popular<br \/>\nes. Es mucho m\u00e1s representativo el  universo de organizacional de sindicatos, de espacios culturales,  estudiantiles, de organizaciones sociales, pol\u00edticas que expresa el  campamento y expresaron los piquetes que cualquier aritm\u00e9tica  institucional parlamentaria. Este es el l\u00edmite que de forma natural se  est\u00e1 cruzando en el acampe de Plaza de Mayo. Un lugar hist\u00f3rico donde se  dio el primer grito de libertad de la Patria y donde se construyeron  tantos jalones hist\u00f3ricos de la lucha del Pueblo argentino.<\/span><\/div>\n<div style=\"margin-bottom: 0.0001pt;text-align: center\">\n<div style=\"clear: both;text-align: center\"><a href=\"http:\/\/1.bp.blogspot.com\/-KfAtuE8cVoo\/Vq7AFmZTuyI\/AAAAAAAAH0o\/Jin7pWMGqkw\/s1600\/unnamed1.jpg\" style=\"clear: left;float: left;margin-bottom: 1em;margin-right: 1em\"><img loading=\"lazy\" decoding=\"async\" border=\"0\" height=\"300\" src=\"https:\/\/1.bp.blogspot.com\/-KfAtuE8cVoo\/Vq7AFmZTuyI\/AAAAAAAAH0o\/Jin7pWMGqkw\/s400\/unnamed1.jpg\" width=\"400\" \/><\/a><\/div>\n<\/div>\n<div style=\"margin-bottom: 0.0001pt\"><span><\/span><\/div>\n<div style=\"margin-bottom: 0.0001pt;text-align: justify\"><b style=\"font-family: verdana,sans-serif\">FMR: <\/b><i style=\"font-family: verdana,sans-serif\">Sin  duda se puede estar de acuerdo con los aspectos positivos que ven\u00eds  se\u00f1alando sobre la experiencia del acampe, pero tambi\u00e9n hay aspectos que  no est\u00e1n siendo positivos si se toma en cuenta la respuesta o falta de  respuesta del macrismo a las demadas populares \u00bfC\u00f3mo van a seguir estos  conflictos que se expresan en la Plaza de Mayo?<\/i><\/div>\n<div style=\"margin-bottom: 0.0001pt;text-align: justify\"><span><b>LB: <\/b>Los piquetes del viernes y el acampe dieron cuenta de <b>formas  m\u00e1s plurales, m\u00e1s participativas y m\u00e1s democr\u00e1ticas de organizaci\u00f3n,  distintas a las formas que ven\u00edan&nbsp;d\u00e1ndose&nbsp;hasta estos d\u00edas<\/b>. A este  acampe seguramente ir\u00e1n confluyendo otras fuerzas: los docentes, los  petroleros, como todas las luchas que van naciendo. Pero tambi\u00e9n quiz\u00e1s,  dentro de muy poco, no solamente sea el Acampe de Plaza de Mayo sino la  convocatoria a cientos de acampes en las plazas de todo el pa\u00eds,  permitiendo la libre expresi\u00f3n de cada organizaci\u00f3n popular en cada  lugar; la no centralizaci\u00f3n del conflicto en un solo lugar. Se trata de <b>dar  lugar a que cada camada que va naciendo y se va sumando a la lucha en  cada lugar, resistiendo a estas pol\u00edticas neoliberales, pueda expresarse  en todo el pa\u00eds<\/b>. Entonces seguramente sigamos convocando a que se agrande este acampe, pero <b>que tambi\u00e9n se convoquen acampes en las plazas de todo el pa\u00eds<\/b> por tiempo indeterminado como expresi\u00f3n de la resistencia del campo popular.<\/span><\/div>\n<div style=\"margin-bottom: 0.0001pt;text-align: center\">\n<div style=\"clear: both;text-align: center\"><a href=\"http:\/\/4.bp.blogspot.com\/-VRssXj_nPHc\/Vq7ANXmtm4I\/AAAAAAAAH0w\/1x03oV7pdoA\/s1600\/unnamed2.jpg\" style=\"clear: left;float: left;margin-bottom: 1em;margin-right: 1em\"><img loading=\"lazy\" decoding=\"async\" border=\"0\" height=\"300\" src=\"https:\/\/4.bp.blogspot.com\/-VRssXj_nPHc\/Vq7ANXmtm4I\/AAAAAAAAH0w\/1x03oV7pdoA\/s400\/unnamed2.jpg\" width=\"400\" \/><\/a><\/div>\n<\/div>\n<div style=\"margin-bottom: 0.0001pt;text-align: center\">\n<div style=\"text-align: left\"><span><b>Escuch\u00e1 aqu\u00ed los fragmentos de la entrevista:<\/b><\/span><\/div>\n<\/div>\n<div style=\"margin-bottom: 0.0001pt;text-align: center\">\n<div style=\"text-align: left\"><span><b><a href=\"http:\/\/www.mediafire.com\/listen\/yw8dc6tm8b780gb\/01-31-2016_-_LITO_BORELLO_-_NUESTRO_PUEBLO_RAPIDAMENTE_RECREA_SUS_INSTRUMENTOS_DE_LUCHA.mp3\" target=\"_blank\" rel=\"noopener\">LITO BORELLO &#8211; NUESTRO PUEBLO RAPIDAMENTE RECREA SUS INSTRUMENTOS DE LUCHA<\/a><\/b><\/span><\/div>\n<\/div>\n<div style=\"margin-bottom: 0.0001pt;text-align: center\">\n<div style=\"text-align: left\"><b style=\"font-family: verdana,sans-serif\"><a href=\"http:\/\/www.mediafire.com\/listen\/0c0eubb5ezuuxct\/01-31-2016_-_LITO_BORELLO_-_LA_LUCHA_POR_SOBRE_LAS_ARITMETICAS_PARLAMENTARIAS.mp3\" target=\"_blank\" rel=\"noopener\">LITO BORELLO &#8211; LA LUCHA POR SOBRE LAS ARITMETICAS PARLAMENTARIAS<\/a><\/b><span><b><br \/><\/b><\/span><\/div>\n<\/div>\n<div style=\"margin-bottom: 0.0001pt;text-align: center\">\n<div style=\"text-align: left\"><a href=\"http:\/\/www.mediafire.com\/listen\/j047j3dk699qzh9\/01-31-2016_-_LITO_BORELLO_-_ESPERAMOS_CONVOCATORIAS_A_CIENTOS_DE_ACAMPES_EN_TODO_EL_PAIS.mp3\" target=\"_blank\" rel=\"noopener\"><b><span>LITO BORELLO &#8211; ESPERAMOS CONVOCATORIAS A CIENTOS DE ACAMPES EN TODO EL PAIS<\/span><\/b><\/a><\/div>\n<\/div>\n<div style=\"margin-bottom: 0.0001pt\"><\/div>\n<\/div>\n","protected":false},"excerpt":{"rendered":"<p>SI TOCAN A UNO, NOS TOCAN A TODOS LA RESISTENCIA ES CON LUCHA EN LA CALLE ENTREVISTA&nbsp; ESPECIAL DE LA FM RIACHUELO EN EL ACAMPE DE PLAZA DE MAYO CON LITO BORELLO, COORDINADOR NACIONAL DE LA ORGANIZACI\u00d3N SOCIAL Y POL\u00cdTICA LOS PIBES Escuch\u00e1 aqu\u00ed los fragmentos de la entrevista: LITO BORELLO &#8211; NUESTRO PUEBLO RAPIDAMENTE [&hellip;]<\/p>\n","protected":false},"author":4,"featured_media":0,"comment_status":"open","ping_status":"open","sticky":false,"template":"","format":"standard","meta":{"_monsterinsights_skip_tracking":false,"_monsterinsights_sitenote_active":false,"_monsterinsights_sitenote_note":"","_monsterinsights_sitenote_category":0,"jnews-multi-image_gallery":[],"jnews_single_post":[],"jnews_primary_category":[],"_joinchat":[],"footnotes":""},"categories":[1],"tags":[],"class_list":["post-1488","post","type-post","status-publish","format-standard","hentry","category-habitat"],"_links":{"self":[{"href":"http:\/\/fmriachuelo.it10.com.ar\/index.php\/wp-json\/wp\/v2\/posts\/1488","targetHints":{"allow":["GET"]}}],"collection":[{"href":"http:\/\/fmriachuelo.it10.com.ar\/index.php\/wp-json\/wp\/v2\/posts"}],"about":[{"href":"http:\/\/fmriachuelo.it10.com.ar\/index.php\/wp-json\/wp\/v2\/types\/post"}],"author":[{"embeddable":true,"href":"http:\/\/fmriachuelo.it10.com.ar\/index.php\/wp-json\/wp\/v2\/users\/4"}],"replies":[{"embeddable":true,"href":"http:\/\/fmriachuelo.it10.com.ar\/index.php\/wp-json\/wp\/v2\/comments?post=1488"}],"version-history":[{"count":0,"href":"http:\/\/fmriachuelo.it10.com.ar\/index.php\/wp-json\/wp\/v2\/posts\/1488\/revisions"}],"wp:attachment":[{"href":"http:\/\/fmriachuelo.it10.com.ar\/index.php\/wp-json\/wp\/v2\/media?parent=1488"}],"wp:term":[{"taxonomy":"category","embeddable":true,"href":"http:\/\/fmriachuelo.it10.com.ar\/index.php\/wp-json\/wp\/v2\/categories?post=1488"},{"taxonomy":"post_tag","embeddable":true,"href":"http:\/\/fmriachuelo.it10.com.ar\/index.php\/wp-json\/wp\/v2\/tags?post=1488"}],"curies":[{"name":"wp","href":"https:\/\/api.w.org\/{rel}","templated":true}]}}