{"id":1487,"date":"2016-02-04T13:17:00","date_gmt":"2016-02-04T13:17:00","guid":{"rendered":"http:\/\/fmriachuelo.observatorioess.org.ar\/index.php\/2016\/02\/04\/si-tocan-a-uno-nos-tocan-a-todos-2\/"},"modified":"2016-02-04T13:17:00","modified_gmt":"2016-02-04T13:17:00","slug":"si-tocan-a-uno-nos-tocan-a-todos-2","status":"publish","type":"post","link":"http:\/\/fmriachuelo.it10.com.ar\/index.php\/2016\/02\/04\/si-tocan-a-uno-nos-tocan-a-todos-2\/","title":{"rendered":"SI TOCAN A UNO, NOS TOCAN A TODOS"},"content":{"rendered":"<div style=\"margin-bottom: 0.0001pt\">\n<div style=\"text-align: justify\"><span>LA LUCHA POR LA VIVIENDA Y EL HABITAT PARA EL PUEBLO SE HIZO PRESENTE EN EL ACAMPE EN PLAZA DE MAYO CONTRA LA CRIMINALIZACI\u00d3N DE LA PROTESTA SOCIAL.<\/span><\/div>\n<div style=\"background-color: white;color: #222222;font-family: arial, sans-serif;font-size: small;margin-bottom: 0.0001pt\">\n<div style=\"text-align: justify\"><\/div>\n<\/div>\n<p><span><b>NINGUNA FAMILIA SIN TECHO<\/b><\/span><\/p>\n<div style=\"background-color: white;color: #222222;font-family: 'times new roman';font-size: medium;margin-bottom: 0.0001pt\"><b><span><a href=\"http:\/\/www.mediafire.com\/listen\/2dtigvu5ie6t6b7\/02-03-2016_-_MESA_DE_VIVIENDA_COMPLETO.mp3\">ESCUCH\u00c1 EL PANEL COMPLETO TOCANDO AC\u00c1<\/a><\/span><\/b><\/div>\n<div style=\"background-color: white;color: #222222;font-family: arial, sans-serif;font-size: medium;margin-bottom: 0.0001pt;text-align: left\">\n<div style=\"clear: both;text-align: center\"><a href=\"https:\/\/1.bp.blogspot.com\/-KLSI8bkz2Mg\/VrNO7JudGSI\/AAAAAAAAH1U\/gVIWOZtafj0\/s1600\/_DSC1609.jpg\" style=\"clear: left;float: left;margin-bottom: 1em;margin-right: 1em\"><img loading=\"lazy\" decoding=\"async\" border=\"0\" height=\"211\" src=\"https:\/\/1.bp.blogspot.com\/-KLSI8bkz2Mg\/VrNO7JudGSI\/AAAAAAAAH1U\/gVIWOZtafj0\/s320\/_DSC1609.jpg\" width=\"320\" \/><\/a><\/div>\n<div style=\"text-align: justify\"><b style=\"font-family: verdana, sans-serif\">Adem\u00e1s te proponemos algunos fragmentos destacados:<\/b><\/div>\n<\/div>\n<div style=\"background-color: white;color: #222222;font-family: arial, sans-serif;font-size: small;margin-bottom: 0.0001pt;text-align: left\"><span><b><a href=\"http:\/\/www.mediafire.com\/listen\/v2brgka3n2eeh23\/02-03-2016_-_LUIS_ROLDAN%2C_COOP_EL_SURCO_-_FRAGMENTOS_DE_INTERVENCION_EN_MESA_DE_VIVIENDA_ACAMPE.mp3\" style=\"color: #1155cc\">LUIS ROLDAN &#8211; COOPERATIVA DE VIVIENDA EL SURCO<\/a><\/b><\/span><\/div>\n<div style=\"background-color: white;color: #222222;font-family: arial, sans-serif;font-size: small;margin-bottom: 0.0001pt;text-align: left\"><span><b><a href=\"http:\/\/www.mediafire.com\/listen\/q0fq9t177m74v8b\/02-03-2016_-_DIEGO_MENDIETA%2C_IGLESIA_DIMENSION_DE_FE_-_FRAGMENTOS_DE_INTERVENCION_EN_MESA_DE_VIVIENDA_ACAMPE.mp3\" style=\"color: #1155cc\">DIEGO MENDIETA &#8211; PASTOR DE LA IGLESIA DIMENSI\u00d3N DE FE<\/a><\/b><\/span><\/div>\n<div style=\"background-color: white;color: #222222;font-family: arial, sans-serif;font-size: small;margin-bottom: 0.0001pt;text-align: left\"><span><b><a href=\"http:\/\/www.mediafire.com\/listen\/zvu64rtefx6214u\/02-03-2016_-_NATALIA_QUINTO%2C_GRUPO_DE_VIV_Y_HAB_DE_LA_BOCA_-_FRAGMENTOS_DE_INTERVENCION_EN_MESA_DE_VIVIENDA_ACAMPE.mp3\" style=\"color: #1155cc\">NATALIA QUINTO &#8211; GRUPO DE VIVIENDA Y HABITAT DE LA BOCA<\/a><\/b><\/span><\/div>\n<div style=\"background-color: white;color: #222222;font-family: arial, sans-serif;font-size: small;margin-bottom: 0.0001pt;text-align: left\"><span><b><a href=\"http:\/\/www.mediafire.com\/listen\/377m6tmw7x528ov\/02-03-2016_-_NESTOR_JEIFETZ%2C_MOI_-_FRAGMENTOS_DE_INTERVENCION_EN_MESA_DE_VIVIENDA_ACAMPE.mp3\" style=\"color: #1155cc\">NESTOR JEIFETZ &#8211; MOVIMIENTO DE OCUPANTES E INQUILINOS &#8211; CTA<\/a><\/b><\/span><\/div>\n<div style=\"background-color: white;color: #222222;font-family: arial, sans-serif;font-size: small;margin-bottom: 0.0001pt;text-align: left\"><span><b><a href=\"http:\/\/www.mediafire.com\/listen\/ke12gik5rv2v74c\/02-03-2016_-_LITO_BORELLO%2C_OSYPLP_-_FRAGMENTOS_DE_INTERVENCION_EN_MESA_DE_VIVIENDA_ACAMPE.mp3\" style=\"color: #1155cc\">LITO BORELLO &#8211; SEC. DE H\u00c1BITAT Y VIVIENDA POPULAR CTEP<\/a><\/b><\/span><\/div>\n<div style=\"background-color: white;color: #222222;font-family: arial, sans-serif;font-size: small;margin-bottom: 0.0001pt;text-align: left\">\n<div style=\"text-align: justify\"><span><b>[FMR jueves 04\/02\/2016]&nbsp;<\/b><\/span><b><span><span style=\"line-height: 14.95px\">En el 8\u00ba d\u00eda del Acampe en Plaza de Mayo, en la carpa central se llev\u00f3 a cabo una actividad con la intenci\u00f3n de analizar las pol\u00edticas de vivienda en la Ciudad en los \u00faltimos 8 a\u00f1os de gesti\u00f3n del gobierno del PRO,&nbsp;<\/span><span style=\"line-height: 14.95px\">que hoy conduce el gobierno de la Naci\u00f3n. La mesa, que logr\u00f3 una importante concurrencia de acampantes y p\u00fablico, cont\u00f3 con una diversa representaci\u00f3n de espacios con una fuerte historia de trabajo en la problem\u00e1tica de la vivienda: Nestor Jeifetz, del Movimiento de Ocupantes e Inquilinos (MOI)- CTA; Natalia Quinto, del Grupo de Vivienda y H\u00e1bitat de La Boca; el Pastor Diego Mendieta, de la Iglesia Dimensi\u00f3n de Fe; Luis Rold\u00e1n, de la Cooperativa de Vivienda El Surco; Agust\u00edn Territoriale, de la Defensor\u00eda General de la C.A.B.A; Cecilia Calder\u00f3n, de la Corriente Pol\u00edtica 17 de Agosto y Lito Borello, Coordinador Nacional de la Organizaci\u00f3n Social y Pol\u00edtica Los Pibes y Secretario de Habitat y Vivienda Popular de la Confederaci\u00f3n de Trabajadores de la Econom\u00eda Popular (CTEP); y fue moderada por Sonia Lombardo, de Seamos Libres.<\/span><\/span><\/b><\/div>\n<\/div>\n<div style=\"background-color: white;color: #222222;font-family: arial, sans-serif;font-size: small;margin-bottom: 0.0001pt;text-align: left\">\n<div style=\"text-align: justify\"><\/div>\n<\/div>\n<div style=\"background-color: white;color: #222222;font-family: arial, sans-serif;font-size: small\"><span style=\"font-family: verdana, sans-serif;text-align: justify\"><\/span><br \/><a name='more'><\/a>El tema recurrente entre los oradores fue la valoraci\u00f3n de la presencia de la agenda de la vivienda y el h\u00e1bitat popular en el contexto del acampe por la libertad de Milagro Sala; que se a otras luchas, como la de los trabajadores estatales despedidos, que comenzaban a ubicar en la Plaza de Mayo un faro articulador de la resistencia contra el macrismo. En el cierre Lito Borello &nbsp;sintetiz\u00f3: \u00abes en esta Plaza de nuestro Pueblo donde hace 200 a\u00f1os algunos vinieron a ver de que se trataba y se fueron gritando Libertad, y es en esta Plaza donde hoy el Pueblo decidi\u00f3 levantarse para resistir la embestida de este gobierno\u00bb.<\/div>\n<div style=\"background-color: white;color: #222222;font-family: arial, sans-serif;font-size: small;margin-bottom: 0.0001pt;text-align: left\">\n<div style=\"text-align: justify\"><span style=\"font-family: verdana, sans-serif\">Otro aspecto que atraves\u00f3 a la mayor\u00eda de las exposiciones fue la caracterizaci\u00f3n de la pol\u00edtica de Macri a partir de la experiencia de la C.A.B.A y que en el plano de la vivienda hace fuertemente visible el v\u00ednculo entre los poderes f\u00e1cticos que motorizan la especulaci\u00f3n inmobiliaria y la expulsi\u00f3n de los sectores populares de los territorios codiciados por esa pol\u00edtica. Natalia Quinto, con una amplia experiencia de militancia en un barrio fuertemente afectado por la desigualdad y la crisis habitacional lo expres\u00f3 as\u00ed: \u00abdesde el gobierno de la Ciudad nos dicen que quieren que la ciudad se parezca a Barcelona y as\u00ed se repiten en nuestro pa\u00eds los procesos de gentrificaci\u00f3n que han afectado a otros pa\u00edses; y as\u00ed por ejemplo, en el barrio de La Boca, por la creaci\u00f3n del Distrito de las Artes tenemos un desalojo cada semana por medio\u00bb. En el mismo sentido, representando una experiencia nacida en la resistencia a la pol\u00edtica del desalojo, Luis Rold\u00e1n aport\u00f3: \u00abva a ser un a\u00f1o que venimos peleando y hasta que no logremos lo que queremos no nos van a sacar. En el GCBA se pasan la pelota de unos a otros, pero seguimos pelando con el IVC porque somos 37 familias y nos otorgaron solamente 6 cr\u00e9ditos\u00bb.<\/span><\/div>\n<\/div>\n<div style=\"clear: both;text-align: justify\"><a href=\"https:\/\/2.bp.blogspot.com\/-eHg_n-0LduQ\/VrNqdy-0QLI\/A\nAAAAAAAH1k\/BhtWjcdWABk\/s1600\/acampe.jpg\" style=\"clear: left;float: left;margin-bottom: 1em;margin-right: 1em\"><img loading=\"lazy\" decoding=\"async\" border=\"0\" height=\"180\" src=\"https:\/\/2.bp.blogspot.com\/-eHg_n-0LduQ\/VrNqdy-0QLI\/AAAAAAAAH1k\/BhtWjcdWABk\/s320\/acampe.jpg\" width=\"320\" \/><\/a><\/div>\n<div style=\"background-color: white;color: #222222;font-family: arial, sans-serif;font-size: small;text-align: justify\"><span style=\"font-family: verdana, sans-serif\">La cr\u00edtica al macrismo tambi\u00e9n estuvo complementada con reflexiones y convocatorias urgentes a la autocr\u00edtica y la necesidad de recomponer la organizaci\u00f3n del campo popular para la resistencia y las luchas que se avecinan. Sobre esto, el pastor Mendieta se\u00f1al\u00f3: \u00ablo que hizo el macrismo en la ciudad no lo hizo solo, se acabaron las vacas sagradas y hay que decir que nos ha dolido ver a muchos compa\u00f1eros acompa\u00f1ando las pol\u00edticas antipopulares de Macri\u00bb. Lito Borello tambi\u00e9n aport\u00f3 a la autocr\u00edtica cuando se\u00f1al\u00f3 que era \u00abnecesario que no simplemente vengamos al campamento, ac\u00e1 cada uno y cada una tiene que ponerse la mochila y hacerse cargo de la Historia, y ojal\u00e1 esto sea con los dirigentes a la cabeza, sino ser\u00e1 de otra manera, porque el Pueblo organizado va a salir a la calle, va a recomponer su fuerza y va a resistir\u00bb<\/span><\/div>\n<div style=\"clear: both;text-align: center\"><a href=\"https:\/\/1.bp.blogspot.com\/-bornNbNWcg4\/VrNqyMkd7tI\/AAAAAAAAH1o\/3wNncnQUuHs\/s1600\/acampe%2B1.jpg\" style=\"clear: left;float: left;margin-bottom: 1em;margin-right: 1em\"><img loading=\"lazy\" decoding=\"async\" border=\"0\" height=\"180\" src=\"https:\/\/1.bp.blogspot.com\/-bornNbNWcg4\/VrNqyMkd7tI\/AAAAAAAAH1o\/3wNncnQUuHs\/s320\/acampe%2B1.jpg\" width=\"320\" \/><\/a><\/div>\n<div style=\"background-color: white;color: #222222;font-family: arial, sans-serif;font-size: small;margin-bottom: 0.0001pt;text-align: left\">\n<div style=\"text-align: justify\"><span>En la reflexi\u00f3n sobre la rearticulaci\u00f3n de las organizaciones populares tambi\u00e9n fue muy enf\u00e1tico el referente del MOI-CTA, Nestor Jeifetz. Junto con una profunda cr\u00edtica al capitalismo como proceso que instala la desigualdad como rasgo distintivo de la realidad habitacional en la Ciudad, tambi\u00e9n destac\u00f3 la necesidad de recomponer los valores y solidaridad que caracterizan a los avances de los Pueblos: \u00ablas pr\u00e1cticas materiales y concientes de la autogesti\u00f3n existen en nuestro Pueblo, sobre esas pr\u00e1cticas tenemos que basar un modelo anticapitalista. Autogesti\u00f3n y producci\u00f3n estatal son los pilares, no necesitamos a las empresas capitalistas\u00bb.<\/span><\/div>\n<\/div>\n<div style=\"background-color: white;color: #222222;font-family: arial, sans-serif;font-size: small;margin-bottom: 0.0001pt;text-align: left\">\n<div style=\"text-align: justify\"><span style=\"font-family: verdana, sans-serif\">El cierre &nbsp;cont\u00f3 con una movilizada concurrencia entonando el Himno Nacional lo que demuestra el valor que los acampantes le atribuyen a aquellas luchas y compa\u00f1eros que se van sumando a la Plaza.&nbsp;<\/span><\/div>\n<\/div>\n<div style=\"background-color: white;color: #222222;font-family: arial, sans-serif;font-size: small\"><span style=\"font-family: verdana, sans-serif\">No es ajena l<\/span><span style=\"font-family: verdana, sans-serif;text-align: justify\">a lucha de la comunicaci\u00f3n popular que hoy se ha convertido en el modo de saltar el creciente cerco medi\u00e1tico que una vez m\u00e1s se ha convertido en aliado del poder gobernante.&nbsp;<\/span><\/div>\n<\/div>\n","protected":false},"excerpt":{"rendered":"<p>LA LUCHA POR LA VIVIENDA Y EL HABITAT PARA EL PUEBLO SE HIZO PRESENTE EN EL ACAMPE EN PLAZA DE MAYO CONTRA LA CRIMINALIZACI\u00d3N DE LA PROTESTA SOCIAL. NINGUNA FAMILIA SIN TECHO ESCUCH\u00c1 EL PANEL COMPLETO TOCANDO AC\u00c1 Adem\u00e1s te proponemos algunos fragmentos destacados: LUIS ROLDAN &#8211; COOPERATIVA DE VIVIENDA EL SURCO DIEGO MENDIETA &#8211; [&hellip;]<\/p>\n","protected":false},"author":4,"featured_media":0,"comment_status":"open","ping_status":"open","sticky":false,"template":"","format":"standard","meta":{"_monsterinsights_skip_tracking":false,"_monsterinsights_sitenote_active":false,"_monsterinsights_sitenote_note":"","_monsterinsights_sitenote_category":0,"jnews-multi-image_gallery":[],"jnews_single_post":[],"jnews_primary_category":[],"_joinchat":[],"footnotes":""},"categories":[1],"tags":[],"class_list":["post-1487","post","type-post","status-publish","format-standard","hentry","category-habitat"],"_links":{"self":[{"href":"http:\/\/fmriachuelo.it10.com.ar\/index.php\/wp-json\/wp\/v2\/posts\/1487","targetHints":{"allow":["GET"]}}],"collection":[{"href":"http:\/\/fmriachuelo.it10.com.ar\/index.php\/wp-json\/wp\/v2\/posts"}],"about":[{"href":"http:\/\/fmriachuelo.it10.com.ar\/index.php\/wp-json\/wp\/v2\/types\/post"}],"author":[{"embeddable":true,"href":"http:\/\/fmriachuelo.it10.com.ar\/index.php\/wp-json\/wp\/v2\/users\/4"}],"replies":[{"embeddable":true,"href":"http:\/\/fmriachuelo.it10.com.ar\/index.php\/wp-json\/wp\/v2\/comments?post=1487"}],"version-history":[{"count":0,"href":"http:\/\/fmriachuelo.it10.com.ar\/index.php\/wp-json\/wp\/v2\/posts\/1487\/revisions"}],"wp:attachment":[{"href":"http:\/\/fmriachuelo.it10.com.ar\/index.php\/wp-json\/wp\/v2\/media?parent=1487"}],"wp:term":[{"taxonomy":"category","embeddable":true,"href":"http:\/\/fmriachuelo.it10.com.ar\/index.php\/wp-json\/wp\/v2\/categories?post=1487"},{"taxonomy":"post_tag","embeddable":true,"href":"http:\/\/fmriachuelo.it10.com.ar\/index.php\/wp-json\/wp\/v2\/tags?post=1487"}],"curies":[{"name":"wp","href":"https:\/\/api.w.org\/{rel}","templated":true}]}}