{"id":1486,"date":"2016-02-06T23:38:00","date_gmt":"2016-02-06T23:38:00","guid":{"rendered":"http:\/\/fmriachuelo.observatorioess.org.ar\/index.php\/2016\/02\/06\/si-tocan-a-uno-nos-tocan-a-todos\/"},"modified":"2016-02-06T23:38:00","modified_gmt":"2016-02-06T23:38:00","slug":"si-tocan-a-uno-nos-tocan-a-todos","status":"publish","type":"post","link":"http:\/\/fmriachuelo.it10.com.ar\/index.php\/2016\/02\/06\/si-tocan-a-uno-nos-tocan-a-todos\/","title":{"rendered":"SI TOCAN A UNO NOS TOCAN A TODOS"},"content":{"rendered":"<div style=\"background-color: white;margin-bottom: 0.0001pt;padding: 0px;text-align: center\">\n<div style=\"text-align: left\"><span style=\"font-family: Verdana, sans-serif\">AMPLIA SOLIDARIDAD DEL BARRIO DE BAJO FLORES Y DE LAS ORGANIZACIONES POPULARES PARA DENUNCIAR LAS POLITICAS REPRESIVAS DEL MACRISMO<\/span><\/div>\n<div style=\"text-align: left\"><b style=\"color: red;line-height: 14.95px\"><span style=\"font-family: Verdana, sans-serif;font-size: large\">BAJEN LAS ARMAS<\/span><\/b><\/div>\n<\/div>\n<div style=\"text-align: center\">\n<div style=\"text-align: left\"><span style=\"font-size: small\"><span><b><span style=\"font-family: Verdana, sans-serif;line-height: 14.95px\">Escuch<span>\u00e1 los testimonios aqu<span>\u00ed<\/span>:<\/span><\/span><\/b><\/span><\/span><\/div>\n<div style=\"text-align: left\"><span><b><a href=\"http:\/\/www.mediafire.com\/listen\/z4ban3jlph4cr0r\/02-05-2016_-_VOCES_DE_LOS_VECINOS.mp3\" rel=\"nofollow noopener\" style=\"background: transparent;color: #196ad4;margin: 0px;padding: 0px\" target=\"_blank\">VECINOS DE LOS MURGUEROS<\/a><\/b><\/span><\/div>\n<\/div>\n<div>\n<div style=\"text-align: left\"><span><b><a href=\"http:\/\/www.mediafire.com\/listen\/ifb70l70pqmij77\/02-05-2016_-_LITO_BORELLO%2C_OSYPLP_-_ADHESION_AL_FESTIVAL.mp3\" rel=\"nofollow noopener\" style=\"background: transparent;color: #196ad4;margin: 0px;padding: 0px\" target=\"_blank\">LITO BORELLO &#8211; ORGANIZACION LOS PIBES<\/a><\/b><\/span><\/div>\n<\/div>\n<div>\n<div style=\"text-align: left\"><span><b><a href=\"http:\/\/www.mediafire.com\/listen\/qu7tt4ezgdcc4kg\/02-05-2016_-_GRINGO_CASTRO%2C_CTEP_-_ADHESION_AL_FESTIVAL.mp3\" rel=\"nofollow noopener\" style=\"background: transparent;color: #196ad4;margin: 0px;padding: 0px\" target=\"_blank\">GRINGO CASTRO &#8211; CONFEDERACION DE TRABAJADORES DE LA ECONOMIA POPULAR<\/a><\/b><\/span><\/div>\n<\/div>\n<div style=\"background-color: white;font-family: 'Helvetica Neue', 'Segoe UI', Helvetica, Arial, 'Lucida Grande', sans-serif;font-size: 13px;margin-bottom: 0.0001pt;padding: 0px;text-align: justify\"><a href=\"https:\/\/3.bp.blogspot.com\/-aMQNulX6SZU\/VraDUMLpgYI\/AAAAAAAAH2Q\/wSo_YwOSRzc\/s1600\/murga%2B3.jpg\" style=\"clear: left;float: left;margin-bottom: 1em;margin-right: 1em;text-align: left\"><img loading=\"lazy\" decoding=\"async\" border=\"0\" height=\"179\" src=\"https:\/\/3.bp.blogspot.com\/-aMQNulX6SZU\/VraDUMLpgYI\/AAAAAAAAH2Q\/wSo_YwOSRzc\/s320\/murga%2B3.jpg\" width=\"320\" \/><\/a><span><\/span><\/p>\n<div><span><b>[FMR s\u00e1bado 06\/02\/2016]&nbsp;<span style=\"line-height: 14.95px\">En la tarde de ayer, en la esquina de Av. Riestra y Bonorino en el Bajo Flores, se llev\u00f3 adelante un festival de murgas y pollada bajo la consigna \u00abBajen las armas que aqu\u00ed s\u00f3lo hay pibes bailando\u00bb. Vecinos y organizaciones sociales participaron de la actividad en solidaridad con las v\u00edctimas, familiares y habitantes de la 1-11-14 que el viernes pasado hab\u00edan sido salvaje e inexplicablemente agredidos por personal de la Gendarmer\u00eda Nacional mientras realizaban los ensayos habituales de la murga Los Aut\u00e9nticos Reyes del Ritmo en la misma esquina donde se realiz\u00f3 el festival.<\/span><\/b><\/span><\/div>\n<\/div>\n<div style=\"text-align: justify\"><a name='more'><\/a><\/div>\n<p><span><\/span><\/p>\n<div style=\"clear: both;text-align: center\"><span><a href=\"https:\/\/3.bp.blogspot.com\/-tLdXiJGAfo4\/VraDTpprq9I\/AAAAAAAAH2I\/1k9kW0YEKK8\/s1600\/murga%2B1.jpg\" style=\"clear: right;float: right;margin-bottom: 1em;margin-left: 1em;text-align: left\"><img loading=\"lazy\" decoding=\"async\" border=\"0\" height=\"240\" src=\"https:\/\/3.bp.blogspot.com\/-tLdXiJGAfo4\/VraDTpprq9I\/AAAAAAAAH2I\/1k9kW0YEKK8\/s320\/murga%2B1.jpg\" width=\"320\" \/><\/a><\/span><\/div>\n<p><span><\/span><\/p>\n<div style=\"text-align: justify\">\n<div style=\"text-align: justify\"><span>A lo largo de unos 80 metros de la calle Bonorino se improvis\u00f3 un cors\u00f3dromo rodeado de vecinos de todas las edades, parrillas donde se cocinaban los pollos de la cena y banderas de organizaciones que se hab\u00edan acercado al festival&nbsp;sinti\u00e9ndose&nbsp;representadas por una consigna que preocupa a todos los barrios de la CABA y el pa\u00eds: \u00abBajen las armas, que aqu\u00ed s\u00f3lo hay pibes bailando\u00bb (en referencia a la conocida frase que el Pocho Leprati pronunci\u00f3 contra la polic\u00eda desde la terraza de un comedor en Rosario en las jornadas de diciembre de 2001). Alrededor de las 19.30 ingres\u00f3 la primera murga, Los Alucinados, que se hab\u00edan movilizado desde Caraza para acompa\u00f1ar a sus colegas de Bajo Flores; \u00abMurga es vida\u00bb, murmuraban los asistentes mientras observaban los pasos de baile que incluso segu\u00edan con notable habilidad pibes de 2 y 3 a\u00f1os.<\/span><\/div>\n<\/div>\n<p><span><\/p>\n<div style=\"text-align: justify\"><\/div>\n<p><\/span><\/p>\n<div style=\"background-color: white;font-family: 'Helvetica Neue', 'Segoe UI', Helvetica, Arial, 'Lucida Grande', sans-serif;font-size: 13px;margin-bottom: 0.0001pt;padding: 0px;text-align: justify\">\n<div style=\"text-align: justify\"><a href=\"https:\/\/4.bp.blogspot.com\/-hmHJ3V2i95g\/VraDTR6GEWI\/AAAAAAAAH2E\/3oHmdecYx9E\/s1600\/MURGA%2B2.jpg\" style=\"background-color: transparent;clear: left;float: left;margin-bottom: 1em;margin-right: 1em;text-align: left\"><img loading=\"lazy\" decoding=\"async\" border=\"0\" height=\"180\" src=\"https:\/\/4.bp.blogspot.com\/-hmHJ3V2i95g\/VraDTR6GEWI\/AAAAAAAAH2E\/3oHmdecYx9E\/s320\/MURGA%2B2.jpg\" width=\"320\" \/><\/a><\/div>\n<\/div>\n<div style=\"text-align: justify\">\n<div style=\"text-align: justify\">\u200b\u200b<span>Cuando se retir\u00f3 la \u00faltima murga, se dio lugar a que los asistentes pudieran expresarse en un micr\u00f3fono instalado al final de la calle. Con la atenci\u00f3n de una gran cantidad de vecinos que se acomodaban entre las parrillas, y otros tantos que curioseaban desde los balcones de las casas, las primeras en hacer uso de la palabra fueron las Madres de Plaza de Mayo L\u00ednea Fundadora en la voz de Nora Corti\u00f1as que advirti\u00f3 que iban \u00aba estar en todos los lugares donde se produjeran este tipo de injusticias y violaciones a los Derechos Humanos\u00bb. Luego de las Madres tomaron la palabra los familiares de una de las v\u00edctimas de la represi\u00f3n, que permanece internada en el Hospital Pi\u00f1ero; adem\u00e1s de relatar los hechos de la noche del viernes 29 de enero, expresaron una fuerte preocupaci\u00f3n por el \u00abmaltrato y discriminaci\u00f3n que se produce en el Pi\u00f1ero\u00bb. Estos episodios discrimantorios que incluso atentan muchas veces contra la salud de los habitantes de la 1-11-14 eran ratificados por los concurrentes que incluso comentaron a la FM Riachuelo \u00ablos que van al hospital, siempre vuelven peor, parece que lo hacen para lastimar a los que vivimos en la villa\u00bb.<\/span><\/div>\n<\/div>\n<div style=\"background-color: white;font-family: 'Helvetica Neue', 'Segoe UI', Helvetica, Arial, 'Lucida Grande', sans-serif;font-size: 13px;margin-bottom: 0.0001pt;padding: 0px;text-align: center\"><\/div>\n<div style=\"text-align: justify\"><\/div>\n<div style=\"text-align: justify\"><\/div>\n<div style=\"text-align: justify\"><a href=\"https:\/\/4.bp.blogspot.com\/-BgYXTxPW2KM\/VraDUVgVRUI\/AAAAAAAAH2U\/ueG6kgTj3BQ\/s1600\/murga%2Bmadres.jpg\" style=\"background-color: white;clear: left;float: left;font-family: 'helvetica neue', 'segoe ui', helvetica, arial, 'lucida grande', sans-serif;font-size: 13px;margin-bottom: 1em;margin-right: 1em;text-align: left\"><img loading=\"lazy\" decoding=\"async\" border=\"0\" height=\"240\" src=\"https:\/\/4.bp.blogspot.com\/-BgYXTxPW2KM\/VraDUVgVRUI\/AAAAAAAAH2U\/ueG6kgTj3BQ\/s320\/murga%2Bmadres.jpg\" width=\"320\" \/><\/a><\/div>\n<div style=\"background-color: white;font-family: 'Helvetica Neue', 'Segoe UI', Helvetica, Arial, 'Lucida Grande', sans-serif;font-size: 13px;margin-bottom: 0.0001pt;padding: 0px;text-align: justify\"><span><\/span><\/p>\n<div style=\"text-align: justify\"><span>Fue significativa la participaci\u00f3n de varios referentes de organizaciones populares que se acercaron al festival, entendiendo que la solidaridad con los pibes murgueros de Bajo Flores es la solidaridad con los pibes en todos los barrios y la resistencia a las pol\u00edticas represivas del macrismo. En este sentido, Lito Borello de la Organizaci\u00f3n Social y Pol\u00edtica Los Pibes, se\u00f1al\u00f3: \u00abcon este festival ustedes nos est\u00e1n marcando el camino y demostrando el coraje que tienen los Pueblos para resistir la embestida que impulsa la derecha\u00bb. El Gringo Castro, de la CTEP, tambi\u00e9n expres\u00f3 su preocupaci\u00f3n por las formas que est\u00e1 tomando la avanzada del macrismo: \u00abcuando gan\u00f3 Macri sab\u00edamos que iba a haber desocupaci\u00f3n y represi\u00f3n, pero jam\u00e1s imaginamos que pod\u00edan reprimir una murga de pibes\u00bb.<\/span><\/div>\n<\/div>\n<div style=\"background-color: white;font-family: 'Helvetica Neue', 'Segoe UI', Helvetica, Arial, 'Lucida Grande', sans-serif;font-size: 13px;margin-bottom: 0.0001pt;padding: 0px;text-align: justify\"><\/div>\n<div style=\"clear: both;text-align: center\"><a href=\"https:\/\/4.bp.blogspot.com\/-1kW329iMDC8\/VraDT0s7ZSI\/AAAAAAAAH2M\/VI0GWswQ2zo\/s1600\/lito.jpg\" style=\"clear: right;float: right;margin-bottom: 1em;margin-left: 1em;text-align: left\"><img loading=\"lazy\" decoding=\"async\" border=\"0\" height=\"218\" src=\"https:\/\/4.bp.blogspot.com\/-1kW329iMDC8\/VraDT0s7ZSI\/AAAAAAAAH2M\/VI0GWswQ2zo\/s320\/lito.jpg\" width=\"320\" \/><\/a><\/div>\n<div style=\"background-color: white;font-family: 'Helvetica Neue', 'Segoe UI', Helvetica, Arial, 'Lucida Grande', sans-serif;font-size: 13px;margin-bottom: 0.0001pt;padding: 0px;text-align: justify\">\n<div style=\"text-align: justify\"><span>Luego de estas intervenciones, a las que se sumaron las de Rafael Nejamskis del Movimiento de Trabajadores Excluidos, la de representantes de la Red de Organizaciones Contra la Violencia Institucional (ROCVI) y de la Federaci\u00f3n Universitaria de Buenos Aires, los compa\u00f1eros de la Corriente Villera Independiente que se encargaban de la organizaci\u00f3n de la actividad invitaron a servirse los pollos y dieron paso a las bandas musicales que continuaron animando el festival hasta el final de la jornada.<\/span><\/div>\n<\/div>\n","protected":false},"excerpt":{"rendered":"<p>AMPLIA SOLIDARIDAD DEL BARRIO DE BAJO FLORES Y DE LAS ORGANIZACIONES POPULARES PARA DENUNCIAR LAS POLITICAS REPRESIVAS DEL MACRISMO BAJEN LAS ARMAS Escuch\u00e1 los testimonios aqu\u00ed: VECINOS DE LOS MURGUEROS LITO BORELLO &#8211; ORGANIZACION LOS PIBES GRINGO CASTRO &#8211; CONFEDERACION DE TRABAJADORES DE LA ECONOMIA POPULAR [FMR s\u00e1bado 06\/02\/2016]&nbsp;En la tarde de ayer, en la [&hellip;]<\/p>\n","protected":false},"author":4,"featured_media":0,"comment_status":"open","ping_status":"open","sticky":false,"template":"","format":"standard","meta":{"_monsterinsights_skip_tracking":false,"_monsterinsights_sitenote_active":false,"_monsterinsights_sitenote_note":"","_monsterinsights_sitenote_category":0,"jnews-multi-image_gallery":[],"jnews_single_post":[],"jnews_primary_category":[],"_joinchat":[],"footnotes":""},"categories":[1],"tags":[],"class_list":["post-1486","post","type-post","status-publish","format-standard","hentry","category-habitat"],"_links":{"self":[{"href":"http:\/\/fmriachuelo.it10.com.ar\/index.php\/wp-json\/wp\/v2\/posts\/1486","targetHints":{"allow":["GET"]}}],"collection":[{"href":"http:\/\/fmriachuelo.it10.com.ar\/index.php\/wp-json\/wp\/v2\/posts"}],"about":[{"href":"http:\/\/fmriachuelo.it10.com.ar\/index.php\/wp-json\/wp\/v2\/types\/post"}],"author":[{"embeddable":true,"href":"http:\/\/fmriachuelo.it10.com.ar\/index.php\/wp-json\/wp\/v2\/users\/4"}],"replies":[{"embeddable":true,"href":"http:\/\/fmriachuelo.it10.com.ar\/index.php\/wp-json\/wp\/v2\/comments?post=1486"}],"version-history":[{"count":0,"href":"http:\/\/fmriachuelo.it10.com.ar\/index.php\/wp-json\/wp\/v2\/posts\/1486\/revisions"}],"wp:attachment":[{"href":"http:\/\/fmriachuelo.it10.com.ar\/index.php\/wp-json\/wp\/v2\/media?parent=1486"}],"wp:term":[{"taxonomy":"category","embeddable":true,"href":"http:\/\/fmriachuelo.it10.com.ar\/index.php\/wp-json\/wp\/v2\/categories?post=1486"},{"taxonomy":"post_tag","embeddable":true,"href":"http:\/\/fmriachuelo.it10.com.ar\/index.php\/wp-json\/wp\/v2\/tags?post=1486"}],"curies":[{"name":"wp","href":"https:\/\/api.w.org\/{rel}","templated":true}]}}