{"id":14849,"date":"2022-03-25T20:00:14","date_gmt":"2022-03-25T20:00:14","guid":{"rendered":"http:\/\/fmriachuelo.com.ar\/?p=14849"},"modified":"2025-04-16T15:15:18","modified_gmt":"2025-04-16T18:15:18","slug":"mural-en-homenaje-a-rodolfo-walsh","status":"publish","type":"post","link":"http:\/\/fmriachuelo.it10.com.ar\/index.php\/2022\/03\/25\/mural-en-homenaje-a-rodolfo-walsh\/","title":{"rendered":"MURAL EN HOMENAJE A RODOLFO WALSH"},"content":{"rendered":"<p><b>[FM Riachuelo, 25\/3\/2022] Hoy se inaugur\u00f3 en la estaci\u00f3n de subte \u201cRodolfo Walsh\u201d de la l\u00ednea E, ubicada en San Juan y Entre R\u00edos, un mural y una placa en homenaje a este escritor, comunicador y militante revolucionario, quien hace 45 a\u00f1os era desaparecido y asesinado por la \u00faltima dictadura militar. El homenaje fue impulsado por el Sindicato de Prensa de Buenos Aires (SiPreBA) y la Asociaci\u00f3n Gremial de Trabajadores de Subterr\u00e1neo y Premetro (AGTSyP).<\/b><\/p>\n<p><span style=\"font-weight: 400\">\u201c<\/span><i><span style=\"font-weight: 400\">Fue periodista, escritor, intelectual, pero fundamentalmente fue todo eso org\u00e1nico de la clase trabajadora<\/span><\/i><span style=\"font-weight: 400\">\u201d, rescat\u00f3 Beto Pianelli, secretario general de AGTSyP. Y es que Walsh fue el fundador del peri\u00f3dico de la CGT de los Argentinos, cumpli\u00f3 un rol importante -desde lo comunicacional- en la defensa de la revoluci\u00f3n cubana cuando Estados Unidos realiz\u00f3 la invasi\u00f3n a la Bah\u00eda de los Cochinos, y fue el autor de la famosa <a href=\"https:\/\/www.cels.org.ar\/common\/documentos\/CARTAABIERTARODOLFOWALSH.pdf\" target=\"_blank\" rel=\"noopener\">\u201cCarta abierta de un escritor a la Junta Militar\u201d, en la que condena el modelo econ\u00f3mico y represivo del gobierno a s\u00f3lo un a\u00f1o del golpe.<\/a><img loading=\"lazy\" decoding=\"async\" class=\"size-medium wp-image-14852 alignleft\" src=\"http:\/\/fmriachuelo.com.ar\/wp-content\/uploads\/2022\/03\/WhatsApp-Image-2022-03-25-at-4.24.42-PM-1-300x225.jpeg\" alt=\"\" width=\"300\" height=\"225\" srcset=\"http:\/\/fmriachuelo.it10.com.ar\/wp-content\/uploads\/2022\/03\/WhatsApp-Image-2022-03-25-at-4.24.42-PM-1-300x225.jpeg 300w, http:\/\/fmriachuelo.it10.com.ar\/wp-content\/uploads\/2022\/03\/WhatsApp-Image-2022-03-25-at-4.24.42-PM-1-1024x768.jpeg 1024w, http:\/\/fmriachuelo.it10.com.ar\/wp-content\/uploads\/2022\/03\/WhatsApp-Image-2022-03-25-at-4.24.42-PM-1-768x576.jpeg 768w, http:\/\/fmriachuelo.it10.com.ar\/wp-content\/uploads\/2022\/03\/WhatsApp-Image-2022-03-25-at-4.24.42-PM-1-1536x1152.jpeg 1536w, http:\/\/fmriachuelo.it10.com.ar\/wp-content\/uploads\/2022\/03\/WhatsApp-Image-2022-03-25-at-4.24.42-PM-1-750x563.jpeg 750w, http:\/\/fmriachuelo.it10.com.ar\/wp-content\/uploads\/2022\/03\/WhatsApp-Image-2022-03-25-at-4.24.42-PM-1-1140x855.jpeg 1140w, http:\/\/fmriachuelo.it10.com.ar\/wp-content\/uploads\/2022\/03\/WhatsApp-Image-2022-03-25-at-4.24.42-PM-1.jpeg 1600w\" sizes=\"auto, (max-width: 300px) 100vw, 300px\" \/><\/span><\/p>\n<p><span style=\"font-weight: 400\">\u201c<\/span><i><span style=\"font-weight: 400\">Luch\u00f3 por otro mundo y otra sociedad, con las herramientas que ten\u00eda a su alcance en un contexto represivo muy hostil, no solamente a nivel nacional sino en toda la regi\u00f3n. Y lo hizo con una lealtad absoluta a su generaci\u00f3n, a sus compa\u00f1eros y compa\u00f1eras, y a su clase, que era la clase trabajadora<\/span><\/i><span style=\"font-weight: 400\">\u201d, expres\u00f3 Agust\u00edn Lecchi, secretario general de SiPreBA.<\/span><\/p>\n<p><span style=\"font-weight: 400\">La placa reza\u00a0 la \u00faltima frase de la Carta a la Junta, que reflejan el compromiso militante de Walsh con su clase.: \u201c<\/span><i><span style=\"font-weight: 400\">&#8230;sin esperanza de ser escuchado, con la certeza de ser perseguido, pero fiel al compromiso que asum\u00ed hace mucho tiempo de dar testimonio en momentos dif\u00edciles<\/span><\/i><span style=\"font-weight: 400\">\u201d.<\/span><\/p>\n","protected":false},"excerpt":{"rendered":"<p>[FM Riachuelo, 25\/3\/2022] Hoy se inaugur\u00f3 en la estaci\u00f3n de subte \u201cRodolfo Walsh\u201d de la l\u00ednea E, ubicada en San Juan y Entre R\u00edos, un mural y una placa en homenaje a este escritor, comunicador y militante revolucionario, quien hace 45 a\u00f1os era desaparecido y asesinado por la \u00faltima dictadura militar. El homenaje fue impulsado [&hellip;]<\/p>\n","protected":false},"author":5,"featured_media":14850,"comment_status":"closed","ping_status":"closed","sticky":false,"template":"","format":"standard","meta":{"_monsterinsights_skip_tracking":false,"_monsterinsights_sitenote_active":false,"_monsterinsights_sitenote_note":"","_monsterinsights_sitenote_category":0,"jnews-multi-image_gallery":[],"jnews_single_post":{"format":"standard"},"jnews_primary_category":[],"_joinchat":[],"footnotes":""},"categories":[58],"tags":[159,119],"class_list":["post-14849","post","type-post","status-publish","format-standard","has-post-thumbnail","hentry","category-noticiariachuelo","tag-comunicacion","tag-derechos-humanos"],"_links":{"self":[{"href":"http:\/\/fmriachuelo.it10.com.ar\/index.php\/wp-json\/wp\/v2\/posts\/14849","targetHints":{"allow":["GET"]}}],"collection":[{"href":"http:\/\/fmriachuelo.it10.com.ar\/index.php\/wp-json\/wp\/v2\/posts"}],"about":[{"href":"http:\/\/fmriachuelo.it10.com.ar\/index.php\/wp-json\/wp\/v2\/types\/post"}],"author":[{"embeddable":true,"href":"http:\/\/fmriachuelo.it10.com.ar\/index.php\/wp-json\/wp\/v2\/users\/5"}],"replies":[{"embeddable":true,"href":"http:\/\/fmriachuelo.it10.com.ar\/index.php\/wp-json\/wp\/v2\/comments?post=14849"}],"version-history":[{"count":1,"href":"http:\/\/fmriachuelo.it10.com.ar\/index.php\/wp-json\/wp\/v2\/posts\/14849\/revisions"}],"predecessor-version":[{"id":22292,"href":"http:\/\/fmriachuelo.it10.com.ar\/index.php\/wp-json\/wp\/v2\/posts\/14849\/revisions\/22292"}],"wp:featuredmedia":[{"embeddable":true,"href":"http:\/\/fmriachuelo.it10.com.ar\/index.php\/wp-json\/wp\/v2\/media\/14850"}],"wp:attachment":[{"href":"http:\/\/fmriachuelo.it10.com.ar\/index.php\/wp-json\/wp\/v2\/media?parent=14849"}],"wp:term":[{"taxonomy":"category","embeddable":true,"href":"http:\/\/fmriachuelo.it10.com.ar\/index.php\/wp-json\/wp\/v2\/categories?post=14849"},{"taxonomy":"post_tag","embeddable":true,"href":"http:\/\/fmriachuelo.it10.com.ar\/index.php\/wp-json\/wp\/v2\/tags?post=14849"}],"curies":[{"name":"wp","href":"https:\/\/api.w.org\/{rel}","templated":true}]}}