{"id":14848,"date":"2022-03-26T15:36:15","date_gmt":"2022-03-26T15:36:15","guid":{"rendered":"http:\/\/fmriachuelo.com.ar\/?p=14848"},"modified":"2025-04-16T15:07:26","modified_gmt":"2025-04-16T18:07:26","slug":"lanzamiento-de-la-federacion-de-cooperativas-de-trabajo-martin-oso-cisneros","status":"publish","type":"post","link":"http:\/\/fmriachuelo.it10.com.ar\/index.php\/2022\/03\/26\/lanzamiento-de-la-federacion-de-cooperativas-de-trabajo-martin-oso-cisneros\/","title":{"rendered":"LANZAMIENTO DE LA FEDERACI\u00d3N DE COOPERATIVAS DE TRABAJO MART\u00cdN \u201cOSO\u201d CISNEROS"},"content":{"rendered":"<p><b>#InformeRiachuelo #ElOsoVive<\/b><\/p>\n<p><b>[FM Riachuelo, 26\/3\/2022] El pasado 22 de marzo el Movimiento Popular Los Pibes (MPLP) rindi\u00f3 un <a href=\"https:\/\/fmriachuelo.com.ar\/blog\/2022\/03\/23\/el-legado-del-oso-cisneros-revolucion-y-trabajo-genuino\/\">nuevo homenaje a Mart\u00edn Oso Cisneros<\/a>, el referente del \u201cComedor Los Pibes\u201d, asesinado en el a\u00f1o 2004 por un sicario que respond\u00eda a la Comisar\u00eda 24 de La Boca. En el contexto de un Plenario Nacional que reuni\u00f3 a la militancia de Los Pibes de todo el pa\u00eds se realiz\u00f3 un acto que concit\u00f3 la atenci\u00f3n de vastos sectores del movimiento popular: el lanzamiento de la Federaci\u00f3n de Cooperativas de Trabajo Mart\u00edn Oso Cisneros.<\/b><\/p>\n<p><span style=\"font-weight: 400\">De la mano de la invitaci\u00f3n que en cada cumplea\u00f1os nos ofrece el Oso y el Movimiento Los Pibes, en este <\/span><b>#InformeRiachuelo<\/b><span style=\"font-weight: 400\">, buscamos profundizar en el <\/span><b>pensamiento y la acci\u00f3n de Mart\u00edn<\/b><span style=\"font-weight: 400\"> a partir del testimonio de lxs trabajadorxs que integran la Federaci\u00f3n desde una <\/span><b>amplia diversidad de experiencias de la Econom\u00eda Popular.<\/b><span style=\"font-weight: 400\"> Sin dudas, algo de Cisneros late en esta experiencia que, en un complejo escenario mundial donde <\/span><b>guerras expl\u00edcitas o encubiertas lastiman el presente de los Pueblos<\/b><span style=\"font-weight: 400\">, apuesta al <\/span><b>trabajo autogestionado<\/b><span style=\"font-weight: 400\"> para <\/span><b>construir poder popular y herramientas estrat\u00e9gicas para<\/b> <b>resistir las furias imperialistas que amenazan a nuestro pa\u00eds y nuestro continente.<\/b><\/p>\n<p><span style=\"font-weight: 400\">A partir de una producci\u00f3n conjunta entre el programa Al Gran Pueblo Salud (*) y la redacci\u00f3n de la FM Riachuelo, conversamos con <\/span><b>Luciano \u00c1lvarez,<\/b><span style=\"font-weight: 400\"> Secretario de Organizaci\u00f3n del MPLP y presidente de la Cooperativa de Trabajo El Plumerillo; <\/span><b>Josu\u00e9 Lucero y El\u00edas Vel\u00e1zquez\u00a0 <\/b><span style=\"font-weight: 400\">de la Cooperativa Tecnol\u00f3gica Fray Luis Beltr\u00e1n de La Boca (CABA); <\/span><b>Tony Medina<\/b><span style=\"font-weight: 400\"> de la Cooperativa 17 de Diciembre de La Paz (Entre R\u00edos); <\/span><b>Vanesa Morales<\/b><span style=\"font-weight: 400\"> de la Cooperativa de Pesca Artesanal La Boya de Pipinas (Buenos Aires), <\/span><b>M\u00f3nica P\u00e9rez y Sandra Espinoza<\/b><span style=\"font-weight: 400\"> de la Cooperativa Fm Riachuelo de La Boca (CABA); <\/span><b>Daniela Quintana<\/b><span style=\"font-weight: 400\"> de la Cooperativa Gr\u00e1fica Villa N\u00fa\u00f1ez, <\/span><b>Marta Ferraro <\/b><span style=\"font-weight: 400\">de la Agrupaci\u00f3n De Frente de M\u00e1ximo Paz e integrante de la Cooperativa de Trabajo de Inclusi\u00f3n Social Esther de Careaga; y con <\/span><b>Sebasti\u00e1n Artaza y Eduardo Heizenrreder<\/b><span style=\"font-weight: 400\"> de la Cooperativa de Provisi\u00f3n de Servicios para Productores Rurales de Pozo Azul (Misiones). Adem\u00e1s la Federaci\u00f3n est\u00e1 integrada por la Cooperativa de Trabajo Barrios Productores (Buenos Aires), la Cooperativa de Trabajo Unidad Productiva Mart\u00edn Cisneros de La Paz (Entre R\u00edos), Cooperativa de Comercializaci\u00f3n e Intercambio La Pacha (Buenos Aires), la Cooperativa Madres Sembrando Conciencia de La Boca (CABA) y la Cooperativa de Trabajo La Morera de La Paz (Entre R\u00edos).<\/span><\/p>\n<p><b>LUCIANO ALVAREZ, SECRETARIO DE ORGANIZACI\u00d3N DEL MPLP, PRESIDENTE DE LA COOPERATIVA DE TRABAJO EL PLUMERILLO<\/b><\/p>\n<p><i><span style=\"font-weight: 400\">La Econom\u00eda Popular est\u00e1 pensada desde otros valores que escapan a esa l\u00f3gica perversa asesina del mercado capitalista, como dec\u00eda Mart\u00edn en un video que encontramos: <\/span><\/i><b><i>hay una parte de la sociedad que se amputa las partes que le sobran<\/i><\/b><i><span style=\"font-weight: 400\">, la famosa teor\u00eda del derrame es una mentira, no existe, en alg\u00fan lugar tiene que acabarse esa voracidad y ese af\u00e1n de una ganancia desmedida.<\/span><\/i><\/p>\n<p><i><span style=\"font-weight: 400\">Nosotros como movimientos populares primero nos organizamos y a partir de organizarnos vamos intentando darle<img loading=\"lazy\" decoding=\"async\" class=\"size-medium wp-image-14855 alignleft\" src=\"http:\/\/fmriachuelo.com.ar\/wp-content\/uploads\/2022\/03\/luciano-\u00e1lvarez-300x225.jpeg\" alt=\"\" width=\"300\" height=\"225\" \/> respuesta a las diferentes cosas. Desde hace tiempo tenemos inundado el movimiento de experiencias cooperativas o asociativas, con todo lo que implica y ah\u00ed para seguir el desarrollo de las cosas que hac\u00edamos dimos el paso para conformarlas. Como Movimiento en el pa\u00eds tenemos entre veinte y treinta cooperativas organizadas, ahora queremos darle un marco legal para poder arrancarle al Estado los recursos que tiene destinados para eso. La idea es crear un c\u00edrculo virtuoso donde la ganancia quede en los propios circuitos econ\u00f3micos que vamos generando. Para discutir en profundidad c\u00f3mo es esta nueva econom\u00eda que queremos construir, en las ant\u00edpodas del capitalismo, creemos que la mejor forma ser\u00eda la conformaci\u00f3n de esta Federaci\u00f3n de Cooperativas de Trabajo, algo que Mart\u00edn planteaba que deb\u00eda generarse hace m\u00e1s de 10 a\u00f1os.<\/span><\/i><\/p>\n<p><i><span style=\"font-weight: 400\">Ma\u00f1ana durante la ma\u00f1ana estaremos haciendo un plenario con compa\u00f1eros del movimiento de todo el pa\u00eds en Quilmes. La idea es intercambiar entre compa\u00f1eros como traemos a hoy este mensaje de Mart\u00edn y ponerlo a tono con el momento actual. Por la tarde con presencia de compa\u00f1eros de la UTEP, del INAES, del Ministerio de Desarrollo y de otras organizaciones, que tambi\u00e9n ser\u00e1n parte de la Federaci\u00f3n, realizaremos el lanzamiento formal.<\/span><\/i><\/p>\n<p><a href=\"https:\/\/soundcloud.com\/prensa-fm-riachuelo\/01-luciano-alvarez-sec-org-mov\"><span style=\"font-weight: 400\">Escucha la entrevista completa<\/span><\/a><\/p>\n<p><b>JOSU\u00c9 LUCERO Y EL\u00cdAS VELAZQUEZ, COOPERATIVA TECNOL\u00d3GICA FRAY LUIS BELTR\u00c1N<\/b><\/p>\n<p><i><span style=\"font-weight: 400\">Nuestra cooperativa naci\u00f3 en plena pandemia en el a\u00f1o 2020, en un momento de mucha necesidad y mucha confusi\u00f3n. En ese momento todo comenz\u00f3 a ser virtual y nos enfrentamos a la brecha tecnol\u00f3gica que padec\u00edan los vecinos en nuestro barrio para poder satisfacer derechos b\u00e1sicos. Comenzamos con lo poco que ten\u00edamos y a fuerza de aprender de los errores comenz\u00f3 a funcionar la cooperativa, pero quer\u00edamos salir de esa l\u00f3gica del servicio t\u00e9cnico y comenzamos a trabajar dentro de la l\u00f3gica de formar a compa\u00f1eros como referentes tecnol\u00f3gicos. Un a\u00f1o y medio despu\u00e9s ya formamos m\u00e1s de 30 compa\u00f1eros que son referentes tecnol\u00f3gicos. A la vez de construir esta red fuimos sumando compa\u00f1eros para conformar la cooperativa, aprendiendo y debatiendo la necesidad del trabajo. Somos trabajadores militantes que no solo queremos trabajar y vivir bien hoy en d\u00eda, sino que trabajamos porque queremos un mundo mejor.<\/span><\/i><\/p>\n<p><i><span style=\"font-weight: 400\"><img loading=\"lazy\" decoding=\"async\" class=\"size-medium wp-image-14858 alignright\" src=\"http:\/\/fmriachuelo.com.ar\/wp-content\/uploads\/2022\/03\/coop-fray-luis-beltr\u00e1n-300x169.jpeg\" alt=\"\" width=\"300\" height=\"169\" \/>Este es un proyecto que naci\u00f3 desde la juventud. Este sistema de guerra integral no deja que los j\u00f3venes vean un futuro y en esta cooperativa se busca que los pibes vean que hay un futuro posible, que tengan un sue\u00f1o y que ac\u00e1 hay un espacio que los ayuda a organizarse para contrarrestar este sistema.<\/span><\/i><\/p>\n<p><i><span style=\"font-weight: 400\">Esta Federaci\u00f3n es un gran avance para nuestro movimiento popular, el poder juntar varios proyectos productivos y poder armar una herramienta para nuestra lucha y poder llevar a cabo lo que nosotros queremos que es la Econom\u00eda Popular. Una econom\u00eda que no se trata de sacar ganancia o provecho al otro, sino en armar comunidad. En particular no es solo recordar al Oso Cisneros sino que es hacer el d\u00eda a d\u00eda como el Oso hubiera querido y como todos queremos porque es nuestra lucha.\u00a0<\/span><\/i><\/p>\n<p><a href=\"https:\/\/soundcloud.com\/prensa-fm-riachuelo\/02-josue-y-elias-cooperativa\"><span style=\"font-weight: 400\">Escucha la entrevista completa<\/span><\/a><\/p>\n<p><b>TONY MEDINA, COOPERATIVA \u201c17 DE DICIEMBRE\u201d DE LA PAZ (ENTRE R\u00cdOS)<\/b><\/p>\n<p><i><span style=\"font-weight: 400\">Estamos viendo c\u00f3mo se arma la administraci\u00f3n para manejar los fondos para poder comenzar con las obras del Barrio Papa Francisco. Una obra grande que la vamos a hacer nosotros los compa\u00f1eros, el barrio va a tener cloacas y n\u00facleos h\u00famedos, los compa\u00f1eros van a tener sus ba\u00f1os y sus cocinas. Pero no solo eso, estamos pensando a futuro en lo que es toda la rivera, para que todos los vecinos puedan vivir en buenas condiciones.<img loading=\"lazy\" decoding=\"async\" class=\"size-medium wp-image-14859 aligncenter\" src=\"http:\/\/fmriachuelo.com.ar\/wp-content\/uploads\/2022\/03\/coop-17-de-diciembre-300x199.jpg\" alt=\"\" width=\"300\" height=\"199\" srcset=\"http:\/\/fmriachuelo.it10.com.ar\/wp-content\/uploads\/2022\/03\/coop-17-de-diciembre-300x199.jpg 300w, http:\/\/fmriachuelo.it10.com.ar\/wp-content\/uploads\/2022\/03\/coop-17-de-diciembre-768x510.jpg 768w, http:\/\/fmriachuelo.it10.com.ar\/wp-content\/uploads\/2022\/03\/coop-17-de-diciembre-750x498.jpg 750w, http:\/\/fmriachuelo.it10.com.ar\/wp-content\/uploads\/2022\/03\/coop-17-de-diciembre.jpg 1024w\" sizes=\"auto, (max-width: 300px) 100vw, 300px\" \/><\/span><\/i><\/p>\n<p><i><span style=\"font-weight: 400\">Tenemos una visi\u00f3n muy positiva, sabemos que si no estamos juntos uno no llega a ning\u00fan lado. Hoy la situaci\u00f3n es muy complicada y la organizaci\u00f3n nos sirve para reclamar nuestros derechos. Y as\u00ed armamos la cooperativa para poder salir adelante, que la gente tenga trabajo genuino. Hace cinco a\u00f1os que iniciamos esto, ante la ausencia de los dirigentes pol\u00edticos que no hacen nada, nosotros con la colaboraci\u00f3n de Juan Carlos S\u00e1nchez (Mesa Gremial 19 y 20 \u2013 UTEP) que gestion\u00f3 un par de cosas nos metimos en la lucha, sino somos unos excluidos m\u00e1s.\u00a0\u00a0<\/span><\/i><\/p>\n<p><a href=\"https:\/\/soundcloud.com\/prensa-fm-riachuelo\/03-tony-medina-coop-17-de\"><span style=\"font-weight: 400\">Escucha la entrevista completa<\/span><\/a><\/p>\n<p><b>VANESA MORALES, COOPERATIVA DE PESCA ARTESANAL \u201cLA BOYA\u201d DE PIPINAS (BUENOS AIRES)<\/b><\/p>\n<p><i><span style=\"font-weight: 400\">La cooperativa comenz\u00f3 en noviembre del a\u00f1o 2020, pero reci\u00e9n hoy en d\u00eda se conform\u00f3 luego de muchas idas y<img loading=\"lazy\" decoding=\"async\" class=\"size-medium wp-image-14860 alignleft\" src=\"http:\/\/fmriachuelo.com.ar\/wp-content\/uploads\/2022\/03\/coop-la-boya-300x200.jpeg\" alt=\"\" width=\"300\" height=\"200\" srcset=\"http:\/\/fmriachuelo.it10.com.ar\/wp-content\/uploads\/2022\/03\/coop-la-boya-300x200.jpeg 300w, http:\/\/fmriachuelo.it10.com.ar\/wp-content\/uploads\/2022\/03\/coop-la-boya-1024x683.jpeg 1024w, http:\/\/fmriachuelo.it10.com.ar\/wp-content\/uploads\/2022\/03\/coop-la-boya-768x512.jpeg 768w, http:\/\/fmriachuelo.it10.com.ar\/wp-content\/uploads\/2022\/03\/coop-la-boya-750x500.jpeg 750w, http:\/\/fmriachuelo.it10.com.ar\/wp-content\/uploads\/2022\/03\/coop-la-boya-1140x761.jpeg 1140w, http:\/\/fmriachuelo.it10.com.ar\/wp-content\/uploads\/2022\/03\/coop-la-boya.jpeg 1280w\" sizes=\"auto, (max-width: 300px) 100vw, 300px\" \/> vueltas. En el territorio no se estaba desarrollando la pesca artesanal y la idea es lograr poner en marcha este proyecto que brinda una fuente de laburo en lo local. A pesar de tener dificultades seguimos adelante porque estamos seguros de lo que hacemos. En lo local el pr\u00f3ximo s\u00e1bado se realizar\u00e1 la primer feria de la cooperativa para vender el pescado nuestro.<\/span><\/i><\/p>\n<p><i><span style=\"font-weight: 400\">Son logros ganados gracias a la organizaci\u00f3n en el tiempo. Caminaremos juntos con idas y vueltas pero estaremos todos juntos yendo hacia un mismo lugar. Dos a\u00f1os atr\u00e1s est\u00e1bamos parados, hoy se prendi\u00f3 el motor digamos y ya estamos subidos en el tren y con experiencias hermosas.<\/span><\/i><\/p>\n<p><a href=\"https:\/\/soundcloud.com\/prensa-fm-riachuelo\/04-vanesa-morales-coop-la-boya\"><span style=\"font-weight: 400\">Escucha la entrevista completa\u00a0<\/span><\/a><\/p>\n<p><b>M\u00d3NICA PEREZ Y SANDRA ESPINOZA, COOPERATIVA \u201cFM RIACHUELO\u201d DE LA BOCA.<\/b><\/p>\n<p><i><span style=\"font-weight: 400\">Ya en la \u00e9poca de Mart\u00edn la comunicaci\u00f3n fue un eje muy importante para transmitir lo que se hac\u00eda y que estaba bien. Era necesario mostrar y comunicar que s\u00ed hay otro camino posible, que hay otra forma de hacer las cosas. Lo importante era registrar ese hilo hist\u00f3rico de d\u00f3nde venimos y de d\u00f3nde sale esta Federaci\u00f3n. Por eso hace diez a\u00f1os definimos que es importante poder comunicar lo que se hace bien, las formas de transformar y lo bueno que tiene construir hacia los dem\u00e1s. La FM Riachuelo es el puente entre la comunidad y los espacios que vienen transformando.<\/span><\/i><span style=\"font-weight: 400\">\u00a0\u00a0\u00a0<\/span><\/p>\n<p><i><span style=\"font-weight: 400\"><img loading=\"lazy\" decoding=\"async\" class=\"size-medium wp-image-14862 alignright\" src=\"http:\/\/fmriachuelo.com.ar\/wp-content\/uploads\/2022\/03\/coop-fm-riachuelo-300x200.jpeg\" alt=\"\" width=\"300\" height=\"200\" srcset=\"http:\/\/fmriachuelo.it10.com.ar\/wp-content\/uploads\/2022\/03\/coop-fm-riachuelo-300x200.jpeg 300w, http:\/\/fmriachuelo.it10.com.ar\/wp-content\/uploads\/2022\/03\/coop-fm-riachuelo-1024x682.jpeg 1024w, http:\/\/fmriachuelo.it10.com.ar\/wp-content\/uploads\/2022\/03\/coop-fm-riachuelo-768x512.jpeg 768w, http:\/\/fmriachuelo.it10.com.ar\/wp-content\/uploads\/2022\/03\/coop-fm-riachuelo-750x500.jpeg 750w, http:\/\/fmriachuelo.it10.com.ar\/wp-content\/uploads\/2022\/03\/coop-fm-riachuelo-1140x760.jpeg 1140w, http:\/\/fmriachuelo.it10.com.ar\/wp-content\/uploads\/2022\/03\/coop-fm-riachuelo.jpeg 1280w\" sizes=\"auto, (max-width: 300px) 100vw, 300px\" \/>Mart\u00edn siempre dec\u00eda que hab\u00eda que mostrar lo que hac\u00edamos. Venimos de \u00e9pocas duras donde los compa\u00f1eros se hab\u00edan quedado sin trabajo y buscaron la manera de organizarse, as\u00ed empezamos con un mont\u00f3n de emprendimientos para recuperar la cultura del trabajo y lograr un trabajo genuino. La comunicaci\u00f3n tambi\u00e9n es importante, hace diez a\u00f1os que la Fm Riachuelo es un frente de lucha para que los vecinos, vecinas y de otros lados se enteren lo que realmente pasa y mostrar todos los emprendimientos que hacen los compa\u00f1eros en todo el pa\u00eds. Y la Federaci\u00f3n es parte de eso tambi\u00e9n, todos metidos en un solo lado pele\u00e1ndola de la misma manera, recuperando m\u00e1s dignidad m\u00e1s trabajo genuino y eso nos va a tener a todos ah\u00ed luchando.<\/span><\/i><\/p>\n<p><i><span style=\"font-weight: 400\">Nosotros estamos ac\u00e1 trabajando no solo porque hay que hacerlo, sino porque queremos cambiar el mundo, la forma, este sistema putrefacto que no da m\u00e1s, que no incluye, que lo \u00fanico que quiere es el descarte, transformar eso, que esas cooperativas se transformen en una Federaci\u00f3n es muy importante. El rol que tiene la comunicaci\u00f3n es el de concientizar, llevar ese mensaje es ganar espacio en profundidad, que la federaci\u00f3n sea m\u00e1s grande, que en la Boca haya m\u00e1s cooperativas, que los vecinos entiendan que hay otra forma, que lo que hago me redit\u00fae pero tambi\u00e9n le redit\u00fae al otro.<\/span><\/i><\/p>\n<p><i><span style=\"font-weight: 400\">En la Federaci\u00f3n nos van a encontrar a aquellos que empezamos con los emprendimientos y a los nuevos que fueron emprendiendo, que fueron viendo que la \u00fanica manera de salir era conform\u00e1ndose en cooperativa. Nos va a encontrar a todos unidos en esa Federaci\u00f3n laburando el uno por el otro, haciendo la cadena de producci\u00f3n que nos merecemos. Creo que va a haber unidad, compromiso, laburo y comunidad. Felices porque sabemos que Mart\u00edn desde donde est\u00e9 nos va a estar aplaudiendo.<\/span><\/i><\/p>\n<p><a href=\"https:\/\/soundcloud.com\/prensa-fm-riachuelo\/05-sandra-espinoza-y-monica\"><span style=\"font-weight: 400\">Escucha la entrevista completa<\/span><\/a><\/p>\n<p><b>DANIELA QUINTANA, COOPERATIVA GR\u00c1FICA \u201cVILLA NU\u00d1EZ\u201d.<\/b><\/p>\n<p><i><span style=\"font-weight: 400\"><img loading=\"lazy\" decoding=\"async\" class=\"size-medium wp-image-14863 alignleft\" src=\"http:\/\/fmriachuelo.com.ar\/wp-content\/uploads\/2022\/03\/coop-grafica-publicitaria-300x200.jpeg\" alt=\"\" width=\"300\" height=\"200\" srcset=\"http:\/\/fmriachuelo.it10.com.ar\/wp-content\/uploads\/2022\/03\/coop-grafica-publicitaria-300x200.jpeg 300w, http:\/\/fmriachuelo.it10.com.ar\/wp-content\/uploads\/2022\/03\/coop-grafica-publicitaria-1024x683.jpeg 1024w, http:\/\/fmriachuelo.it10.com.ar\/wp-content\/uploads\/2022\/03\/coop-grafica-publicitaria-768x512.jpeg 768w, http:\/\/fmriachuelo.it10.com.ar\/wp-content\/uploads\/2022\/03\/coop-grafica-publicitaria-1536x1024.jpeg 1536w, http:\/\/fmriachuelo.it10.com.ar\/wp-content\/uploads\/2022\/03\/coop-grafica-publicitaria-750x500.jpeg 750w, http:\/\/fmriachuelo.it10.com.ar\/wp-content\/uploads\/2022\/03\/coop-grafica-publicitaria-1140x760.jpeg 1140w, http:\/\/fmriachuelo.it10.com.ar\/wp-content\/uploads\/2022\/03\/coop-grafica-publicitaria.jpeg 1599w\" sizes=\"auto, (max-width: 300px) 100vw, 300px\" \/>La cooperativa se est\u00e1 conformando y trabajamos conjuntamente con compa\u00f1eros de los territorios. Venimos con grandes expectativas lanzando varios proyectos que van a ser muy \u00fatiles para los barrios. Consideramos que es importante que se transmitan los conocimientos y tener una herramienta a futuro para sustentarse. Tenemos pensado tener un proyecto en com\u00fan con diversos espacios como el textil y el de sublimado para poder construir trabajo genuino para los compa\u00f1eros. Para nosotros esta es una gran experiencia y estamos muy orgullosos de pertenecer a la Federaci\u00f3n Mart\u00edn Oso Cisneros.\u00a0\u00a0<\/span><\/i><\/p>\n<p><a href=\"https:\/\/soundcloud.com\/prensa-fm-riachuelo\/06-daniela-quintana-coop\"><span style=\"font-weight: 400\">Escucha la entrevista completa<\/span><\/a><\/p>\n<p><b>MARTA FERRARO, COOPERATIVA DE TRABAJO DE INCLUSI\u00d3N SOCIAL ESTHER DE CAREAGA, M\u00c1XIMO PAZ<\/b><\/p>\n<p><i><span style=\"font-weight: 400\">Estamos d\u00e1ndole m\u00e1s institucionalidad a nuestra mirada ideol\u00f3gica, haber constituido nosotros como cooperativas en este sistema con el que lidiamos todos los d\u00edas y tambi\u00e9n hacerle entender a nuestros compa\u00f1eros porque lo hacemos. Armar una Federaci\u00f3n es como juntarse con otros que piensan como uno y armar ese mundo posible del que hablamos nosotros y construimos\u00a0 todos los d\u00edas. Es mucho m\u00e1s que una cuesti\u00f3n econ\u00f3mica, es una construcci\u00f3n ideol\u00f3gica. Es mucho m\u00e1s que lo comercial, sino terminamos con el mismo objetivo del capitalismo. Nosotros queremos salir del capitalismo pero en el mientras tanto tenemos la herramienta de la cooperativa que te institucionaliza en este sistema. Tiene que ver con una filosof\u00eda del mundo, una mirada del trabajo. El cooperativismo es un sistema solidario, es un modo de construir comunidad.<\/span><\/i><\/p>\n<p><i><span style=\"font-weight: 400\"><img loading=\"lazy\" decoding=\"async\" class=\"size-medium wp-image-14865 aligncenter\" src=\"http:\/\/fmriachuelo.com.ar\/wp-content\/uploads\/2022\/03\/martita-ferraro-300x200.jpeg\" alt=\"\" width=\"300\" height=\"200\" srcset=\"http:\/\/fmriachuelo.it10.com.ar\/wp-content\/uploads\/2022\/03\/martita-ferraro-300x200.jpeg 300w, http:\/\/fmriachuelo.it10.com.ar\/wp-content\/uploads\/2022\/03\/martita-ferraro-1024x682.jpeg 1024w, http:\/\/fmriachuelo.it10.com.ar\/wp-content\/uploads\/2022\/03\/martita-ferraro-768x512.jpeg 768w, http:\/\/fmriachuelo.it10.com.ar\/wp-content\/uploads\/2022\/03\/martita-ferraro-750x500.jpeg 750w, http:\/\/fmriachuelo.it10.com.ar\/wp-content\/uploads\/2022\/03\/martita-ferraro-1140x760.jpeg 1140w, http:\/\/fmriachuelo.it10.com.ar\/wp-content\/uploads\/2022\/03\/martita-ferraro.jpeg 1280w\" sizes=\"auto, (max-width: 300px) 100vw, 300px\" \/>Este sistema en el que nos educaron te dice que vos en cuanto tengas, cuanto m\u00e1s tengas m\u00e1s vales. Nosotros no partimos de esa premisa, que es err\u00f3nea, es una mirada sectaria, es una mirada horrible de una sociedad cuando vos vales por lo que tenes. Nosotros nos planteamos un sistema que est\u00e1 muy lejos del individual.<\/span><\/i><\/p>\n<p><i><span style=\"font-weight: 400\">Nosotros le hemos planteado a cada uno de los dirigentes de la UTEP que no podemos pensar a la Econom\u00eda Popular dentro del sistema capitalista, porque es jugar con sus reglas y con esas reglas perdemos. Tenemos que pensar el sistema de la econom\u00eda popular paralelo al capitalista. Es muy trabajoso, es de todos los d\u00edas, es convencer al compa\u00f1ero de que hay cosas importantes, urgentes e imprescindibles y hay otras no, entonces s\u00ed es arduo.<\/span><\/i><\/p>\n<p><i><span style=\"font-weight: 400\">Estos sistemas de gobierno piensan en el trabajo genuino como una empresa y nosotros no pensamos eso. El gobierno no se est\u00e1 dando cuenta de que somos sus socios mayoritarios, y nos necesitan, sino ya se hubieran ido. Necesitamos que empiecen a respetarnos, no solamente repartimos comida. Esta gente tiene que entender que gracias a Dios existen las organizaciones y que la gente ca\u00edda del sistema pudo caer en una organizaci\u00f3n, sino no s\u00e9 qu\u00e9 ser\u00eda hoy de la Argentina. Es una discusi\u00f3n que nos debemos con los dirigentes. Necesitamos que dejen de representar a los ricos, unos y otros.<\/span><\/i><\/p>\n<p><a href=\"https:\/\/soundcloud.com\/prensa-fm-riachuelo\/07-marta-ferraro-sec-gremial\"><span style=\"font-weight: 400\">Escucha la entrevista completa<\/span><\/a><\/p>\n<p><b>SEBASTI\u00c1N ARTAZA Y EDUARDO HEIZENRREDER, COOPERATIVA DE PROVISI\u00d3N DE SERVICIOS PARA PRODUCTORES RURALES\u00a0 \u201cUNIDOS RUTA 20\u201d DE POZO AZUL (MISIONES)<\/b><\/p>\n<p><i><span style=\"font-weight: 400\">Nosotros est\u00e1bamos ocupando tierras fiscales y nos vino el desalojo, ah\u00ed nos organizamos y empezamos a luchar. Primero por la tierra y luego por la luz y el agua, tambi\u00e9n luchamos por el municipio. Cuando llega ayuda del estado es para los empresarios grandes o grandes cooperativas. Por eso nosotros decidimos formar una, estamos dando los \u00faltimos pasos y ahora con la Federaci\u00f3n nos van a aliviar bastante.<\/span><\/i><\/p>\n<p><i><span style=\"font-weight: 400\">A los peque\u00f1os productores, los factureros, nos pagan muy poco nuestros productos, entonces conformamos la cooperativa para poder facturar nosotros, es la \u00fanica manera de vender a mejor precio nuestros productos. Nuestra cooperativa se encarga de brindar lo que necesitan los peque\u00f1os productores para poder sacar m\u00e1s r\u00e1pido la producci\u00f3n.<img loading=\"lazy\" decoding=\"async\" class=\" wp-image-14866 alignleft\" src=\"http:\/\/fmriachuelo.com.ar\/wp-content\/uploads\/2022\/03\/pozo-azul-300x142.jpg\" alt=\"\" width=\"405\" height=\"192\" srcset=\"http:\/\/fmriachuelo.it10.com.ar\/wp-content\/uploads\/2022\/03\/pozo-azul-300x142.jpg 300w, http:\/\/fmriachuelo.it10.com.ar\/wp-content\/uploads\/2022\/03\/pozo-azul.jpg 600w\" sizes=\"auto, (max-width: 405px) 100vw, 405px\" \/><\/span><\/i><\/p>\n<p><i><span style=\"font-weight: 400\">Ellos tienen doce a\u00f1os de luchas continuas muy fuertes, donde lograron motivar a que se sumen m\u00e1s vecinos de distintos parajes y lograron que se conforme el Municipio de Pozo Azul que tiene cuatro a\u00f1os. En la lucha de estos compa\u00f1eros se ve un Estado que te abandona y muchas veces que te juega en contra, es una realidad muy dolorosa. A veces nos re\u00edmos con Eduardo porque decimos \u201cmir\u00e1, pasamos de no tener nada, formalizamos nosotros una cooperativa\u00a0 y hoy estamos en una federaci\u00f3n, \u00a1\u00a1la pucha!!\u201d. Todav\u00eda no sabemos bien c\u00f3mo se maneja, pero sentimos que nos hacemos m\u00e1s fuertes. Creemos que esta Federaci\u00f3n nos va a brindar la posibilidad de crear lazos con diferentes cooperativas para poder ayudarnos entre todos.<\/span><\/i><\/p>\n<p><i><span style=\"font-weight: 400\">Para nosotros, no importa del lugar que sea, tenemos que empezar a tomar conciencia. Este que tiene la ropa rota es el que te va a ayudar, porque sabe tu necesidad porque la vivi\u00f3,\u00a0 si nosotros seguimos apoyando a ese que va en corbata nosotros siempre vamos a ir para atr\u00e1s. Tenemos que apoyar al que sabe de nuestra necesidad. Creo que cuando se lucha, en el lugar que sea, la lucha tiene que ser para todos y pelear por todos.\u201d<\/span><\/i><\/p>\n<p><a href=\"https:\/\/soundcloud.com\/prensa-fm-riachuelo\/08-sebastian-y-eduardo-coop\"><span style=\"font-weight: 400\">Escucha la entrevista completa\u00a0<\/span><\/a><\/p>\n<p><b><i>(*) Programa del equipo sanitario del MPLP, \u201cLa Incurable Rebeld\u00eda\u201d. Se emite por la FM Riachuelo los lunes de 19 a 22 hs.\u00a0<\/i><\/b><\/p>\n<p>&nbsp;<\/p>\n<p>&nbsp;<\/p>\n","protected":false},"excerpt":{"rendered":"<p>#InformeRiachuelo #ElOsoVive [FM Riachuelo, 26\/3\/2022] El pasado 22 de marzo el Movimiento Popular Los Pibes (MPLP) rindi\u00f3 un nuevo homenaje a Mart\u00edn Oso Cisneros, el referente del \u201cComedor Los Pibes\u201d, asesinado en el a\u00f1o 2004 por un sicario que respond\u00eda a la Comisar\u00eda 24 de La Boca. En el contexto de un Plenario Nacional que [&hellip;]<\/p>\n","protected":false},"author":5,"featured_media":14854,"comment_status":"closed","ping_status":"closed","sticky":false,"template":"","format":"standard","meta":{"_monsterinsights_skip_tracking":false,"_monsterinsights_sitenote_active":false,"_monsterinsights_sitenote_note":"","_monsterinsights_sitenote_category":0,"jnews-multi-image_gallery":[],"jnews_single_post":{"format":"standard"},"jnews_primary_category":[],"_joinchat":[],"footnotes":""},"categories":[59],"tags":[64,103],"class_list":["post-14848","post","type-post","status-publish","format-standard","has-post-thumbnail","hentry","category-informe-riachuelo","tag-economia-popular","tag-movimientos-populares"],"_links":{"self":[{"href":"http:\/\/fmriachuelo.it10.com.ar\/index.php\/wp-json\/wp\/v2\/posts\/14848","targetHints":{"allow":["GET"]}}],"collection":[{"href":"http:\/\/fmriachuelo.it10.com.ar\/index.php\/wp-json\/wp\/v2\/posts"}],"about":[{"href":"http:\/\/fmriachuelo.it10.com.ar\/index.php\/wp-json\/wp\/v2\/types\/post"}],"author":[{"embeddable":true,"href":"http:\/\/fmriachuelo.it10.com.ar\/index.php\/wp-json\/wp\/v2\/users\/5"}],"replies":[{"embeddable":true,"href":"http:\/\/fmriachuelo.it10.com.ar\/index.php\/wp-json\/wp\/v2\/comments?post=14848"}],"version-history":[{"count":1,"href":"http:\/\/fmriachuelo.it10.com.ar\/index.php\/wp-json\/wp\/v2\/posts\/14848\/revisions"}],"predecessor-version":[{"id":22290,"href":"http:\/\/fmriachuelo.it10.com.ar\/index.php\/wp-json\/wp\/v2\/posts\/14848\/revisions\/22290"}],"wp:featuredmedia":[{"embeddable":true,"href":"http:\/\/fmriachuelo.it10.com.ar\/index.php\/wp-json\/wp\/v2\/media\/14854"}],"wp:attachment":[{"href":"http:\/\/fmriachuelo.it10.com.ar\/index.php\/wp-json\/wp\/v2\/media?parent=14848"}],"wp:term":[{"taxonomy":"category","embeddable":true,"href":"http:\/\/fmriachuelo.it10.com.ar\/index.php\/wp-json\/wp\/v2\/categories?post=14848"},{"taxonomy":"post_tag","embeddable":true,"href":"http:\/\/fmriachuelo.it10.com.ar\/index.php\/wp-json\/wp\/v2\/tags?post=14848"}],"curies":[{"name":"wp","href":"https:\/\/api.w.org\/{rel}","templated":true}]}}