{"id":14844,"date":"2022-03-25T22:04:45","date_gmt":"2022-03-25T22:04:45","guid":{"rendered":"http:\/\/fmriachuelo.com.ar\/?p=14844"},"modified":"2025-04-16T15:08:37","modified_gmt":"2025-04-16T18:08:37","slug":"trabajadorxs-de-la-economia-popular-marchan-para-reivindicar-la-memoria-de-lxs-que-luchan","status":"publish","type":"post","link":"http:\/\/fmriachuelo.it10.com.ar\/index.php\/2022\/03\/25\/trabajadorxs-de-la-economia-popular-marchan-para-reivindicar-la-memoria-de-lxs-que-luchan\/","title":{"rendered":"TRABAJADORXS DE LA ECONOM\u00cdA POPULAR MARCHAN PARA REIVINDICAR LA MEMORIA DE LXS QUE LUCHAN"},"content":{"rendered":"<p><strong>[FM Riachuelo 25\/03\/2022] Ayer 24 de marzo, d\u00eda de la memoria por la verdad y justicia, lxs trabajadorxs de la econom\u00eda popular estuvieron en las calles, homenajeando a aquellos luchadores desaparecidos y detenidos durante la dictadura.<\/strong><\/p>\n<p>La <strong>Uni\u00f3n de Trabajadores y Trabajadoras de la Econom\u00eda Popular (UTEP)<\/strong> concentr\u00f3 en Av. Belgrano e Hip\u00f3lito Irigoyen para dirigirse hacia Plaza de Mayo. Todos los referentes de los distintos movimientos y organizaciones fueron al frente de la columna, sosteniendo una bandera con la consigna hist\u00f3rica: \u00abMemoria Verdad y Justicia\u00bb.<\/p>\n<p><img loading=\"lazy\" decoding=\"async\" class=\" wp-image-14847 aligncenter\" src=\"http:\/\/fmriachuelo.com.ar\/wp-content\/uploads\/2022\/03\/20220324_153438-300x198.jpg\" alt=\"\" width=\"383\" height=\"253\" srcset=\"http:\/\/fmriachuelo.it10.com.ar\/wp-content\/uploads\/2022\/03\/20220324_153438-300x198.jpg 300w, http:\/\/fmriachuelo.it10.com.ar\/wp-content\/uploads\/2022\/03\/20220324_153438-1024x675.jpg 1024w, http:\/\/fmriachuelo.it10.com.ar\/wp-content\/uploads\/2022\/03\/20220324_153438-768x506.jpg 768w, http:\/\/fmriachuelo.it10.com.ar\/wp-content\/uploads\/2022\/03\/20220324_153438-750x494.jpg 750w, http:\/\/fmriachuelo.it10.com.ar\/wp-content\/uploads\/2022\/03\/20220324_153438.jpg 1080w\" sizes=\"auto, (max-width: 383px) 100vw, 383px\" \/><\/p>\n<p>All\u00ed estaba <strong>Luciano \u00c1lvarez<\/strong>, secretario de organizaci\u00f3n del Movimiento Popular Los Pibes, y nos comparti\u00f3 una reflexi\u00f3n sobre la importancia de marchar como UTEP: <em>\u00abPara luchar por otro mundo posible es central para los movimientos populares seguir levantando aquellas banderas de lxs compa\u00f1erxs detenidxs y desaparecidxs\u00bb<\/em><\/p>\n<p>A pesar de que el clima no acompa\u00f1\u00f3 la marcha, la cantidad de manifestantes no baj\u00f3 y se continu\u00f3 hasta la Plaza de Mayo para poder presenciar el acto principal.<\/p>\n<p><img loading=\"lazy\" decoding=\"async\" class=\" wp-image-14872 aligncenter\" src=\"http:\/\/fmriachuelo.com.ar\/wp-content\/uploads\/2022\/03\/WhatsApp-Image-2022-03-24-at-3.32.56-PM-300x200.jpeg\" alt=\"\" width=\"444\" height=\"296\" srcset=\"http:\/\/fmriachuelo.it10.com.ar\/wp-content\/uploads\/2022\/03\/WhatsApp-Image-2022-03-24-at-3.32.56-PM-300x200.jpeg 300w, http:\/\/fmriachuelo.it10.com.ar\/wp-content\/uploads\/2022\/03\/WhatsApp-Image-2022-03-24-at-3.32.56-PM-1024x683.jpeg 1024w, http:\/\/fmriachuelo.it10.com.ar\/wp-content\/uploads\/2022\/03\/WhatsApp-Image-2022-03-24-at-3.32.56-PM-768x512.jpeg 768w, http:\/\/fmriachuelo.it10.com.ar\/wp-content\/uploads\/2022\/03\/WhatsApp-Image-2022-03-24-at-3.32.56-PM-1536x1024.jpeg 1536w, http:\/\/fmriachuelo.it10.com.ar\/wp-content\/uploads\/2022\/03\/WhatsApp-Image-2022-03-24-at-3.32.56-PM-750x500.jpeg 750w, http:\/\/fmriachuelo.it10.com.ar\/wp-content\/uploads\/2022\/03\/WhatsApp-Image-2022-03-24-at-3.32.56-PM-1140x760.jpeg 1140w, http:\/\/fmriachuelo.it10.com.ar\/wp-content\/uploads\/2022\/03\/WhatsApp-Image-2022-03-24-at-3.32.56-PM.jpeg 1599w\" sizes=\"auto, (max-width: 444px) 100vw, 444px\" \/><\/p>\n<p><strong>Eduardo\u00a0<\/strong><b>Mart\u00ednez<\/b>, referente del Frente 22 de Agosto, tambi\u00e9n estuvo presente\u00a0y expres\u00f3: <em>\u00abHoy venimos como trabajadores de la econom\u00eda popular porque es nuestra manera de seguir esa lucha que quer\u00edan nuestros 30.000. El 24 de Marzo representa tambi\u00e9n, un punto crucial de la historia de nuestro pa\u00eds, de un modelo econ\u00f3mico\u00a0que se implemento atreves\u00a0del golpe de estado y la instalaci\u00f3n\u00a0de un golpe c\u00edvico\u00a0y militar. Hoy estamos discutiendo ese modelo que nos instalo Mart\u00ednez\u00a0de Hoz, Videla y tantos actores civiles que son parte de la pol\u00edtica\u00a0actual\u00bb<\/em>.<\/p>\n<p><img loading=\"lazy\" decoding=\"async\" class=\" wp-image-14873 aligncenter\" src=\"http:\/\/fmriachuelo.com.ar\/wp-content\/uploads\/2022\/03\/WhatsApp-Image-2022-03-24-at-3.32.54-PM-300x200.jpeg\" alt=\"\" width=\"410\" height=\"273\" srcset=\"http:\/\/fmriachuelo.it10.com.ar\/wp-content\/uploads\/2022\/03\/WhatsApp-Image-2022-03-24-at-3.32.54-PM-300x200.jpeg 300w, http:\/\/fmriachuelo.it10.com.ar\/wp-content\/uploads\/2022\/03\/WhatsApp-Image-2022-03-24-at-3.32.54-PM-1024x683.jpeg 1024w, http:\/\/fmriachuelo.it10.com.ar\/wp-content\/uploads\/2022\/03\/WhatsApp-Image-2022-03-24-at-3.32.54-PM-768x512.jpeg 768w, http:\/\/fmriachuelo.it10.com.ar\/wp-content\/uploads\/2022\/03\/WhatsApp-Image-2022-03-24-at-3.32.54-PM-1536x1024.jpeg 1536w, http:\/\/fmriachuelo.it10.com.ar\/wp-content\/uploads\/2022\/03\/WhatsApp-Image-2022-03-24-at-3.32.54-PM-750x500.jpeg 750w, http:\/\/fmriachuelo.it10.com.ar\/wp-content\/uploads\/2022\/03\/WhatsApp-Image-2022-03-24-at-3.32.54-PM-1140x760.jpeg 1140w, http:\/\/fmriachuelo.it10.com.ar\/wp-content\/uploads\/2022\/03\/WhatsApp-Image-2022-03-24-at-3.32.54-PM.jpeg 1599w\" sizes=\"auto, (max-width: 410px) 100vw, 410px\" \/><\/p>\n<p>\u00c1lvarez brind\u00f3 tambi\u00e9n una mirada sobre\u00a0el hilo hist\u00f3rico en la lucha nuestro pueblo: \u00ab<em>Nos sentimos continuadores de aquellas luchas que se dieron en los 70 que pelearon contra la dictadura, Maxi, Dar\u00edo y el Oso, continuaron esa lucha en los 90, y hoy nos toca a nosotros seguir manteniendo aquellas banderas en alto, resignificarlas, entender que son los derechos humanos, para continuar esta batalla que protagoniza nuestro pueblo\u00bb.\u00a0<\/em><\/p>\n<p>&nbsp;<\/p>\n<p>&nbsp;<\/p>\n<p>&nbsp;<\/p>\n","protected":false},"excerpt":{"rendered":"<p>[FM Riachuelo 25\/03\/2022] Ayer 24 de marzo, d\u00eda de la memoria por la verdad y justicia, lxs trabajadorxs de la econom\u00eda popular estuvieron en las calles, homenajeando a aquellos luchadores desaparecidos y detenidos durante la dictadura. La Uni\u00f3n de Trabajadores y Trabajadoras de la Econom\u00eda Popular (UTEP) concentr\u00f3 en Av. Belgrano e Hip\u00f3lito Irigoyen para [&hellip;]<\/p>\n","protected":false},"author":5,"featured_media":14870,"comment_status":"closed","ping_status":"closed","sticky":false,"template":"","format":"standard","meta":{"_monsterinsights_skip_tracking":false,"_monsterinsights_sitenote_active":false,"_monsterinsights_sitenote_note":"","_monsterinsights_sitenote_category":0,"jnews-multi-image_gallery":[],"jnews_single_post":{"format":"standard"},"jnews_primary_category":[],"_joinchat":[],"footnotes":""},"categories":[58],"tags":[119,64,103],"class_list":["post-14844","post","type-post","status-publish","format-standard","has-post-thumbnail","hentry","category-noticiariachuelo","tag-derechos-humanos","tag-economia-popular","tag-movimientos-populares"],"_links":{"self":[{"href":"http:\/\/fmriachuelo.it10.com.ar\/index.php\/wp-json\/wp\/v2\/posts\/14844","targetHints":{"allow":["GET"]}}],"collection":[{"href":"http:\/\/fmriachuelo.it10.com.ar\/index.php\/wp-json\/wp\/v2\/posts"}],"about":[{"href":"http:\/\/fmriachuelo.it10.com.ar\/index.php\/wp-json\/wp\/v2\/types\/post"}],"author":[{"embeddable":true,"href":"http:\/\/fmriachuelo.it10.com.ar\/index.php\/wp-json\/wp\/v2\/users\/5"}],"replies":[{"embeddable":true,"href":"http:\/\/fmriachuelo.it10.com.ar\/index.php\/wp-json\/wp\/v2\/comments?post=14844"}],"version-history":[{"count":1,"href":"http:\/\/fmriachuelo.it10.com.ar\/index.php\/wp-json\/wp\/v2\/posts\/14844\/revisions"}],"predecessor-version":[{"id":22291,"href":"http:\/\/fmriachuelo.it10.com.ar\/index.php\/wp-json\/wp\/v2\/posts\/14844\/revisions\/22291"}],"wp:featuredmedia":[{"embeddable":true,"href":"http:\/\/fmriachuelo.it10.com.ar\/index.php\/wp-json\/wp\/v2\/media\/14870"}],"wp:attachment":[{"href":"http:\/\/fmriachuelo.it10.com.ar\/index.php\/wp-json\/wp\/v2\/media?parent=14844"}],"wp:term":[{"taxonomy":"category","embeddable":true,"href":"http:\/\/fmriachuelo.it10.com.ar\/index.php\/wp-json\/wp\/v2\/categories?post=14844"},{"taxonomy":"post_tag","embeddable":true,"href":"http:\/\/fmriachuelo.it10.com.ar\/index.php\/wp-json\/wp\/v2\/tags?post=14844"}],"curies":[{"name":"wp","href":"https:\/\/api.w.org\/{rel}","templated":true}]}}