{"id":1484,"date":"2016-02-11T13:53:00","date_gmt":"2016-02-11T13:53:00","guid":{"rendered":"http:\/\/fmriachuelo.observatorioess.org.ar\/index.php\/2016\/02\/11\/acampe-en-plaza-de-mayo-organizacion-social-y-politica-los-pibes-se-pronuncia\/"},"modified":"2016-02-11T13:53:00","modified_gmt":"2016-02-11T13:53:00","slug":"acampe-en-plaza-de-mayo-organizacion-social-y-politica-los-pibes-se-pronuncia","status":"publish","type":"post","link":"http:\/\/fmriachuelo.it10.com.ar\/index.php\/2016\/02\/11\/acampe-en-plaza-de-mayo-organizacion-social-y-politica-los-pibes-se-pronuncia\/","title":{"rendered":"ACAMPE EN PLAZA DE MAYO: ORGANIZACI\u00d3N SOCIAL Y POL\u00cdTICA LOS PIBES SE PRONUNCIA"},"content":{"rendered":"<div style=\"text-align: justify\"><span>Comunicado:<\/span><\/div>\n<div>\n<div style=\"text-align: justify\"><span><span style=\"color: red;font-size: large\"><b>UNIDAD URGENTE Y EN LA CALLE<\/b><\/span><\/span><br \/><span><span style=\"color: red;font-size: large\"><b><br \/><\/b><\/span><\/span><\/div>\n<div style=\"text-align: justify\">\n<div style=\"clear: both;text-align: center\"><a href=\"https:\/\/2.bp.blogspot.com\/-zWdiRgpbgxQ\/VryR4P5AJ3I\/AAAAAAAAH3k\/RI1GXKmrx9I\/s1600\/los%2Bpibes%2Bsin%2Bctep.jpg\" style=\"clear: left;float: left;margin-bottom: 1em;margin-right: 1em\"><img loading=\"lazy\" decoding=\"async\" border=\"0\" height=\"53\" src=\"https:\/\/2.bp.blogspot.com\/-zWdiRgpbgxQ\/VryR4P5AJ3I\/AAAAAAAAH3k\/RI1GXKmrx9I\/s320\/los%2Bpibes%2Bsin%2Bctep.jpg\" width=\"320\" \/><\/a><\/div>\n<p><span style=\"font-family: verdana, sans-serif;font-size: x-small\">[CABA 10\/02\/16 O.S.yP. Los Pibes]<\/span><\/div>\n<p><span><\/span><span>A dos semanas del Acampe en Plaza de Mayo&#8230;<\/span><span><\/span><\/p>\n<div style=\"text-align: justify\"><span>La derrota electoral hizo posible la llegada del macrismo al gobierno nacional,  al igual que de la gobernaci\u00f3n de la provincia de Buenos Aires y mantener el dominio de la ciudad capital, CABA.  Esto abre un nuevo momento en la Argentina, al tiempo que refuerza la contraofensiva restauradora imperialista sobre toda nuestra regi\u00f3n Latinoamericana y Caribe\u00f1a.<\/span><\/div>\n<p><span><\/p>\n<div style=\"text-align: justify\"><\/div>\n<div style=\"text-align: justify\">Bastaron pocos d\u00edas para que se convirtiera en una realidad el lacerante retroceso para nuestro Pueblo y la Naci\u00f3n Argentina: desocupaci\u00f3n, represi\u00f3n, p\u00e9rdida del poder adquisitivo del salario y persecuci\u00f3n pol\u00edtica unido a un brusco viraje de tim\u00f3n en el alineamiento internacional y fundamentalmente regional, subsumiendo a la Argentina a los dict\u00e1menes de la pol\u00edtica imperial y, por lo tanto, el obsceno acercamiento a la Alianza del Pac\u00edfico.  Como verdad de Perogrullo qued\u00f3 demostrado que sin Poder Popular no se pueden defender las conquistas alcanzadas y, mucho menos a\u00fan, profundizar y radicalizar el camino de un tiempo emancipador junto a la construcci\u00f3n de nuevos paradigmas de sociedades m\u00e1s justas.<\/div>\n<div style=\"text-align: justify\"><\/div>\n<div style=\"text-align: justify\">Nos debe alertar este vertiginoso avance de una derecha salvaje y que esto se produjera pr\u00e1cticamente sin oposici\u00f3n pol\u00edtica.  Sin duda, esto tambi\u00e9n da cuenta de la debilidad en la que nos encuentra como campo popular y la de sus organizaciones populares, con gran dificultad de plantear una resistencia acorde a la herida  que provocan  las pol\u00edticas de gobierno a los intereses nacionales y populares.<\/div>\n<div style=\"text-align: justify\"><\/div>\n<div style=\"text-align: justify\">No podemos esperar las elecciones legislativas de 2017, ni que \u201cvamos a volver\u201d en 2019 para dejar de regalarles al bloque dominante local y al imperialismo nuestras conquistas y nuestras riquezas.  Es ahora el tiempo de profundizar y masificar la resistencia y la lucha y darle continuidad a un tiempo de liberaci\u00f3n y de un mundo m\u00e1s justo.<\/div>\n<div style=\"text-align: justify\"><\/div>\n<div style=\"text-align: justify\">La batalla es integral y debemos recuperar la capacidad e iniciativa pol\u00edtica en el plano de la lucha, la resistencia y la movilizaci\u00f3n en las calles.  Este escenario nos interpela ante el desaf\u00edo de que la unidad es urgente,  \u00fanico camino posible para la recomposici\u00f3n del campo popular y sus organizaciones, como as\u00ed tambi\u00e9n,  el desarrollo de una estrategia popular que permita frenar la embestida asesina del imperio.&nbsp;<\/div>\n<div style=\"text-align: justify\"><\/div>\n<div style=\"text-align: justify\">La realidad demanda de nosotros la generosidad y modestia que permita dejar a un lado matices y diferencias, es decir, dejar la ret\u00f3rica de que la unidad es necesaria y comenzar a practicarla.  En este sentido, valoramos como un hecho que ayuda a pensar el camino de la unidad, la articulaci\u00f3n y coordinaci\u00f3n de cortes y piquetes que se produjeron el viernes 22 de enero como medida de fuerza frente a la detenci\u00f3n de Milagro Sala.  Del mismo modo, valoramos la decisi\u00f3n del acampe en Plaza de Mayo, que se inici\u00f3 el mi\u00e9rcoles 27 de enero y que nos vio ah\u00ed desde el primer d\u00eda.  A dos semanas, nos preocupa que el acampe, que alcanz\u00f3 alguna visibilidad a pesar del cerco medi\u00e1tico, en tanto s\u00edmbolo no solamente por la libertad de Milagro Sala sino que tambi\u00e9n como repudio a la criminalizaci\u00f3n de la protesta y como expresi\u00f3n del conjunto de luchas que viene llevando adelante nuestro Pueblo,   comienza progresivamente a alejarse de la idea de la unidad necesaria.<\/div>\n<div style=\"text-align: justify\"><\/div>\n<div style=\"text-align: justify\">Est\u00e1 claro que la mayor\u00eda de los que forman parte del acampe est\u00e1n \u201cUnidos y Organizados\u201d, pero como lo muestran la amplia cantidad de conflictos que se multiplican cada d\u00eda de punta a punta del pa\u00eds, hoy el campo popular cuenta con una infinidad de emergentes dispersos que a\u00fan no est\u00e1n o no encontraron la posibilidad de expresarse y estar representados en el acampe de Plaza de Mayo.<\/div>\n<div style=\"text-align: justify\"><\/div>\n<div style=\"text-align: justify\">Importante es asumir que estamos en una nueva etapa, esto implica una inmensa responsabilidad hist\u00f3rica para la militancia y las conducciones de las organizaciones populares, unir y vertebrar un gran y potente bloque popular capaz de enfrentar, resistir y vencer las insaciables ansias del imperio por venir por lo nuestro y por los nuestros.  Estar a la altura de las circunstancias es el gran desaf\u00edo.  Nuestro Pueblo viene mostrando vitalidad, coraje, dignidad  y busca las se\u00f1ales de una conducci\u00f3n y referencia que a\u00fan no se ve en el horizonte.   Reafirmamos  m\u00e1s temprano que tarde, por lo tanto,  que la urgencia del momento es la unidad, la organizaci\u00f3n y la lucha.&nbsp;<\/div>\n<div style=\"text-align: justify\"><\/div>\n<div style=\"text-align: justify\">Por \u00faltimo, ellos, los poderosos, el imperialismo, los oligarcas, los de siempre, creen y piensan que ya estamos derrotados.  Nosotros, los nadie, los grasitas, los cabecitas, los del mont\u00f3n, los piqueteros, los descamisados de siempre desde el subsuelo de la Patria sublevada, nuevamente hacemos sentir nuestra voz, como grito desesperado, como himno de guerra y como convocatoria a quienes quieran o\u00edr.<\/div>\n<div style=\"text-align: justify\"><\/div>\n<div style=\"text-align: justify\"><b>\u00a1AC\u00c1 NO SE RINDE NADIE!<\/b><\/div>\n<div style=\"text-align: justify\"><b>\u00a1LUCHAR HASTA VENCER!<\/b><\/div>\n<p><\/span>                     <br \/><span style=\"font-family: Verdana, sans-serif\">Organizaci\u00f3n Social y Pol\u00edtica Los Pibes<\/span><\/div>\n","protected":false},"excerpt":{"rendered":"<p>Comunicado: UNIDAD URGENTE Y EN LA CALLE [CABA 10\/02\/16 O.S.yP. Los Pibes] A dos semanas del Acampe en Plaza de Mayo&#8230; La derrota electoral hizo posible la llegada del macrismo al gobierno nacional, al igual que de la gobernaci\u00f3n de la provincia de Buenos Aires y mantener el dominio de la ciudad capital, CABA. Esto [&hellip;]<\/p>\n","protected":false},"author":4,"featured_media":0,"comment_status":"open","ping_status":"open","sticky":false,"template":"","format":"standard","meta":{"_monsterinsights_skip_tracking":false,"_monsterinsights_sitenote_active":false,"_monsterinsights_sitenote_note":"","_monsterinsights_sitenote_category":0,"jnews-multi-image_gallery":[],"jnews_single_post":[],"jnews_primary_category":[],"_joinchat":[],"footnotes":""},"categories":[1],"tags":[],"class_list":["post-1484","post","type-post","status-publish","format-standard","hentry","category-habitat"],"_links":{"self":[{"href":"http:\/\/fmriachuelo.it10.com.ar\/index.php\/wp-json\/wp\/v2\/posts\/1484","targetHints":{"allow":["GET"]}}],"collection":[{"href":"http:\/\/fmriachuelo.it10.com.ar\/index.php\/wp-json\/wp\/v2\/posts"}],"about":[{"href":"http:\/\/fmriachuelo.it10.com.ar\/index.php\/wp-json\/wp\/v2\/types\/post"}],"author":[{"embeddable":true,"href":"http:\/\/fmriachuelo.it10.com.ar\/index.php\/wp-json\/wp\/v2\/users\/4"}],"replies":[{"embeddable":true,"href":"http:\/\/fmriachuelo.it10.com.ar\/index.php\/wp-json\/wp\/v2\/comments?post=1484"}],"version-history":[{"count":0,"href":"http:\/\/fmriachuelo.it10.com.ar\/index.php\/wp-json\/wp\/v2\/posts\/1484\/revisions"}],"wp:attachment":[{"href":"http:\/\/fmriachuelo.it10.com.ar\/index.php\/wp-json\/wp\/v2\/media?parent=1484"}],"wp:term":[{"taxonomy":"category","embeddable":true,"href":"http:\/\/fmriachuelo.it10.com.ar\/index.php\/wp-json\/wp\/v2\/categories?post=1484"},{"taxonomy":"post_tag","embeddable":true,"href":"http:\/\/fmriachuelo.it10.com.ar\/index.php\/wp-json\/wp\/v2\/tags?post=1484"}],"curies":[{"name":"wp","href":"https:\/\/api.w.org\/{rel}","templated":true}]}}