{"id":1483,"date":"2016-02-11T19:06:00","date_gmt":"2016-02-11T19:06:00","guid":{"rendered":"http:\/\/fmriachuelo.observatorioess.org.ar\/index.php\/2016\/02\/11\/especiales-riachuelo-en-rompe-el-cerco-informativo\/"},"modified":"2016-02-11T19:06:00","modified_gmt":"2016-02-11T19:06:00","slug":"especiales-riachuelo-en-rompe-el-cerco-informativo","status":"publish","type":"post","link":"http:\/\/fmriachuelo.it10.com.ar\/index.php\/2016\/02\/11\/especiales-riachuelo-en-rompe-el-cerco-informativo\/","title":{"rendered":"ESPECIALES RIACHUELO EN ROMP\u00c9 EL CERCO INFORMATIVO"},"content":{"rendered":"<div style=\"background-color: white;font-family: 'helvetica neue', 'segoe ui', helvetica, arial, 'lucida grande', sans-serif;margin-bottom: 0.0001pt;padding: 0px;text-align: left\"><b style=\"color: red;font-family: verdana, sans-serif;line-height: 14.95px\"><span style=\"font-size: large\">MUCHO PALO<\/span><\/b><\/div>\n<div style=\"background-color: white;font-family: 'Helvetica Neue', 'Segoe UI', Helvetica, Arial, 'Lucida Grande', sans-serif;font-size: 13px;margin-bottom: 0.0001pt;padding: 0px;text-align: left\"><b style=\"color: red;font-family: Verdana, sans-serif;font-size: xx-large;line-height: 14.95px\"><br \/><\/b><\/div>\n<div style=\"background-color: white;font-family: 'helvetica neue', 'segoe ui', helvetica, arial, 'lucida grande', sans-serif;margin-bottom: 0.0001pt;padding: 0px;text-align: left\"><b style=\"font-family: verdana, sans-serif\">CRIMINALIZACION DE LA PROTESTA Y LA REPRESI\u00d3N COMO POL\u00cdTICA DE ESTADO. UN OBJETIVO: PERSECUCI\u00d3N POL\u00cdTICA DE LOS QUE SE ORGANIZAN PARA LUCHAR&nbsp;<\/b><\/div>\n<div style=\"background-color: white;font-family: 'helvetica neue', 'segoe ui', helvetica, arial, 'lucida grande', sans-serif;margin-bottom: 0.0001pt;padding: 0px;text-align: left\"><b style=\"font-family: verdana, sans-serif;font-size: large\"><br \/><\/b><\/div>\n<div style=\"text-align: left\"><span><b><a href=\"http:\/\/www.mediafire.com\/listen\/8f53x3tfpd1z4s5\/02-10-2016_-_1er_BLOQUE_RCI_-_LITO_BORELLO.mp3\" rel=\"nofollow noopener\" style=\"background: transparent;color: #196ad4;margin: 0px;padding: 0px\" target=\"_blank\">1ER BLOQUE &#8211; LITO BORELLO (OSYP LOS PIBES) EN EL PISO<\/a><\/b><\/span><\/div>\n<div style=\"background-color: white;font-family: 'Helvetica Neue', 'Segoe UI', Helvetica, Arial, 'Lucida Grande', sans-serif;font-size: 13px;margin-bottom: 0.0001pt;padding: 0px;text-align: left\"><span><b><a href=\"http:\/\/www.mediafire.com\/listen\/yeoxa9kvy8719hl\/02-10-2016_-_2DO_BLOQUE_RCI_-_NOTA_A_SEBASTIAN_DAMATO_DE_LA_CORRIENTE_VILLERA_INDEPENDIENTE.mp3\" rel=\"nofollow noopener\" style=\"background: transparent;color: #196ad4;margin: 0px;padding: 0px\" target=\"_blank\">2DO BLOQUE &#8211; NOTA CON SEBASTIAN DAMATO (CORRIENTE VILLERA INDEPENDIENTE)<\/a><\/b><\/span><\/div>\n<div style=\"background-color: white;font-family: 'Helvetica Neue', 'Segoe UI', Helvetica, Arial, 'Lucida Grande', sans-serif;font-size: 13px;margin-bottom: 0.0001pt;padding: 0px;text-align: left\"><span><b><a href=\"http:\/\/www.mediafire.com\/listen\/8bm8i3pc9eb1m0a\/02-10-2016_-_3er_BLOQUE_RCI_-_CIERRE_CON_LITO_BORELLO.mp3\" rel=\"nofollow noopener\" style=\"background: transparent;color: #196ad4;margin: 0px;padding: 0px\" target=\"_blank\">3ER BLOQUE &#8211; CIERRE CON LITO BORELLO<\/a><\/b><\/span><\/div>\n<div style=\"background-color: white;font-family: 'Helvetica Neue', 'Segoe UI', Helvetica, Arial, 'Lucida Grande', sans-serif;font-size: 13px;margin-bottom: 0.0001pt;padding: 0px;text-align: left\"><span><b><br \/><\/b><\/span><\/div>\n<div style=\"background-color: white;font-family: 'Helvetica Neue', 'Segoe UI', Helvetica, Arial, 'Lucida Grande', sans-serif;font-size: 13px;margin-bottom: 0.0001pt;padding: 0px;text-align: left\"><span><b><a href=\"http:\/\/www.mediafire.com\/listen\/ackh6d69g2pdzbp\/02-10-2016_-_ROMPE_EL_CERCO.mp3\" rel=\"nofollow noopener\" style=\"background: transparent;color: #196ad4;margin: 0px;padding: 0px\" target=\"_blank\">DESCARG\u00c1 EL PROGRAMA COMPLETO<\/a><\/b><\/span><\/div>\n<div style=\"background-color: white;font-family: 'Helvetica Neue', 'Segoe UI', Helvetica, Arial, 'Lucida Grande', sans-serif;font-size: 13px;margin-bottom: 0.0001pt;padding: 0px;text-align: left\"><\/div>\n<div style=\"background-color: white;font-family: 'Helvetica Neue', 'Segoe UI', Helvetica, Arial, 'Lucida Grande', sans-serif;font-size: 13px;margin-bottom: 0.0001pt;padding: 0px;text-align: center\"><\/div>\n<div style=\"background-color: white;font-family: 'Helvetica Neue', 'Segoe UI', Helvetica, Arial, 'Lucida Grande', sans-serif;font-size: 13px;margin-bottom: 0.0001pt;padding: 0px;text-align: left\"><a href=\"https:\/\/4.bp.blogspot.com\/-HAXDPQ_C1Ac\/VrzbFkxy7XI\/AAAAAAAAH38\/64QTYzER_b0\/s1600\/IMG_20160210_181713545%2B%25281%2529.jpg\" style=\"clear: left;float: left;margin-bottom: 1em;margin-right: 1em\"><img loading=\"lazy\" decoding=\"async\" border=\"0\" height=\"240\" src=\"https:\/\/4.bp.blogspot.com\/-HAXDPQ_C1Ac\/VrzbFkxy7XI\/AAAAAAAAH38\/64QTYzER_b0\/s320\/IMG_20160210_181713545%2B%25281%2529.jpg\" width=\"320\" \/><\/a><span><b>[FMR jueves 11\/02\/2016]&nbsp;<span style=\"line-height: 14.95px\">S\u00f3lo sesenta d\u00edas necesit\u00f3 el macrismo para tomar una serie de medidas econ\u00f3micas y sociales que, por su contundencia, dieron vuelta 180 grados el modelo pol\u00edtico, social y econ\u00f3mico del pa\u00eds instalando una nueva etapa de falta de trabajo y empobrecimiento de los sectores populares. Pero estas transformaciones que impulsa el macrismo no podr\u00edan llevarse adelante sin ser apuntaladas por una pol\u00edtica represiva para evitar que los Pueblos se organicen para resistirlas. Milagro Sala, Cresta Roja, La Plata, la murga de la 1-11-14, los municipales de Salta, son un n\u00famero abrumador de casos que en estos pocos d\u00edas de macrismo dan cuenta de una pol\u00edtica sist\u00e9matica, una verdadera pol\u00edtica de Estado, de represi\u00f3n del Pueblo. Desde la&nbsp;<span style=\"color: red\">FM Riachuelo<\/span>&nbsp;nos propusimos dedicar la edici\u00f3n de ayer y de hoy de&nbsp;<span style=\"color: red\">Romp\u00e9 el Cerco Informativo<\/span>&nbsp;(lunes a viernes a las 18 horas) a desenmascarar el funcionamiento de esta pol\u00edtica y, en particular, a reflexionar sobre las formas de lucha que se pueden encarar en este contexto.<\/span><\/b><\/span><\/div>\n<div style=\"background-color: white;font-family: 'Helvetica Neue', 'Segoe UI', Helvetica, Arial, 'Lucida Grande', sans-serif;font-size: 13px;margin-bottom: 0.0001pt;padding: 0px;text-align: center\"><\/div>\n<div style=\"background-color: white;font-family: 'Helvetica Neue', 'Segoe UI', Helvetica, Arial, 'Lucida Grande', sans-serif;font-size: 13px;margin-bottom: 0.0001pt;padding: 0px;text-align: left\"><\/div>\n<p><a name='more'><\/a><\/p>\n<div style=\"background-color: white;font-family: 'Helvetica Neue', 'Segoe UI', Helvetica, Arial, 'Lucida Grande', sans-serif;font-size: 13px;margin-bottom: 0.0001pt;padding: 0px;text-align: left\"><span><span style=\"line-height: 14.95px\">Durante el programa de ayer, nos acompa\u00f1\u00f3 en el piso<b>&nbsp;Lito Borello, coordinador nacional de la Organizaci\u00f3n Social y Pol\u00edtica Los Pibes<\/b>, que decididamente viene participando de las medidas de fuerza por la liberaci\u00f3n de Milagro Sala y que recientemente&nbsp;<b><a href=\"http:\/\/www.fmriachuelo.com.ar\/2016\/02\/acampe-en-plaza-de-mayo-organizacion.html\" rel=\"nofollow noopener\" style=\"background: transparent;color: #196ad4;margin: 0px;padding: 0px\" target=\"_blank\">hizo p\u00fablico mediante un comunicado<\/a>&nbsp;un planteo sobre la necesidad de ampliar la articulaci\u00f3n, la coordinaci\u00f3n y la unidad de las organizaciones del campo popular<\/b>&nbsp;para poder resistir el ajuste macrista y retomar un camino de&nbsp;<b>construcci\u00f3n y profundizaci\u00f3n de un proyecto nacional, popular y latinoamericano<\/b>.<\/span><\/span><\/div>\n<div style=\"background-color: white;font-family: 'Helvetica Neue', 'Segoe UI', Helvetica, Arial, 'Lucida Grande', sans-serif;font-size: 13px;margin-bottom: 0.0001pt;padding: 0px;text-align: center\"><\/div>\n<div style=\"background-color: white;font-family: 'Helvetica Neue', 'Segoe UI', Helvetica, Arial, 'Lucida Grande', sans-serif;font-size: 13px;margin-bottom: 0.0001pt;padding: 0px;text-align: center\"><\/div>\n<div style=\"background-color: white;font-family: 'Helvetica Neue', 'Segoe UI', Helvetica, Arial, 'Lucida Grande', sans-serif;font-size: 13px;margin-bottom: 0.0001pt;padding: 0px;text-align: left\"><\/div>\n<div style=\"background-color: white;font-family: 'Helvetica Neue', 'Segoe UI', Helvetica, Arial, 'Lucida Grande', sans-serif;font-size: 13px;margin-bottom: 0.0001pt;padding: 0px;text-align: left\"><a href=\"https:\/\/4.bp.blogspot.com\/-LYdOsY4p71U\/VrzbO1x_-hI\/AAAAAAAAH4A\/wcE1DgavprE\/s1600\/_DSC1667.jpg\" style=\"clear: right;float: right;margin-bottom: 1em;margin-left: 1em\"><img loading=\"lazy\" decoding=\"async\" border=\"0\" height=\"211\" src=\"https:\/\/4.bp.blogspot.com\/-LYdOsY4p71U\/VrzbO1x_-hI\/AAAAAAAAH4A\/wcE1DgavprE\/s320\/_DSC1667.jpg\" width=\"320\" \/><\/a><span><span style=\"line-height: 14.95px\">Tambi\u00e9n tuvimos la oportunidad de entrevistar a&nbsp;<b>Sebasti\u00e1n Damato, militante de la Corriente Villera Independiente<\/b>, involucrado en la&nbsp;<b><a href=\"http:\/\/www.fmriachuelo.com.ar\/2016\/02\/si-tocan-uno-nos-tocan-todos_6.html\" rel=\"nofollow noopener\" style=\"background: transparent;color: #196ad4;margin: 0px;padding: 0px\" target=\"_blank\">organizaci\u00f3n del festival que el pasado viernes se organiz\u00f3 en Av. Riestra y Bonorino<\/a><\/b>&nbsp;para recuperar la alegr\u00eda y el valor que las murgas tienen para los barrios de nuestras ciudades. En referencia a lo sucedido en esa misma esquina el viernes 29 de enero, cuando la Gendarmer\u00eda bale\u00f3 a la murga \u00abLos Aut\u00e9nticos Reyes del Ritmo\u00bb, Sebasti\u00e1n comparti\u00f3 con FMR su preocupaci\u00f3n por esta&nbsp;<b>pol\u00edtica represiva que busca avanzar sobre todo lo organizado, incluso una murga, ya que all\u00ed germinan las resistencias<\/b>.<\/span><\/span><\/div>\n<div style=\"background-color: white;font-family: 'Helvetica Neue', 'Segoe UI', Helvetica, Arial, 'Lucida Grande', sans-serif;font-size: 13px;margin-bottom: 0.0001pt;padding: 0px;text-align: center\"><\/div>\n<div style=\"background-color: white;font-family: 'Helvetica Neue', 'Segoe UI', Helvetica, Arial, 'Lucida Grande', sans-serif;font-size: 13px;margin-bottom: 0.0001pt;padding: 0px;text-align: left\"><\/div>\n<div style=\"background-color: white;font-family: 'Helvetica Neue', 'Segoe UI', Helvetica, Arial, 'Lucida Grande', sans-serif;font-size: 13px;margin-bottom: 0.0001pt;padding: 0px;text-align: left\"><a href=\"https:\/\/4.bp.blogspot.com\/-AJ1HiwWqv_c\/VrzbasF5YxI\/AAAAAAAAH4E\/HcVyFtyLgG8\/s1600\/PRESAS%2BSALTE%25C3%2591AS.png\" style=\"clear: left;float: left;margin-bottom: 1em;margin-right: 1em\"><img loading=\"lazy\" decoding=\"async\" border=\"0\" height=\"192\" src=\"https:\/\/4.bp.blogspot.com\/-AJ1HiwWqv_c\/VrzbasF5YxI\/AAAAAAAAH4E\/HcVyFtyLgG8\/s320\/PRESAS%2BSALTE%25C3%2591AS.png\" width=\"320\" \/><\/a><span><span style=\"line-height: 14.95px\"><b>En el programa de hoy Jueves a las 18 horas<\/b>, conversaremos con&nbsp;<b>Eduardo \u00abel Negro\u00bb Soares, de la Convocatoria Segunda Independencia<\/b>, que desde el 27 de enero viene denunciando el<b>encarcelamiento de siete trabajadoras municipales de la localidad de Cerrillos en la provincia de Salta<\/b>&nbsp;en lo que marca, tanto la forma en que los gobernadores como Urtubey se van adhiriendo a la pol\u00edtica represiva que impulsa el gobierno nacional, como la instrmentaci\u00f3n de la c\u00e1rcel no solamente para perseguir dirigentes (como en el caso de Milagro Salas) sino tambi\u00e9n luchadores de base.<\/span><\/span><\/div>\n<div style=\"background-color: white;font-family: 'Helvetica Neue', 'Segoe UI', Helvetica, Arial, 'Lucida Grande', sans-serif;font-size: 13px;margin-bottom: 0.0001pt;padding: 0px;text-align: left\"><\/div>\n<div style=\"background-color: white;font-family: 'Helvetica Neue', 'Segoe UI', Helvetica, Arial, 'Lucida Grande', sans-serif;font-size: 13px;margin-bottom: 0.0001pt;padding: 0px;text-align: left\">\n<div style=\"clear: both;text-align: center\"><span>Desde&nbsp;<\/span><span><b>FM Riachuelo<\/b><\/span><span>&nbsp;te invitamos a escuchar&nbsp;<\/span><b style=\"font-family: verdana, sans-serif;line-height: 14.95px;text-align: left\"><a href=\"http:\/\/www.mediafire.com\/listen\/ackh6d69g2pdzbp\/02-10-2016_-_ROMPE_EL_CERCO.mp3\" rel=\"nofollow noopener\" style=\"background: transparent;color: #196ad4;margin: 0px;padding: 0px\" target=\"_blank\">el programa de ayer completo<\/a><\/b><span>&nbsp;y continuar con este debate en la emisi\u00f3n de hoy de&nbsp;<\/span><span><b>Romp\u00e9 el Cerco Informativo<\/b><\/span><span>&nbsp;<\/span><b style=\"font-family: verdana, sans-serif;line-height: 14.95px;text-align: left\">a las 18 horas<\/b><span>&nbsp;por<\/span><b style=\"font-family: verdana, sans-serif;line-height: 14.95px;text-align: left\"><a href=\"http:\/\/www.fmriachuelo.com.ar\/\" rel=\"nofollow noopener\" style=\"background: transparent;color: #196ad4;margin: 0px;padding: 0px\" target=\"_blank\">www.fmriachuelo.com.ar<\/a><\/b><span>&nbsp;<\/span><b style=\"font-family: verdana, sans-serif;line-height: 14.95px;text-align: left\">o por el 100.9<\/b><span>&nbsp;del dial en la zona Sur de la ciudad.<\/span><\/div>\n<\/div>\n","protected":false},"excerpt":{"rendered":"<p>MUCHO PALO CRIMINALIZACION DE LA PROTESTA Y LA REPRESI\u00d3N COMO POL\u00cdTICA DE ESTADO. UN OBJETIVO: PERSECUCI\u00d3N POL\u00cdTICA DE LOS QUE SE ORGANIZAN PARA LUCHAR&nbsp; 1ER BLOQUE &#8211; LITO BORELLO (OSYP LOS PIBES) EN EL PISO 2DO BLOQUE &#8211; NOTA CON SEBASTIAN DAMATO (CORRIENTE VILLERA INDEPENDIENTE) 3ER BLOQUE &#8211; CIERRE CON LITO BORELLO DESCARG\u00c1 EL PROGRAMA [&hellip;]<\/p>\n","protected":false},"author":4,"featured_media":0,"comment_status":"open","ping_status":"open","sticky":false,"template":"","format":"standard","meta":{"_monsterinsights_skip_tracking":false,"_monsterinsights_sitenote_active":false,"_monsterinsights_sitenote_note":"","_monsterinsights_sitenote_category":0,"jnews-multi-image_gallery":[],"jnews_single_post":[],"jnews_primary_category":[],"_joinchat":[],"footnotes":""},"categories":[1],"tags":[],"class_list":["post-1483","post","type-post","status-publish","format-standard","hentry","category-habitat"],"_links":{"self":[{"href":"http:\/\/fmriachuelo.it10.com.ar\/index.php\/wp-json\/wp\/v2\/posts\/1483","targetHints":{"allow":["GET"]}}],"collection":[{"href":"http:\/\/fmriachuelo.it10.com.ar\/index.php\/wp-json\/wp\/v2\/posts"}],"about":[{"href":"http:\/\/fmriachuelo.it10.com.ar\/index.php\/wp-json\/wp\/v2\/types\/post"}],"author":[{"embeddable":true,"href":"http:\/\/fmriachuelo.it10.com.ar\/index.php\/wp-json\/wp\/v2\/users\/4"}],"replies":[{"embeddable":true,"href":"http:\/\/fmriachuelo.it10.com.ar\/index.php\/wp-json\/wp\/v2\/comments?post=1483"}],"version-history":[{"count":0,"href":"http:\/\/fmriachuelo.it10.com.ar\/index.php\/wp-json\/wp\/v2\/posts\/1483\/revisions"}],"wp:attachment":[{"href":"http:\/\/fmriachuelo.it10.com.ar\/index.php\/wp-json\/wp\/v2\/media?parent=1483"}],"wp:term":[{"taxonomy":"category","embeddable":true,"href":"http:\/\/fmriachuelo.it10.com.ar\/index.php\/wp-json\/wp\/v2\/categories?post=1483"},{"taxonomy":"post_tag","embeddable":true,"href":"http:\/\/fmriachuelo.it10.com.ar\/index.php\/wp-json\/wp\/v2\/tags?post=1483"}],"curies":[{"name":"wp","href":"https:\/\/api.w.org\/{rel}","templated":true}]}}