{"id":14820,"date":"2022-03-23T21:40:16","date_gmt":"2022-03-23T21:40:16","guid":{"rendered":"http:\/\/fmriachuelo.com.ar\/?p=14820"},"modified":"2025-04-16T15:16:22","modified_gmt":"2025-04-16T18:16:22","slug":"el-legado-del-oso-cisneros-revolucion-y-trabajo-genuino","status":"publish","type":"post","link":"http:\/\/fmriachuelo.it10.com.ar\/index.php\/2022\/03\/23\/el-legado-del-oso-cisneros-revolucion-y-trabajo-genuino\/","title":{"rendered":"EL LEGADO DEL OSO CISNEROS: REVOLUCI\u00d3N Y TRABAJO GENUINO"},"content":{"rendered":"<p><b>[FM Riachuelo, 23\/3\/2022] El pueblo tiene la responsabilidad de recuperar el trabajo genuino. Esa es, entre tantas, una de las ense\u00f1anzas que dej\u00f3 Mart\u00edn Cisneros, El Oso, hist\u00f3rico compa\u00f1ero del Movimiento Popular Los Pibes que ayer fue homenajeado, en el d\u00eda de su natalicio, con un Plenario Nacional de toda la militancia del movimiento. Adem\u00e1s, no es sin motivo que la Federaci\u00f3n de Cooperativas de Trabajo, cuyo lanzamiento sigui\u00f3 a esta jornada, cargue con su nombre; se trata de un ejemplo, en el hacer, de la continuidad de su legado.<\/b><\/p>\n<p><span style=\"font-weight: 400\">Cada a\u00f1o el homenaje al Oso es distinto, por una sencilla pero profunda raz\u00f3n: cada a\u00f1o se reinterpreta, a partir del contexto pol\u00edtico, cu\u00e1l ser\u00eda el accionar de Mart\u00edn. Hoy se entiende que en la etapa actual del capitalismo, es necesario adoptar un pensamiento y un hacer revolucionarios.<\/span><\/p>\n<p><img loading=\"lazy\" decoding=\"async\" class=\" wp-image-14838 alignleft\" src=\"http:\/\/fmriachuelo.com.ar\/wp-content\/uploads\/2022\/03\/WhatsApp-Image-2022-03-22-at-10.40.50-300x169.jpeg\" alt=\"\" width=\"460\" height=\"259\" srcset=\"http:\/\/fmriachuelo.it10.com.ar\/wp-content\/uploads\/2022\/03\/WhatsApp-Image-2022-03-22-at-10.40.50-300x169.jpeg 300w, http:\/\/fmriachuelo.it10.com.ar\/wp-content\/uploads\/2022\/03\/WhatsApp-Image-2022-03-22-at-10.40.50-1024x576.jpeg 1024w, http:\/\/fmriachuelo.it10.com.ar\/wp-content\/uploads\/2022\/03\/WhatsApp-Image-2022-03-22-at-10.40.50-768x432.jpeg 768w, http:\/\/fmriachuelo.it10.com.ar\/wp-content\/uploads\/2022\/03\/WhatsApp-Image-2022-03-22-at-10.40.50-1536x864.jpeg 1536w, http:\/\/fmriachuelo.it10.com.ar\/wp-content\/uploads\/2022\/03\/WhatsApp-Image-2022-03-22-at-10.40.50-750x422.jpeg 750w, http:\/\/fmriachuelo.it10.com.ar\/wp-content\/uploads\/2022\/03\/WhatsApp-Image-2022-03-22-at-10.40.50-1140x641.jpeg 1140w, http:\/\/fmriachuelo.it10.com.ar\/wp-content\/uploads\/2022\/03\/WhatsApp-Image-2022-03-22-at-10.40.50.jpeg 1599w\" sizes=\"auto, (max-width: 460px) 100vw, 460px\" \/><\/p>\n<p><span style=\"font-weight: 400\">As\u00ed lo expres\u00f3 <\/span><b>Lito Borello<\/b><span style=\"font-weight: 400\">, coordinador nacional del <\/span><b>Movimiento Popular Los Pibes<\/b><span style=\"font-weight: 400\"> y secretario de Derechos Humanos de la <\/span><b>Uni\u00f3n de Trabajadores y Trabajadoras de la Econom\u00eda Popular (UTEP)<\/b><span style=\"font-weight: 400\">, en la apertura del plenario: \u201c<\/span><i><span style=\"font-weight: 400\">Francisco habla de pol\u00edticas del descarte. No hay ning\u00fan error, es la decisi\u00f3n de los poderosos de marchar a un modelo de dominaci\u00f3n profundamente injusto. Algunos de esos poderes globales hasta se animan a decir crudamente que sobra medio planeta. Marchan a un proceso de exterminio y aniquilamiento de nuestras sociedade<\/span><\/i><span style=\"font-weight: 400\">s\u201d, y a esto, agreg\u00f3: \u201c<\/span><i><span style=\"font-weight: 400\">a veces hay un progresismo medio pelo, urbano e intelectualizado, que parece que pelea determinadas reivindicaciones de \u00e9poca, y no dejan de ser solamente parches. Porque si no construimos un proceso revolucionario, una verdadera transformaci\u00f3n, otro mundo posible donde quepan todos los mundos, no hay destino para nuestras Patria<\/span><\/i><span style=\"font-weight: 400\">s\u201d. El trabajo es un eje fundamental para emprender esta responsabilidad.<\/span><\/p>\n<p><span style=\"font-weight: 400\"><img loading=\"lazy\" decoding=\"async\" class=\"wp-image-14825 alignright\" src=\"http:\/\/fmriachuelo.com.ar\/wp-content\/uploads\/2022\/03\/WhatsApp-Image-2022-03-23-at-6.19.14-PM-300x200.jpeg\" alt=\"\" width=\"413\" height=\"275\" srcset=\"http:\/\/fmriachuelo.it10.com.ar\/wp-content\/uploads\/2022\/03\/WhatsApp-Image-2022-03-23-at-6.19.14-PM-300x200.jpeg 300w, http:\/\/fmriachuelo.it10.com.ar\/wp-content\/uploads\/2022\/03\/WhatsApp-Image-2022-03-23-at-6.19.14-PM-1024x682.jpeg 1024w, http:\/\/fmriachuelo.it10.com.ar\/wp-content\/uploads\/2022\/03\/WhatsApp-Image-2022-03-23-at-6.19.14-PM-768x512.jpeg 768w, http:\/\/fmriachuelo.it10.com.ar\/wp-content\/uploads\/2022\/03\/WhatsApp-Image-2022-03-23-at-6.19.14-PM-750x500.jpeg 750w, http:\/\/fmriachuelo.it10.com.ar\/wp-content\/uploads\/2022\/03\/WhatsApp-Image-2022-03-23-at-6.19.14-PM-1140x760.jpeg 1140w, http:\/\/fmriachuelo.it10.com.ar\/wp-content\/uploads\/2022\/03\/WhatsApp-Image-2022-03-23-at-6.19.14-PM.jpeg 1280w\" sizes=\"auto, (max-width: 413px) 100vw, 413px\" \/><\/span><\/p>\n<p><span style=\"font-weight: 400\">Estuvo presente <\/span><b>Pablo Solana<\/b><span style=\"font-weight: 400\">, uno de los autores del libro <\/span><b>\u201c2001: No me arrepiento de este amor\u201d, que tiene un cap\u00edtulo dedicado al Oso titulado \u201cNo me extra\u00f1en\u201d<\/b><span style=\"font-weight: 400\">, haciendo alusi\u00f3n a su cotidiana manera de despedirse de sus compa\u00f1eros. Un detalle bastante simb\u00f3lico: siempre se dice que al Oso no se lo llora, y podr\u00eda agregarse que no se lo extra\u00f1a, porque se lo imita. Eso sucedi\u00f3 ayer. <\/span><\/p>\n<p><span style=\"font-weight: 400\">Pablo, por su parte, comparti\u00f3 una mirada muy atinada sobre lo que significa la figura del Oso: \u201c<\/span><i><span style=\"font-weight: 400\">Mart\u00edn, si bien tuvo su compromiso inobjetable con el proyecto pol\u00edtico de Los Pibes, es patrimonio de nuestro pueblo, es una figura que excede a la reivindicaci\u00f3n espec\u00edfica. Es un s\u00edmbolo incuestionable de la UTEP, por ejemplo, y creo que hay pocos emblemas de la organizaci\u00f3n del trabajo como la figura de Mart\u00edn<\/span><\/i><span style=\"font-weight: 400\">\u201d.<\/span><\/p>\n<p><span style=\"font-weight: 400\"><img loading=\"lazy\" decoding=\"async\" class=\" wp-image-14836 alignleft\" src=\"http:\/\/fmriachuelo.com.ar\/wp-content\/uploads\/2022\/03\/WhatsApp-Image-2022-03-23-at-20.05.42-300x201.jpeg\" alt=\"\" width=\"480\" height=\"321\" srcset=\"http:\/\/fmriachuelo.it10.com.ar\/wp-content\/uploads\/2022\/03\/WhatsApp-Image-2022-03-23-at-20.05.42-300x201.jpeg 300w, http:\/\/fmriachuelo.it10.com.ar\/wp-content\/uploads\/2022\/03\/WhatsApp-Image-2022-03-23-at-20.05.42-1024x685.jpeg 1024w, http:\/\/fmriachuelo.it10.com.ar\/wp-content\/uploads\/2022\/03\/WhatsApp-Image-2022-03-23-at-20.05.42-768x514.jpeg 768w, http:\/\/fmriachuelo.it10.com.ar\/wp-content\/uploads\/2022\/03\/WhatsApp-Image-2022-03-23-at-20.05.42-750x502.jpeg 750w, http:\/\/fmriachuelo.it10.com.ar\/wp-content\/uploads\/2022\/03\/WhatsApp-Image-2022-03-23-at-20.05.42-1140x762.jpeg 1140w, http:\/\/fmriachuelo.it10.com.ar\/wp-content\/uploads\/2022\/03\/WhatsApp-Image-2022-03-23-at-20.05.42.jpeg 1280w\" sizes=\"auto, (max-width: 480px) 100vw, 480px\" \/>As\u00ed dio inicio a una jornada de debate con el trabajo como eje principal, en la que participaron delegaciones del Movimiento Popular Los Pibes de distintas regiones del pa\u00eds: Puerto Iguaz\u00fa y Pozo Azul (Misiones); Tigre, Avellaneda, Lomas de Zamora y Punta Indio (Buenos Aires); Concordia y La Paz (Entre R\u00edos); La Boca (CABA); y El Mollar (Tucum\u00e1n). Luego se dio pie a la presentaci\u00f3n de la Federaci\u00f3n.\u00a0<\/span><\/p>\n<p><span style=\"font-weight: 400\">La <\/span><b>Federaci\u00f3n de Cooperativas de Trabajo Mart\u00edn Oso Cisneros<\/b><span style=\"font-weight: 400\"> es fundada, en principio, por doce cooperativas que trabajan en conjunto para fortalecer sus emprendimientos y continuar construyendo comunidad, con el trabajo como veh\u00edculo principal para esta tarea. Como toda conquista del campo popular, se trata de un camino que apenas empieza; est\u00e1 en la mira que m\u00e1s cooperativas se vayan sumando a esta articulaci\u00f3n.<\/span><\/p>\n<p><span style=\"font-weight: 400\">Fue inevitable que los trabajadores y las trabajadoras dieran inicio a la jornada con m\u00faltiples cantos enaltecen la memoria del Oso. \u201c<\/span><i><span style=\"font-weight: 400\">El Oso vive, El Oso est\u00e1. Entre nosotros, en la lucha popular<\/span><\/i><span style=\"font-weight: 400\">\u201d, era uno de ellos. Y es que as\u00ed suced\u00eda; m\u00e1s all\u00e1 de las formalidades legales, lo de ayer es parte de un importante proceso pol\u00edtico que se viene dando desde que las pol\u00edticas del descarte comenzaron a azotar a nuestro pueblo: <\/span><b>la generaci\u00f3n de trabajo a partir de la Econom\u00eda Popular<\/b><span style=\"font-weight: 400\">.<\/span><\/p>\n<p><img loading=\"lazy\" decoding=\"async\" class=\" wp-image-14839 alignright\" src=\"http:\/\/fmriachuelo.com.ar\/wp-content\/uploads\/2022\/03\/WhatsApp-Image-2022-03-23-at-18.19.11R-300x177.jpeg\" alt=\"\" width=\"535\" height=\"315\" srcset=\"http:\/\/fmriachuelo.it10.com.ar\/wp-content\/uploads\/2022\/03\/WhatsApp-Image-2022-03-23-at-18.19.11R-300x177.jpeg 300w, http:\/\/fmriachuelo.it10.com.ar\/wp-content\/uploads\/2022\/03\/WhatsApp-Image-2022-03-23-at-18.19.11R-768x454.jpeg 768w, http:\/\/fmriachuelo.it10.com.ar\/wp-content\/uploads\/2022\/03\/WhatsApp-Image-2022-03-23-at-18.19.11R-1140x674.jpeg 1140w, http:\/\/fmriachuelo.it10.com.ar\/wp-content\/uploads\/2022\/03\/WhatsApp-Image-2022-03-23-at-18.19.11R.jpeg 1280w\" sizes=\"auto, (max-width: 535px) 100vw, 535px\" \/><\/p>\n<p><span style=\"font-weight: 400\">Luego, se dio lugar a la presentaci\u00f3n de las cooperativas que integran la Federaci\u00f3n, y algunos de sus representantes expresaron el valor pol\u00edtico de que el pueblo se organice para construir estos espacios. \u201c<\/span><i><span style=\"font-weight: 400\">Entendemos que no hay otra forma, m\u00e1s que desde la Econom\u00eda Popular, de generar el laburo que no van a generar los capitalistas ni el Estado<\/span><\/i><span style=\"font-weight: 400\">\u201d,\u00a0 asegur\u00f3 <\/span><b>Luciano \u00c1lvarez<\/b><span style=\"font-weight: 400\">, representante de la <\/span><b>Cooperativa de Trabajo El Plumerillo<\/b><span style=\"font-weight: 400\"> (lista completa de intervenciones y cooperativas al final de la nota).<\/span><\/p>\n<p><b>Marta Ferraro,<\/b><span style=\"font-weight: 400\"> representante de la <\/span><b>Cooperativa de Trabajo de Inclusi\u00f3n Social Esther de Careaga<\/b><span style=\"font-weight: 400\">, continu\u00f3 con la presentaci\u00f3n reconociendo a <\/span><b>Emilio P\u00e9rsico<\/b><span style=\"font-weight: 400\">, secretario de <\/span><b>Econom\u00eda Social<\/b><span style=\"font-weight: 400\"> en el <\/span><b>Ministerio de Desarrollo Social de la Naci\u00f3n<\/b><span style=\"font-weight: 400\"> y referente del <\/span><b>Movimiento Evita<\/b><span style=\"font-weight: 400\">, presente en la jornada, por su labor de impulsar la creaci\u00f3n de cooperativas de trabajo desde los Movimientos Populares.<\/span><\/p>\n<p><span style=\"font-weight: 400\">Tambi\u00e9n <\/span><b>Daniela Quintana<\/b><span style=\"font-weight: 400\">, representante de la <\/span><b>Cooperativa Gr\u00e1fica Villa N\u00fa\u00f1ez<\/b><span style=\"font-weight: 400\">, tom\u00f3 la palabra y dio lugar a que expresaran su mirada tres j\u00f3venes de <\/span><b>Convocatoria Segunda Independencia<\/b><span style=\"font-weight: 400\">, organizaci\u00f3n de la que forma parte la cooperativa. La ronda concluy\u00f3 con <\/span><b>Juan Carlos S\u00e1nchez<\/b><span style=\"font-weight: 400\">, representante de la <\/span><b>Unidad Productiva Mart\u00edn Cisneros<\/b><span style=\"font-weight: 400\">, quien comparti\u00f3 su orgullo por formar parte de esta Federaci\u00f3n, y enfatiz\u00f3 en la necesidad de reconocernos como sujeto de transformaci\u00f3n y seguir luchando por \u201cun mundo donde quepan todos los mundos\u201d, al decir zapatista.<\/span><\/p>\n<p><img loading=\"lazy\" decoding=\"async\" class=\" wp-image-14824 alignleft\" src=\"http:\/\/fmriachuelo.com.ar\/wp-content\/uploads\/2022\/03\/WhatsApp-Image-2022-03-23-at-6.19.18-PM-300x169.jpeg\" alt=\"\" width=\"447\" height=\"252\" srcset=\"http:\/\/fmriachuelo.it10.com.ar\/wp-content\/uploads\/2022\/03\/WhatsApp-Image-2022-03-23-at-6.19.18-PM-300x169.jpeg 300w, http:\/\/fmriachuelo.it10.com.ar\/wp-content\/uploads\/2022\/03\/WhatsApp-Image-2022-03-23-at-6.19.18-PM-1024x576.jpeg 1024w, http:\/\/fmriachuelo.it10.com.ar\/wp-content\/uploads\/2022\/03\/WhatsApp-Image-2022-03-23-at-6.19.18-PM-768x432.jpeg 768w, http:\/\/fmriachuelo.it10.com.ar\/wp-content\/uploads\/2022\/03\/WhatsApp-Image-2022-03-23-at-6.19.18-PM-750x422.jpeg 750w, http:\/\/fmriachuelo.it10.com.ar\/wp-content\/uploads\/2022\/03\/WhatsApp-Image-2022-03-23-at-6.19.18-PM-1140x641.jpeg 1140w, http:\/\/fmriachuelo.it10.com.ar\/wp-content\/uploads\/2022\/03\/WhatsApp-Image-2022-03-23-at-6.19.18-PM.jpeg 1280w\" sizes=\"auto, (max-width: 447px) 100vw, 447px\" \/><\/p>\n<p><span style=\"font-weight: 400\">El valor de esta Federaci\u00f3n tambi\u00e9n fue resaltado por <\/span><b>\u00c1lex Roig<\/b><span style=\"font-weight: 400\">, presidente del <\/span><b>Instituto Nacional de Asociativismo y Econom\u00eda Social (INAES)<\/b><span style=\"font-weight: 400\">, debido a su potencial para sumar m\u00e1s de esa fuerza productiva que nace de la fuerza popular de las organizaciones sociales. El cierre oficial lo llevaron adelante Lito Borello y el propio P\u00e9rsico, a quien Borello dio el pie a recordar esos a\u00f1os de piquetes, que hoy se sienten en cada lucha dada en las calles.<\/span><\/p>\n<p><span style=\"font-weight: 400\">M\u00e1s tarde tomaron la palabra <\/span><b>Diego Marcus<\/b><span style=\"font-weight: 400\">, referente de <\/span><b>Organizaciones Libres del Pueblo (OLP)<\/b><span style=\"font-weight: 400\">; <\/span><b>Claudio Mora<\/b><span style=\"font-weight: 400\">, del <\/span><b>Movimiento Octubres<\/b><span style=\"font-weight: 400\">; <\/span><b>Mariano Pacheco<\/b><span style=\"font-weight: 400\">, director del <\/span><b>Centro de Formaci\u00f3n Pol\u00edtica Generosa Frattasi<\/b><span style=\"font-weight: 400\">; <\/span><b>Gildo Onorato<\/b><span style=\"font-weight: 400\">, secretario gremial de la UTEP; y<\/span><b> Dina S\u00e1nchez<\/b><span style=\"font-weight: 400\">, referente del <\/span><b>Frente Popular Dar\u00edo Santill\u00e1n<\/b><span style=\"font-weight: 400\"> y secretaria adjunta de la UTEP. De la actividad tambi\u00e9n participaron\u00a0<\/span><b>Jorge Calzoni<\/b><span style=\"font-weight: 400\">, rector de la <\/span><b>Universidad Nacional de Avellaneda (UNDAV); Carina Maloberti, <\/b>secretaria general de<b> ATE SENASA <\/b>y<b> <\/b>referente de<b> Convocatoria Segunda Independencia<\/b>; y<b> Norma Morales, <\/b>referente de<b> Somos Barrios de Pie.<\/b><\/p>\n<p><span style=\"font-weight: 400\"><img loading=\"lazy\" decoding=\"async\" class=\"wp-image-14822 alignright\" src=\"http:\/\/fmriachuelo.com.ar\/wp-content\/uploads\/2022\/03\/WhatsApp-Image-2022-03-23-at-6.19.16-PM-2-300x200.jpeg\" alt=\"\" width=\"401\" height=\"267\" srcset=\"http:\/\/fmriachuelo.it10.com.ar\/wp-content\/uploads\/2022\/03\/WhatsApp-Image-2022-03-23-at-6.19.16-PM-2-300x200.jpeg 300w, http:\/\/fmriachuelo.it10.com.ar\/wp-content\/uploads\/2022\/03\/WhatsApp-Image-2022-03-23-at-6.19.16-PM-2-1024x682.jpeg 1024w, http:\/\/fmriachuelo.it10.com.ar\/wp-content\/uploads\/2022\/03\/WhatsApp-Image-2022-03-23-at-6.19.16-PM-2-768x512.jpeg 768w, http:\/\/fmriachuelo.it10.com.ar\/wp-content\/uploads\/2022\/03\/WhatsApp-Image-2022-03-23-at-6.19.16-PM-2-750x500.jpeg 750w, http:\/\/fmriachuelo.it10.com.ar\/wp-content\/uploads\/2022\/03\/WhatsApp-Image-2022-03-23-at-6.19.16-PM-2-1140x760.jpeg 1140w, http:\/\/fmriachuelo.it10.com.ar\/wp-content\/uploads\/2022\/03\/WhatsApp-Image-2022-03-23-at-6.19.16-PM-2.jpeg 1280w\" sizes=\"auto, (max-width: 401px) 100vw, 401px\" \/><\/span><\/p>\n<p><span style=\"font-weight: 400\">El secretario general de la UTEP, <\/span><b>Esteban \u201cGringo\u201d Castro<\/b><span style=\"font-weight: 400\">, no pudo estar presente, pero envi\u00f3 su saludo para que sea escuchado durante la jornada. No perdi\u00f3 oportunidad de referirse a la potencialidad de la Econom\u00eda Popular: \u201c<\/span><i><span style=\"font-weight: 400\">pone un eje central en el compartir, y es un proyecto econ\u00f3mico, pol\u00edtico y social distinto al que nos proponen los de globalizaci\u00f3n neoliberal que son proyectos de muerte, de individualismo y de no compartir absolutamente nada. Mientras nuestro pueblo hace esto, hay una negaci\u00f3n sistem\u00e1tica de algunos sectores de la pol\u00edtica sobre esto que hacemos, al mismo tiempo nosotros mismos no le damos el valor que hay que darle (&#8230;) El Oso es un ejemplo que vive en nosotros de c\u00f3mo se da esa pelea<\/span><\/i><span style=\"font-weight: 400\">\u201d.<\/span><\/p>\n<p><span style=\"font-weight: 400\">Se hizo llegar tambi\u00e9n el saludo de <\/span><b>Juan Grabois<\/b><span style=\"font-weight: 400\">, referente del <\/span><b>Frente Patria Grande<\/b><span style=\"font-weight: 400\">. Desde el resto de la regi\u00f3n latinoamericana, lleg\u00f3 el saludo de <\/span><b>Fernando Valdivia<\/b><span style=\"font-weight: 400\">, militante del <\/span><b>Movimiento Guevarista de Bolivia<\/b><span style=\"font-weight: 400\">, y <\/span><b>Juan Contreras<\/b><span style=\"font-weight: 400\">, referente de la <\/span><b>Coordinadora Sim\u00f3n Bol\u00edvar del Barrio 23 de Enero de Caracas, Venezuela.<\/b><\/p>\n<p><span style=\"font-weight: 400\">Otra ense\u00f1anza que nos dej\u00f3 el Oso, casi una profec\u00eda, nos llega a trav\u00e9s de una frase que repet\u00eda: \u201c<\/span><i><span style=\"font-weight: 400\">Van a ver que alg\u00fan d\u00eda nos van a venir a preguntar c\u00f3mo se gobierna<\/span><\/i><span style=\"font-weight: 400\">\u201d. En un contexto en el que el capitalismo ya no genera empleo ni para explotar a los trabajadores, el pueblo se organiza en las barriadas e inventa su propio trabajo a trav\u00e9s de la Econom\u00eda Popular, que no es para el \u201cmientras tanto\u201d, sino que es un proyecto de pa\u00eds. \u00bfQu\u00e9 hacen entonces los Movimientos Populares, si no es estar inventando una nueva forma de gobierno popular?<\/span><\/p>\n<p><span style=\"font-weight: 400\">As\u00ed, la Federaci\u00f3n de Cooperativas de Trabajo Mart\u00edn Oso Cisneros qued\u00f3 integrada por las siguientes unidades productivas: Cooperativa de Trabajo Unidad Productiva Martin Cisneros; Cooperativa de Trabajo Riachuelo Producciones; Cooperativa de Trabajo El Plumerillo; Cooperativa de Trabajo de Inclusi\u00f3n Social Esther de Careaga; Cooperativa de Trabajo Barrios Productores; Cooperativa de Trabajo Fray Luis Beltr\u00e1n; Cooperativa de Trabajo 17 de Diciembre; Cooperativa de Pesca Artesanal La Boya; Cooperativa de Comercializaci\u00f3n e Intercambio La Pacha; Cooperativa Gr\u00e1fica Villa N\u00fa\u00f1ez; Cooperativa de Trabajo Madres Sembrando Conciencia; Cooperativa de Trabajo La Morera. La lucha cotidiana nos mostrar\u00e1 qu\u00e9 otras experiencias se ir\u00e1n sumando.<\/span><\/p>\n<p><img loading=\"lazy\" decoding=\"async\" class=\" wp-image-14823 aligncenter\" src=\"http:\/\/fmriachuelo.com.ar\/wp-content\/uploads\/2022\/03\/WhatsApp-Image-2022-03-23-at-6.19.17-PM-300x200.jpeg\" alt=\"\" width=\"539\" height=\"359\" srcset=\"http:\/\/fmriachuelo.it10.com.ar\/wp-content\/uploads\/2022\/03\/WhatsApp-Image-2022-03-23-at-6.19.17-PM-300x200.jpeg 300w, http:\/\/fmriachuelo.it10.com.ar\/wp-content\/uploads\/2022\/03\/WhatsApp-Image-2022-03-23-at-6.19.17-PM-1024x682.jpeg 1024w, http:\/\/fmriachuelo.it10.com.ar\/wp-content\/uploads\/2022\/03\/WhatsApp-Image-2022-03-23-at-6.19.17-PM-768x512.jpeg 768w, http:\/\/fmriachuelo.it10.com.ar\/wp-content\/uploads\/2022\/03\/WhatsApp-Image-2022-03-23-at-6.19.17-PM-750x500.jpeg 750w, http:\/\/fmriachuelo.it10.com.ar\/wp-content\/uploads\/2022\/03\/WhatsApp-Image-2022-03-23-at-6.19.17-PM-1140x760.jpeg 1140w, http:\/\/fmriachuelo.it10.com.ar\/wp-content\/uploads\/2022\/03\/WhatsApp-Image-2022-03-23-at-6.19.17-PM.jpeg 1280w\" sizes=\"auto, (max-width: 539px) 100vw, 539px\" \/><\/p>\n<p><strong>Testimonios y saludos:<\/strong><\/p>\n<p><a href=\"https:\/\/soundcloud.com\/prensa-fm-riachuelo\/sets\/23-03-2022-testimonios-y-saludos-en-el-lanzamineto-de-la-fct-oso-cisneros?utm_source=clipboard&amp;utm_medium=text&amp;utm_campaign=social_sharing\"><span style=\"font-weight: 400\">https:\/\/soundcloud.com\/prensa-fm-riachuelo\/sets\/23-03-2022-testimonios-y-saludos-en-el-lanzamineto-de-la-fct-oso-cisneros?utm_source=clipboard&amp;utm_medium=text&amp;utm_campaign=social_sharing<\/span><\/a><\/p>\n","protected":false},"excerpt":{"rendered":"<p>[FM Riachuelo, 23\/3\/2022] El pueblo tiene la responsabilidad de recuperar el trabajo genuino. Esa es, entre tantas, una de las ense\u00f1anzas que dej\u00f3 Mart\u00edn Cisneros, El Oso, hist\u00f3rico compa\u00f1ero del Movimiento Popular Los Pibes que ayer fue homenajeado, en el d\u00eda de su natalicio, con un Plenario Nacional de toda la militancia del movimiento. Adem\u00e1s, [&hellip;]<\/p>\n","protected":false},"author":5,"featured_media":14821,"comment_status":"closed","ping_status":"closed","sticky":false,"template":"","format":"standard","meta":{"_monsterinsights_skip_tracking":false,"_monsterinsights_sitenote_active":false,"_monsterinsights_sitenote_note":"","_monsterinsights_sitenote_category":0,"jnews-multi-image_gallery":[],"jnews_single_post":{"format":"standard"},"jnews_primary_category":[],"_joinchat":[],"footnotes":""},"categories":[59],"tags":[64,72,148],"class_list":["post-14820","post","type-post","status-publish","format-standard","has-post-thumbnail","hentry","category-informe-riachuelo","tag-economia-popular","tag-historia-de-la-lucha-de-los-pueblos","tag-trabajo"],"_links":{"self":[{"href":"http:\/\/fmriachuelo.it10.com.ar\/index.php\/wp-json\/wp\/v2\/posts\/14820","targetHints":{"allow":["GET"]}}],"collection":[{"href":"http:\/\/fmriachuelo.it10.com.ar\/index.php\/wp-json\/wp\/v2\/posts"}],"about":[{"href":"http:\/\/fmriachuelo.it10.com.ar\/index.php\/wp-json\/wp\/v2\/types\/post"}],"author":[{"embeddable":true,"href":"http:\/\/fmriachuelo.it10.com.ar\/index.php\/wp-json\/wp\/v2\/users\/5"}],"replies":[{"embeddable":true,"href":"http:\/\/fmriachuelo.it10.com.ar\/index.php\/wp-json\/wp\/v2\/comments?post=14820"}],"version-history":[{"count":1,"href":"http:\/\/fmriachuelo.it10.com.ar\/index.php\/wp-json\/wp\/v2\/posts\/14820\/revisions"}],"predecessor-version":[{"id":22294,"href":"http:\/\/fmriachuelo.it10.com.ar\/index.php\/wp-json\/wp\/v2\/posts\/14820\/revisions\/22294"}],"wp:featuredmedia":[{"embeddable":true,"href":"http:\/\/fmriachuelo.it10.com.ar\/index.php\/wp-json\/wp\/v2\/media\/14821"}],"wp:attachment":[{"href":"http:\/\/fmriachuelo.it10.com.ar\/index.php\/wp-json\/wp\/v2\/media?parent=14820"}],"wp:term":[{"taxonomy":"category","embeddable":true,"href":"http:\/\/fmriachuelo.it10.com.ar\/index.php\/wp-json\/wp\/v2\/categories?post=14820"},{"taxonomy":"post_tag","embeddable":true,"href":"http:\/\/fmriachuelo.it10.com.ar\/index.php\/wp-json\/wp\/v2\/tags?post=14820"}],"curies":[{"name":"wp","href":"https:\/\/api.w.org\/{rel}","templated":true}]}}