{"id":1482,"date":"2016-02-13T15:52:00","date_gmt":"2016-02-13T15:52:00","guid":{"rendered":"http:\/\/fmriachuelo.observatorioess.org.ar\/index.php\/2016\/02\/13\/intento-de-asesinato-contra-un-companero-del-m-p-la-dinidad\/"},"modified":"2016-02-13T15:52:00","modified_gmt":"2016-02-13T15:52:00","slug":"intento-de-asesinato-contra-un-companero-del-m-p-la-dinidad","status":"publish","type":"post","link":"http:\/\/fmriachuelo.it10.com.ar\/index.php\/2016\/02\/13\/intento-de-asesinato-contra-un-companero-del-m-p-la-dinidad\/","title":{"rendered":"INTENTO DE ASESINATO CONTRA UN COMPA\u00d1ERO DEL M.P. LA DINIDAD"},"content":{"rendered":"<p><b style=\"font-family: Verdana, sans-serif\"><span style=\"color: red;font-size: large\">EN PELIGRO&nbsp;<\/span><\/b><\/p>\n<div style=\"text-align: justify\"><span style=\"font-family: Verdana, sans-serif\"><b>[FMR 13\/02\/16] Nuestra solidaridad y rechazo al atentado contra el compa\u00f1ero del M.T.La Dignidad por parte de los personeros del gobierno de los empresarios.<\/b><\/span><\/div>\n<div style=\"text-align: justify\"><span style=\"font-family: Verdana, sans-serif\"><b><br \/><\/b><\/span><\/div>\n<p><span style=\"font-family: Verdana, sans-serif\"><b><\/b><\/span><\/p>\n<div style=\"clear: both;text-align: center\"><\/div>\n<div style=\"clear: both;text-align: center\"><\/div>\n<p><\/p>\n<div style=\"clear: both;text-align: center\"><a href=\"https:\/\/4.bp.blogspot.com\/-gGUxAIqMhaU\/Vr9PaYg29SI\/AAAAAAAAH4s\/RKboiqYm2cc\/s1600\/LA%2BDIGNIDAD.jpg\" style=\"clear: left;float: left;margin-bottom: 1em;margin-right: 1em\"><img decoding=\"async\" border=\"0\" src=\"https:\/\/4.bp.blogspot.com\/-gGUxAIqMhaU\/Vr9PaYg29SI\/AAAAAAAAH4s\/RKboiqYm2cc\/s1600\/LA%2BDIGNIDAD.jpg\" \/><\/a><\/div>\n<div style=\"text-align: justify\"><span style=\"font-family: Verdana, sans-serif\">Difundimos comunicado:<\/span><\/div>\n<div style=\"background-color: white;color: #141823;font-family: helvetica, arial, sans-serif;font-size: 14px;line-height: 17.5636px;margin-bottom: 6px;text-align: justify\">Desde la Confluencia Movimiento Popular La Dignidad Tupaj Katari OPSA queremos denunciar que nuestro compa\u00f1ero Dar\u00edo Juli\u00e1n (Iki para los compas) fue v\u00edctima de un intento de homicidio a las nueve de la noche del viernes 12 de febrero, durante una asamblea que se desarrollaba en Villa Celina, partido de La Matanza. Un puntero del PRO, ligado al Instituto de la Vivienda de la Ciudad (IVC) y que responde a Ivan Kerr y a Emilio Basabilvaso, luego de interrumpir la asamblea con gritos y amenazas dici\u00e9ndole a nuestro compa\u00f1ero que se deje de joder con las tierras del barrio Vicente Lopez y Planes, le dispar\u00f3 un tiro en el pecho que pone en peligro la vida del compa\u00f1ero. Iki, junto a lxs vecinxs, hab\u00edan logrado frenar un negociado millonario de especulaci\u00f3n inmobiliaria sobre unos terrenos que pertenecen al barrio y que hab\u00edan sido ilegalmente cedidos por el IVC a una sociedad de fomento. Esta red mafiosa y criminal tiene como integrantes a estos dos funcionarios, a diferentes punteros y a efectivos de la comisaria N\u00b011 de Villa Celina. Estos \u00faltimos hab\u00edan amenazado a lxs vecinxs que se organizan para luchar por las tierras que les corresponden, dici\u00e9ndoles que \u201ccuando cambie el gobierno se las vamos a dar\u201d. A pesar de estas amenazas, nuestrxs compa\u00f1erxs continuaron denunciando las amenazas y avanzaron con organizaci\u00f3n popular para impedir uno de los tantos hechos delictivos que lleva a cabo el IVC. Entendemos que este no es un hecho aislado sino que se enmarca en un contexto m\u00e1s general de avanzada represiva, persecuci\u00f3n y criminalizaci\u00f3n de la protesta. Hoy la vida de Iki est\u00e1 en peligro y el accionar de estas redes mafiosas es una amenaza para todo el campo popular. Por todo esto, denunciamos que no vamos a descansar hasta que lxs responsables est\u00e9n tras las rejas.<\/div>\n<div style=\"background-color: white;color: #141823;font-family: helvetica, arial, sans-serif;font-size: 14px;line-height: 17.5636px;margin-bottom: 6px;margin-top: 6px\"><\/div>\n<div style=\"text-align: justify\"><span style=\"line-height: 17.5636px\">PATRIA O MUERTE<\/span><\/div>\n<div style=\"text-align: justify\"><span style=\"line-height: 17.5636px\">VENCEREMOS<\/span><\/div>\n<div style=\"text-align: justify\"><span style=\"line-height: 17.5636px\">MP LA DIGNIDAD TUPAJ KATARI OPSA<\/span><\/div>\n<div style=\"text-align: justify\"><span style=\"line-height: 17.5636px\"><br \/><\/span><\/div>\n<div style=\"text-align: justify\"><span style=\"line-height: 17.5636px;text-align: start\">Contactos de Prensa<\/span><br style=\"line-height: 17.5636px;text-align: start\" \/><span style=\"line-height: 17.5636px;text-align: start\">Carlos Perro Santillan 0388 4977602 \/ Rafael 1551830629 \/ Christian 1535447465<\/span><\/div>\n","protected":false},"excerpt":{"rendered":"<p>EN PELIGRO&nbsp; [FMR 13\/02\/16] Nuestra solidaridad y rechazo al atentado contra el compa\u00f1ero del M.T.La Dignidad por parte de los personeros del gobierno de los empresarios. Difundimos comunicado: Desde la Confluencia Movimiento Popular La Dignidad Tupaj Katari OPSA queremos denunciar que nuestro compa\u00f1ero Dar\u00edo Juli\u00e1n (Iki para los compas) fue v\u00edctima de un intento de [&hellip;]<\/p>\n","protected":false},"author":4,"featured_media":0,"comment_status":"open","ping_status":"open","sticky":false,"template":"","format":"standard","meta":{"_monsterinsights_skip_tracking":false,"_monsterinsights_sitenote_active":false,"_monsterinsights_sitenote_note":"","_monsterinsights_sitenote_category":0,"jnews-multi-image_gallery":[],"jnews_single_post":[],"jnews_primary_category":[],"_joinchat":[],"footnotes":""},"categories":[1],"tags":[],"class_list":["post-1482","post","type-post","status-publish","format-standard","hentry","category-habitat"],"_links":{"self":[{"href":"http:\/\/fmriachuelo.it10.com.ar\/index.php\/wp-json\/wp\/v2\/posts\/1482","targetHints":{"allow":["GET"]}}],"collection":[{"href":"http:\/\/fmriachuelo.it10.com.ar\/index.php\/wp-json\/wp\/v2\/posts"}],"about":[{"href":"http:\/\/fmriachuelo.it10.com.ar\/index.php\/wp-json\/wp\/v2\/types\/post"}],"author":[{"embeddable":true,"href":"http:\/\/fmriachuelo.it10.com.ar\/index.php\/wp-json\/wp\/v2\/users\/4"}],"replies":[{"embeddable":true,"href":"http:\/\/fmriachuelo.it10.com.ar\/index.php\/wp-json\/wp\/v2\/comments?post=1482"}],"version-history":[{"count":0,"href":"http:\/\/fmriachuelo.it10.com.ar\/index.php\/wp-json\/wp\/v2\/posts\/1482\/revisions"}],"wp:attachment":[{"href":"http:\/\/fmriachuelo.it10.com.ar\/index.php\/wp-json\/wp\/v2\/media?parent=1482"}],"wp:term":[{"taxonomy":"category","embeddable":true,"href":"http:\/\/fmriachuelo.it10.com.ar\/index.php\/wp-json\/wp\/v2\/categories?post=1482"},{"taxonomy":"post_tag","embeddable":true,"href":"http:\/\/fmriachuelo.it10.com.ar\/index.php\/wp-json\/wp\/v2\/tags?post=1482"}],"curies":[{"name":"wp","href":"https:\/\/api.w.org\/{rel}","templated":true}]}}