{"id":1480,"date":"2016-02-16T12:04:00","date_gmt":"2016-02-16T12:04:00","guid":{"rendered":"http:\/\/fmriachuelo.observatorioess.org.ar\/index.php\/2016\/02\/16\/miercoles-17-de-febrero-jornada-nacional-de-protesta\/"},"modified":"2016-02-16T12:04:00","modified_gmt":"2016-02-16T12:04:00","slug":"miercoles-17-de-febrero-jornada-nacional-de-protesta","status":"publish","type":"post","link":"http:\/\/fmriachuelo.it10.com.ar\/index.php\/2016\/02\/16\/miercoles-17-de-febrero-jornada-nacional-de-protesta\/","title":{"rendered":"MIERCOLES 17 DE FEBRERO JORNADA NACIONAL DE PROTESTA"},"content":{"rendered":"<p><span style=\"color: red;font-family: Verdana, sans-serif;font-size: large\"><b>POR LA LIBERACI\u00d3N DE MILAGRO SALA<\/b><\/span><br \/><span style=\"font-family: Verdana, sans-serif\">ORGANIZACIONES EN LA CALLE: CONTRA LA CRIMINALIZACI\u00d3N DE LA PROTESTA SOCIAL, CONTRA LOS DESPIDOS, &nbsp;EL AJUSTE, EN DEFENSA DE LA ECONOM\u00cdA POPULAR<\/span><\/p>\n<div style=\"clear: both;text-align: center\"><a href=\"https:\/\/4.bp.blogspot.com\/-QjbqOB4Dc84\/VsMO0ZCQ7BI\/AAAAAAAAH5E\/nss0avEWVVQ\/s1600\/PIQUETITO.jpg\" style=\"margin-left: 1em;margin-right: 1em\"><img decoding=\"async\" border=\"0\" src=\"https:\/\/4.bp.blogspot.com\/-QjbqOB4Dc84\/VsMO0ZCQ7BI\/AAAAAAAAH5E\/nss0avEWVVQ\/s1600\/PIQUETITO.jpg\" \/><\/a><\/div>\n<p><span style=\"font-family: Verdana, sans-serif\">VOLVEMOS A MARCHAR PARA EXIGIR LA LIBERTAD DE MILAGRO SALA<\/p>\n<div style=\"text-align: justify\">Desde la Confederaci\u00f3n de Trabajadores de la Econom\u00eda Popular, CTEP, anunciamos que el pr\u00f3ximo 17 de Febrero desde las 10 hs nos manifestaremos en distintos puntos del pa\u00eds para exigir la liberaci\u00f3n de la compa\u00f1era dirigente de la organizaci\u00f3n Tupac Amaru, Milagro Sala.<\/div>\n<p><\/span><span style=\"font-family: Verdana, sans-serif;text-align: justify\">Difundimos comunicado:<\/span><\/p>\n<div style=\"text-align: justify\"><span style=\"font-family: Verdana, sans-serif\">EL MI\u00c9RCOLES MAS DE 40 ORGANIZACIONES PARTICIPAR\u00c1N DE LA JORNADA NACIONAL DE LUCHA POR LA LIBERACI\u00d3N DE MILAGRO SALA<\/span><\/div>\n<div style=\"text-align: justify\"><\/div>\n<div style=\"text-align: justify\"><span style=\"font-family: Verdana, sans-serif\">El pr\u00f3ximo mi\u00e9rcoles 17 de febrero, a partir de las 10 de la ma\u00f1ana m\u00e1s de 40 organizaciones sociales, gremiales y pol\u00edticas participar\u00e1n de la jornada nacional de lucha por la liberaci\u00f3n de Milagro Sala. Se cortar\u00e1n todos los accesos a la capital federal. Ese d\u00eda, sobre el Puente Pueyrredon, a las 12 horas se realizar\u00e1 una conferencia de prensa y una celebraci\u00f3n ecum\u00e9nica.<\/span><\/div>\n<div style=\"text-align: justify\"><span style=\"font-family: Verdana, sans-serif\">Convocan:&nbsp;<\/span><\/div>\n<div style=\"text-align: justify\"><span style=\"font-family: Verdana, sans-serif\">Tupac Amaru, CTA de los Trabajadores, La C\u00e1mpora, Federaci\u00f3n Tierra y Vivienda &#8211; Miles, Movimiento Evita, CTEP, CTD Anibal Ver\u00f3n, Movimiento Nacional Campesino Ind\u00edgena, Partido Comunista, MTL, Frente Transversal, ATE Capital, Proyecto Comunidad Per\u00f3n Vive, Peronismo Militante, Kolina, Encuentro Nacional Latinoamericano, Partido Solidaridad Mas Igualdad, Quebracho, Radio Gr\u00e1fica, Movimiento Trabajadores Excluidos, Movimiento Estudiantil por la Liberaci\u00f3n, Partido Humanista, Agrupaci\u00f3n Nacional Nunca Menos, Peronismo 26 de Julio; Corriente Peronista Descamisados; Movimiento Peronista de Liberaci\u00f3n Hugo Ch\u00e1vez, MUP; Tendencia Piquetera Revolucionaria, Organizaci\u00f3n Social y Pol\u00edtica El Hormiguero, Izquierda Latinoamericana Independiente, Corriente Pol\u00edtica 17 de Agosto, Envar El Kari &#8211; Peronismo de Base, SUTAP (portuarios), Uni\u00f3n Obrera Ladrillera; La Boca Resiste y Propone, Movimiento Cultural Cine Wilde, Organizaci\u00f3n Social y Pol\u00edtica Los Pibes, Casa Ecum\u00e9nica Popular, Cristianos Comprometidos con el Pueblo y Comisi\u00f3n Pol\u00edtica de la Iglesia Dimensi\u00f3n de Fe son algunas de las organizaciones ya confirmadas.<\/span><\/div>\n<div style=\"text-align: justify\"><span style=\"color: blue;font-family: Verdana, sans-serif\">CTEP Argentina\/Foto Fm Riachuelo<\/span><\/div>\n","protected":false},"excerpt":{"rendered":"<p>POR LA LIBERACI\u00d3N DE MILAGRO SALAORGANIZACIONES EN LA CALLE: CONTRA LA CRIMINALIZACI\u00d3N DE LA PROTESTA SOCIAL, CONTRA LOS DESPIDOS, &nbsp;EL AJUSTE, EN DEFENSA DE LA ECONOM\u00cdA POPULAR VOLVEMOS A MARCHAR PARA EXIGIR LA LIBERTAD DE MILAGRO SALA Desde la Confederaci\u00f3n de Trabajadores de la Econom\u00eda Popular, CTEP, anunciamos que el pr\u00f3ximo 17 de Febrero desde [&hellip;]<\/p>\n","protected":false},"author":4,"featured_media":0,"comment_status":"open","ping_status":"open","sticky":false,"template":"","format":"standard","meta":{"_monsterinsights_skip_tracking":false,"_monsterinsights_sitenote_active":false,"_monsterinsights_sitenote_note":"","_monsterinsights_sitenote_category":0,"jnews-multi-image_gallery":[],"jnews_single_post":[],"jnews_primary_category":[],"_joinchat":[],"footnotes":""},"categories":[1],"tags":[],"class_list":["post-1480","post","type-post","status-publish","format-standard","hentry","category-habitat"],"_links":{"self":[{"href":"http:\/\/fmriachuelo.it10.com.ar\/index.php\/wp-json\/wp\/v2\/posts\/1480","targetHints":{"allow":["GET"]}}],"collection":[{"href":"http:\/\/fmriachuelo.it10.com.ar\/index.php\/wp-json\/wp\/v2\/posts"}],"about":[{"href":"http:\/\/fmriachuelo.it10.com.ar\/index.php\/wp-json\/wp\/v2\/types\/post"}],"author":[{"embeddable":true,"href":"http:\/\/fmriachuelo.it10.com.ar\/index.php\/wp-json\/wp\/v2\/users\/4"}],"replies":[{"embeddable":true,"href":"http:\/\/fmriachuelo.it10.com.ar\/index.php\/wp-json\/wp\/v2\/comments?post=1480"}],"version-history":[{"count":0,"href":"http:\/\/fmriachuelo.it10.com.ar\/index.php\/wp-json\/wp\/v2\/posts\/1480\/revisions"}],"wp:attachment":[{"href":"http:\/\/fmriachuelo.it10.com.ar\/index.php\/wp-json\/wp\/v2\/media?parent=1480"}],"wp:term":[{"taxonomy":"category","embeddable":true,"href":"http:\/\/fmriachuelo.it10.com.ar\/index.php\/wp-json\/wp\/v2\/categories?post=1480"},{"taxonomy":"post_tag","embeddable":true,"href":"http:\/\/fmriachuelo.it10.com.ar\/index.php\/wp-json\/wp\/v2\/tags?post=1480"}],"curies":[{"name":"wp","href":"https:\/\/api.w.org\/{rel}","templated":true}]}}