{"id":1479,"date":"2016-02-17T02:47:00","date_gmt":"2016-02-17T02:47:00","guid":{"rendered":"http:\/\/fmriachuelo.observatorioess.org.ar\/index.php\/2016\/02\/17\/fidel-castro-luchar-por-la-paz-un-deber-sagrado\/"},"modified":"2016-02-17T02:47:00","modified_gmt":"2016-02-17T02:47:00","slug":"fidel-castro-luchar-por-la-paz-un-deber-sagrado","status":"publish","type":"post","link":"http:\/\/fmriachuelo.it10.com.ar\/index.php\/2016\/02\/17\/fidel-castro-luchar-por-la-paz-un-deber-sagrado\/","title":{"rendered":"FIDEL CASTRO: LUCHAR POR LA PAZ UN DEBER SAGRADO"},"content":{"rendered":"<p><span style=\"color: red;font-family: Verdana, sans-serif;font-size: large\"><b>HIST\u00d3RICO ENCUENTRO EN LA HABANA<\/b><\/span><\/p>\n<div style=\"clear: both;text-align: center\"><a href=\"https:\/\/3.bp.blogspot.com\/-s5kntaLpEIs\/VsPecT7BtYI\/AAAAAAAAH5g\/i5PeEyJbfxI\/s1600\/Papa-Kirill-Cuba-declaracion03.jpg\" style=\"margin-left: 1em;margin-right: 1em\"><img loading=\"lazy\" decoding=\"async\" border=\"0\" height=\"135\" src=\"https:\/\/3.bp.blogspot.com\/-s5kntaLpEIs\/VsPecT7BtYI\/AAAAAAAAH5g\/i5PeEyJbfxI\/s200\/Papa-Kirill-Cuba-declaracion03.jpg\" width=\"200\" \/><\/a><\/div>\n<p><span style=\"font-family: Verdana, sans-serif\"><\/p>\n<div style=\"text-align: justify\"><\/div>\n<div style=\"clear: both;text-align: center\"><a href=\"https:\/\/2.bp.blogspot.com\/-aLr14CZdAsg\/VsPetvUC5fI\/AAAAAAAAH5k\/5LaFeKtzuEI\/s1600\/fidel%2Bc.jpg\" style=\"clear: left;float: left;margin-bottom: 1em;margin-right: 1em\"><img loading=\"lazy\" decoding=\"async\" border=\"0\" height=\"101\" src=\"https:\/\/2.bp.blogspot.com\/-aLr14CZdAsg\/VsPetvUC5fI\/AAAAAAAAH5k\/5LaFeKtzuEI\/s200\/fidel%2Bc.jpg\" width=\"200\" \/><\/a><\/div>\n<div style=\"text-align: justify\">Tristemente, casi todas las religiones han tenido que lamentar el hecho destructor de las guerras y sus terribles consecuencias. A esas tareas han tenido que dedicar las mayores energ\u00edas. La singular importancia del encuentro entre el Papa Francisco y Su Santidad Kirill, en La Habana, es que ha suscitado la esperanza de los pueblos del mundo.<\/div>\n<div style=\"text-align: justify\"><\/div>\n<div style=\"text-align: justify\">La paz ha sido el sue\u00f1o dorado de la humanidad y anhelo de los pueblos en cada momento de la historia. Miles de armas nucleares penden sobre las cabezas de la humanidad. Impedir la m\u00e1s brutal de las guerras que puede desatarse, ha sido sin duda el objetivo fundamental del esfuerzo de los l\u00edderes religiosos de las iglesias dirigidas por hombres como el Papa Francisco, Sumo Pont\u00edfice de la Iglesia Cat\u00f3lica y Su Santidad Kirill, Patriarca de Mosc\u00fa y de Toda Rusia.<\/div>\n<div style=\"text-align: justify\"><\/div>\n<div style=\"text-align: justify\">Luchar por la paz es el deber m\u00e1s sagrado de todos los seres humanos, cualesquiera que sean sus religiones o pa\u00eds de nacimiento, el color de su piel, su edad adulta o su juventud.<\/div>\n<div style=\"text-align: justify\"><\/div>\n<div style=\"text-align: justify\">Fidel Castro 15 de Febrero del 2016<\/div>\n<p><\/span><\/p>\n","protected":false},"excerpt":{"rendered":"<p>HIST\u00d3RICO ENCUENTRO EN LA HABANA Tristemente, casi todas las religiones han tenido que lamentar el hecho destructor de las guerras y sus terribles consecuencias. A esas tareas han tenido que dedicar las mayores energ\u00edas. La singular importancia del encuentro entre el Papa Francisco y Su Santidad Kirill, en La Habana, es que ha suscitado la [&hellip;]<\/p>\n","protected":false},"author":4,"featured_media":0,"comment_status":"open","ping_status":"open","sticky":false,"template":"","format":"standard","meta":{"_monsterinsights_skip_tracking":false,"_monsterinsights_sitenote_active":false,"_monsterinsights_sitenote_note":"","_monsterinsights_sitenote_category":0,"jnews-multi-image_gallery":[],"jnews_single_post":[],"jnews_primary_category":[],"_joinchat":[],"footnotes":""},"categories":[1],"tags":[],"class_list":["post-1479","post","type-post","status-publish","format-standard","hentry","category-habitat"],"_links":{"self":[{"href":"http:\/\/fmriachuelo.it10.com.ar\/index.php\/wp-json\/wp\/v2\/posts\/1479","targetHints":{"allow":["GET"]}}],"collection":[{"href":"http:\/\/fmriachuelo.it10.com.ar\/index.php\/wp-json\/wp\/v2\/posts"}],"about":[{"href":"http:\/\/fmriachuelo.it10.com.ar\/index.php\/wp-json\/wp\/v2\/types\/post"}],"author":[{"embeddable":true,"href":"http:\/\/fmriachuelo.it10.com.ar\/index.php\/wp-json\/wp\/v2\/users\/4"}],"replies":[{"embeddable":true,"href":"http:\/\/fmriachuelo.it10.com.ar\/index.php\/wp-json\/wp\/v2\/comments?post=1479"}],"version-history":[{"count":0,"href":"http:\/\/fmriachuelo.it10.com.ar\/index.php\/wp-json\/wp\/v2\/posts\/1479\/revisions"}],"wp:attachment":[{"href":"http:\/\/fmriachuelo.it10.com.ar\/index.php\/wp-json\/wp\/v2\/media?parent=1479"}],"wp:term":[{"taxonomy":"category","embeddable":true,"href":"http:\/\/fmriachuelo.it10.com.ar\/index.php\/wp-json\/wp\/v2\/categories?post=1479"},{"taxonomy":"post_tag","embeddable":true,"href":"http:\/\/fmriachuelo.it10.com.ar\/index.php\/wp-json\/wp\/v2\/tags?post=1479"}],"curies":[{"name":"wp","href":"https:\/\/api.w.org\/{rel}","templated":true}]}}