{"id":1478,"date":"2016-02-17T20:12:00","date_gmt":"2016-02-17T20:12:00","guid":{"rendered":"http:\/\/fmriachuelo.observatorioess.org.ar\/index.php\/2016\/02\/17\/2a-jornada-nacional-de-lucha-contra-la-criminalizacion-de-la-protesta-social\/"},"modified":"2016-02-17T20:12:00","modified_gmt":"2016-02-17T20:12:00","slug":"2a-jornada-nacional-de-lucha-contra-la-criminalizacion-de-la-protesta-social","status":"publish","type":"post","link":"http:\/\/fmriachuelo.it10.com.ar\/index.php\/2016\/02\/17\/2a-jornada-nacional-de-lucha-contra-la-criminalizacion-de-la-protesta-social\/","title":{"rendered":"2\u00aa JORNADA NACIONAL DE LUCHA CONTRA LA CRIMINALIZACI\u00d2N DE LA PROTESTA SOCIAL"},"content":{"rendered":"<div style=\"margin-bottom: 0.0001pt;text-align: left\"><b style=\"font-family: verdana,sans-serif;font-size: large\"><\/b><\/div>\n<div style=\"margin-bottom: 0.0001pt;text-align: left\"><span style=\"font-size: large\"><b style=\"color: red;font-family: Verdana,sans-serif;line-height: 14.95px\">CORTE EN EL PUENTE NICOLAS AVELLANEDA<\/b><\/span><\/div>\n<div style=\"margin-bottom: 0.0001pt;text-align: left\"><span style=\"font-size: small\"><b style=\"font-family: verdana,sans-serif\">UNIDAD, ORGANIZACI\u00d3N Y LUCHA EN LOS BARRIOS<\/b><\/span><br \/><span style=\"font-size: small\"><b style=\"font-family: verdana,sans-serif\"><br \/><\/b><\/span><\/p>\n<div>\n<div style=\"margin-bottom: 0.0001pt;padding: 0px\"><span><span style=\"line-height: 14.95px\">Desde la&nbsp;<span style=\"color: red\"><b>FM Riachuelo<\/b><\/span>&nbsp;te invitamos a escuchar las intervenciones y <a href=\"https:\/\/www.youtube.com\/watch?v=baSbEjuBMjA\">MIRAR EL INFORME DE FM RIACHUELO TV<\/a>:<\/span><\/span><\/div>\n<div style=\"margin-bottom: 0.0001pt;padding: 0px\"><span><span style=\"line-height: 14.95px\"><br \/><\/span><\/span><\/div>\n<p><span><b><a href=\"http:\/\/www.mediafire.com\/listen\/ydvsq60663xfz3c\/02-17-2016_-_ADOLFO_BARJA%2C_SUTAP_-_SE_CRUZO_UNA_LINEA_Y_EL_MOV_OBRERO_TIENE_QUE_DEFINIRSE.mp3\" rel=\"nofollow noopener\" style=\"color: #196ad4;margin: 0px;padding: 0px\" target=\"_blank\">ADOLFO BARJA &#8211; SUTAP<\/a><\/b><\/span><\/div>\n<div><span><b><a href=\"http:\/\/www.mediafire.com\/listen\/9cr8cfpgg77zq4z\/02-17-2016_-_LITO_BORELLO%2C_OSYP_LOS_PIBES_-_ESTE_ES_EL_GOBIERNO_DE_LA_MINORIA.mp3\" rel=\"nofollow noopener\" style=\"color: #196ad4;margin: 0px;padding: 0px\" target=\"_blank\">LITO BORELLO &#8211; OSYP LOS PIBES<\/a><\/b><\/span><\/div>\n<div><span><b><a href=\"http:\/\/www.mediafire.com\/listen\/ubikzziwcf911uu\/02-17-2016_-_NATALIA_QUINTO%2C_LA_BOCA_RESISTE_Y_PROPONE_-_SALGAMOS_A_RECLAMAR_LO_QUE_ES_NUESTRO.mp3\" rel=\"nofollow noopener\" style=\"color: #196ad4;margin: 0px;padding: 0px\" target=\"_blank\">NATALIA QUINTO &#8211; LA BOCA RESISTE Y PROPONE<\/a><\/b><\/span><\/div>\n<div><span><b><a href=\"http:\/\/www.mediafire.com\/listen\/htx4cbzaldxmcze\/02-17-2016_-_SERGIO_SANCHEZ%2C_MTE_-_HOY_ESTAMOS_EN_PIE_DE_LUCHA.mp3\" rel=\"nofollow noopener\" style=\"color: #196ad4;margin: 0px;padding: 0px\" target=\"_blank\">SERGIO SANCHEZ &#8211; MTE<\/a><\/b><\/span><\/div>\n<div><span><b><a href=\"http:\/\/www.mediafire.com\/listen\/3e4z6bnibio1rnk\/02-17-2016_-_MATIAS_SCINICA%2C_BOCA_ES_PUEBLO_-_LAS_BALAS_QUE_NOS_TIRAN_Y_LOS_PRESOS_QUE_NOS_PONEN_ES_POR_ALGO.mp3\" rel=\"nofollow noopener\" style=\"color: #196ad4;margin: 0px;padding: 0px\" target=\"_blank\">MATIAS SCINICA &#8211; BOCA ES PUEBLO<\/a><\/b><\/span><\/div>\n<p><b style=\"font-family: verdana, sans-serif;text-align: center\"><a href=\"http:\/\/www.mediafire.com\/listen\/9v06kxzenxh5gn4\/02-17-2016_-_GUILLERMO_VARELA%2C_AGRUP_ENVAR_EL_KADRI_-_SOBRE_LA_JORNADA_DE_LUCHA_DEL_24-2.mp3\" rel=\"nofollow noopener\" style=\"color: #196ad4;margin: 0px;padding: 0px\" target=\"_blank\">GUILLERMO VARELA &#8211; AGRUPACION ENVAR EL KADRI<\/a><\/b><\/p>\n<div><span><br \/><\/span><\/div>\n<p><\/div>\n<div style=\"text-align: justify\"><a href=\"https:\/\/3.bp.blogspot.com\/-8fU0ZyoGot4\/VsTQTwuellI\/AAAAAAAAH6I\/6nScIsv60Xs\/s1600\/JOS3D%252BdzR.jpg\" style=\"clear: left;float: left;margin-bottom: 1em;margin-right: 1em\"><img loading=\"lazy\" decoding=\"async\" border=\"0\" height=\"224\" src=\"https:\/\/3.bp.blogspot.com\/-8fU0ZyoGot4\/VsTQTwuellI\/AAAAAAAAH6I\/6nScIsv60Xs\/s320\/JOS3D%252BdzR.jpg\" width=\"320\" \/><\/a><b style=\"font-family: verdana,sans-serif\">[FMR mi\u00e9rcoles 17\/02\/2016] <\/b><b><span><span>Con 200 cortes simult\u00e1neos en todo el pa\u00eds s<\/span>e realiz\u00f3 la Segunda  Jornada Nacional de Lucha \u00abcontra la Criminalizaci\u00f3n de la Protesta Social\u00bb, <\/span><span><span>lo que produjo que quedaran bloqueados los accesos a la Ciudad de Buenos Aires. <\/span>El Puente Nicol\u00e1s Avellaneda form\u00f3 parte del plan de lucha nacional, donde se dieron cita numerosas organizaciones sociales, culturales y sindicales del barrio de la Boca y de la localidad de Avellaneda y Dock Sud, as\u00ed como vecinos de ambas m\u00e1rgenes del Riachuelo, en un hecho que retoma los s\u00edmbolos y las banderas de la unidad, la organizaci\u00f3n y la lucha que se construye y crece desde los barrios humildes. <\/span><\/b><\/div>\n<p><a name='more'><\/a><\/p>\n<div style=\"margin-bottom: 0.0001pt;text-align: justify\"><b><span><\/span><\/b><\/div>\n<div style=\"margin-bottom: 0.0001pt;text-align: justify\"><a href=\"https:\/\/4.bp.blogspot.com\/-kbmLZjrmc_c\/VsTPA1XoN9I\/AAAAAAAAH6A\/q8ggmfeIR9I\/s1600\/jIF1SuRFR.jpg\" style=\"clear: right;float: right;margin-bottom: 1em;margin-left: 1em\"><img loading=\"lazy\" decoding=\"async\" border=\"0\" height=\"200\" src=\"https:\/\/4.bp.blogspot.com\/-kbmLZjrmc_c\/VsTPA1XoN9I\/AAAAAAAAH6A\/q8ggmfeIR9I\/s320\/jIF1SuRFR.jpg\" width=\"320\" \/><\/a><span>Desde las 10 de la ma\u00f1ana los vecinos y organizaciones se concentraron en \u201clas 5 esquinas\u201d del barrio de la Boca y desde all\u00ed marcharon hacia el Puente detr\u00e1s de la consigna <b>\u201cTierra, Techo y Trabajo\u201d<\/b>. <\/span><\/div>\n<div style=\"text-align: justify\"><span>   <\/span><\/div>\n<div style=\"margin-bottom: 0.0001pt;text-align: justify\"><span><br \/><\/span><\/div>\n<div style=\"margin-bottom: 0.0001pt;text-align: justify\"><span>Estuvieron presentes: Organizaci\u00f3n Boca es Pueblo, ATE Vialidad, Agrupaci\u00f3n Envar El Kadri, Peronismo de Base, SUTAP, Agrupaci\u00f3n La Boca Resiste y Propone, Movimiento de Trabajadores Excluidos (MTE), CTEP, COVILPI, Paseo de la Econom\u00eda Popular Martin \u00abOso\u00bb Cisneros, FM Riachuelo, Espacio cultural El Patio, Organizaci\u00f3n Social y Pol\u00ectica Los Pibes, Agrupaci\u00f3n de Frente y vecinos de Avellaneda, Dock Sud y La Boca.<\/span><\/div>\n<div style=\"margin-bottom: 0.0001pt;text-align: justify\"><\/div>\n<div style=\"margin-bottom: 0.0001pt;text-align: justify\"><span><\/span><\/div>\n<div style=\"margin-bottom: 0.0001pt;text-align: justify\"><span><\/span><\/div>\n<div style=\"margin-bottom: 0.0001pt;text-align: justify\"><span><\/span><\/div>\n<div style=\"margin-bottom: 0.0001pt;text-align: justify\"><span>\u200bComo acto de cierre se realiz\u00f3 una numerosa asamblea en donde tomaron la palabra los referentes de las organizaciones presentes que compartieron sus reflexiones con el p\u00fablico presente.&nbsp;<\/span><span>En las intervenciones moderadas por Luciano Alvarez, del Paseo de la Econom\u00eda Popular Mart\u00edn Oso Cisneros, el tema de la unidad de las organizaciones fue de los m\u00e1s destacados. En ese sentido se pronunci\u00f3 Mat\u00edas Scinica de Boca es Pueblo: \u00abclaramente la unidad del campo popular va a hacer que podamos triunfar, tener a los compa\u00f1eros libres y la felicidad que el Pueblo argentino se merece\u00bb. Tambi\u00e9n sobre el deaf\u00edo de la unidad agreg\u00f3 Natalia Quinto, de La Boca Resiste y Propone: \u00abtenemos que entender que nuestro enemigo tiene banca y que si no nos juntamos como hacen ellos no vamos a poder salir adelante\u00bb.<\/span><br \/><span><br \/><\/span><\/p>\n<div style=\"background-color: white;font-family: 'Helvetica Neue', 'Segoe UI', Helvetica, Arial, 'Lucida Grande', sans-serif;margin-bottom: 0.0001pt;padding: 0px;text-align: left\"><a href=\"https:\/\/1.bp.blogspot.com\/-SkxTt8hGvig\/VsTSLEKh4EI\/AAAAAAAAH6Y\/7vBa2AFMpeg\/s1600\/cKjueOjO.jpg\" style=\"clear: left;float: left;margin-bottom: 1em;margin-right: 1em\"><img loading=\"lazy\" decoding=\"async\" border=\"0\" height=\"240\" src=\"https:\/\/1.bp.blogspot.com\/-SkxTt8hGvig\/VsTSLEKh4EI\/AAAAAAAAH6Y\/7vBa2AFMpeg\/s320\/cKjueOjO.jpg\" width=\"320\" \/><\/a><span>En la asamblea de cierre del Puente Avellaneda tambi\u00e9n se expres\u00f3 con contundencia el debate sobre el rol del movimiento obrero y los trabajadores en un contexto social que, a partir de los despidos, los tiene como fuertes afectados de las pol\u00edticas macristas. Adolfo Barja, del SUTAP presente en el puente, trajo el tema con crudeza: \u00abes momento de llamar a las cosas por su nombre: el movimiento obrero tiene que empezar a discutir cuando echan a los compa\u00f1eros y tambi\u00e9n cuando ponen presas a las compa\u00f1eras. Todos somos Milagro Sala, y todos somos despedidos\u00bb. En este contexto, Guillermo Varela de la Envar El Kadri y trabajador vial del Puente Nicol\u00e1s Avellaneda invit\u00f3 a participar de la jornada de lucha por los despidos del 24 de febrero: \u00abse est\u00e1 armando un gran bloque para el paro y movilizaci\u00f3n del 24, y les pedimos a todos que concurran porque creemos que va a ser un gran quiebre en la lucha\u00bb.<\/span><\/div>\n<div style=\"background-color: white;font-family: 'Helvetica Neue', 'Segoe UI', Helvetica, Arial, 'Lucida Grande', sans-serif;margin-bottom: 0.0001pt;padding: 0px;text-align: left\"><span><br \/><\/span><\/div>\n<div style=\"background-color: white;font-family: 'Helvetica Neue', 'Segoe UI', Helvetica, Arial, 'Lucida Grande', sans-serif;margin-bottom: 0.0001pt;padding: 0px;text-align: left\"><span>De la mano del Movimiento de Trabajadores Excluidos, que forma parte de la CTEP, los trabajadores de la Econom\u00eda Popular tambi\u00e9n activa participaci\u00f3n en el corte del Avellaneda. Sergio Sanchez explic\u00f3 la participaci\u00f3n de este sector tambi\u00e9n afectado por las pol\u00edticas de Macri: \u00abHoy todos los movimientos sociales est\u00e1n en pie de lucha. Los cortes en todo el pa\u00eds son la prueba. No s\u00f3lo se lucha por la libertad de Milagro Sala sino por la lucha de los trabajadores, de los que no tienen tierra y de los que no tienen techo\u00bb.<\/span><\/div>\n<div style=\"background-color: white;font-family: 'Helvetica Neue', 'Segoe UI', Helvetica, Arial, 'Lucida Grande', sans-serif;margin-bottom: 0.0001pt;padding: 0px;text-align: left\"><span><br \/><\/span><\/div>\n<div style=\"text-align: left\"><span><span style=\"background-color: white;text-align: center\">Lito Borello, de la Organizaci\u00f3n Social y Pol\u00edtica Los Pibes se hizo cargo del cierre con una contundente caracterizacion del macrismo: \u00abesta lucha es una antorcha para todas las luchas que comenzaron desde el primer d\u00eda que asumi\u00f3 Macri. Este es el gobierno de la minor\u00eda, de la oligarqu\u00eda, es el gobierno de los pocos para hambrear a los muchos\u00bb.<\/span><\/span><br \/><span><br \/><\/span><span><b>MIR\u00c1 EL INFORME DE FM RIACHUELO TV:<\/b><\/span><br \/><span>&nbsp;&nbsp;<\/span><\/div>\n<\/div>\n<div style=\"margin-bottom: 0.0001pt;text-align: justify\"><span><br \/><\/span><\/div>\n<div style=\"margin-bottom: 0.0001pt;text-align: justify\"><span><\/span><\/div>\n<div style=\"text-align: justify\"><span> <\/span><\/div>\n<div style=\"margin-bottom: 0.0001pt;text-align: justify\"><span><\/span><\/div>\n<div style=\"margin-bottom: 0.0001pt;text-align: justify\">\n<div style=\"clear: both;text-align: center\"><\/div>\n<p><\/div>\n<div style=\"text-align: justify\"><span><span style=\"line-height: 14.95px\"><br \/><\/span><\/span><\/div>\n","protected":false},"excerpt":{"rendered":"<p>CORTE EN EL PUENTE NICOLAS AVELLANEDA UNIDAD, ORGANIZACI\u00d3N Y LUCHA EN LOS BARRIOS Desde la&nbsp;FM Riachuelo&nbsp;te invitamos a escuchar las intervenciones y MIRAR EL INFORME DE FM RIACHUELO TV: ADOLFO BARJA &#8211; SUTAP LITO BORELLO &#8211; OSYP LOS PIBES NATALIA QUINTO &#8211; LA BOCA RESISTE Y PROPONE SERGIO SANCHEZ &#8211; MTE MATIAS SCINICA &#8211; BOCA [&hellip;]<\/p>\n","protected":false},"author":4,"featured_media":0,"comment_status":"open","ping_status":"open","sticky":false,"template":"","format":"standard","meta":{"_monsterinsights_skip_tracking":false,"_monsterinsights_sitenote_active":false,"_monsterinsights_sitenote_note":"","_monsterinsights_sitenote_category":0,"jnews-multi-image_gallery":[],"jnews_single_post":[],"jnews_primary_category":[],"_joinchat":[],"footnotes":""},"categories":[1],"tags":[],"class_list":["post-1478","post","type-post","status-publish","format-standard","hentry","category-habitat"],"_links":{"self":[{"href":"http:\/\/fmriachuelo.it10.com.ar\/index.php\/wp-json\/wp\/v2\/posts\/1478","targetHints":{"allow":["GET"]}}],"collection":[{"href":"http:\/\/fmriachuelo.it10.com.ar\/index.php\/wp-json\/wp\/v2\/posts"}],"about":[{"href":"http:\/\/fmriachuelo.it10.com.ar\/index.php\/wp-json\/wp\/v2\/types\/post"}],"author":[{"embeddable":true,"href":"http:\/\/fmriachuelo.it10.com.ar\/index.php\/wp-json\/wp\/v2\/users\/4"}],"replies":[{"embeddable":true,"href":"http:\/\/fmriachuelo.it10.com.ar\/index.php\/wp-json\/wp\/v2\/comments?post=1478"}],"version-history":[{"count":0,"href":"http:\/\/fmriachuelo.it10.com.ar\/index.php\/wp-json\/wp\/v2\/posts\/1478\/revisions"}],"wp:attachment":[{"href":"http:\/\/fmriachuelo.it10.com.ar\/index.php\/wp-json\/wp\/v2\/media?parent=1478"}],"wp:term":[{"taxonomy":"category","embeddable":true,"href":"http:\/\/fmriachuelo.it10.com.ar\/index.php\/wp-json\/wp\/v2\/categories?post=1478"},{"taxonomy":"post_tag","embeddable":true,"href":"http:\/\/fmriachuelo.it10.com.ar\/index.php\/wp-json\/wp\/v2\/tags?post=1478"}],"curies":[{"name":"wp","href":"https:\/\/api.w.org\/{rel}","templated":true}]}}