{"id":1477,"date":"2016-02-18T15:10:00","date_gmt":"2016-02-18T15:10:00","guid":{"rendered":"http:\/\/fmriachuelo.observatorioess.org.ar\/index.php\/2016\/02\/18\/nuevo-protocolo-de-inseguridad\/"},"modified":"2016-02-18T15:10:00","modified_gmt":"2016-02-18T15:10:00","slug":"nuevo-protocolo-de-inseguridad","status":"publish","type":"post","link":"http:\/\/fmriachuelo.it10.com.ar\/index.php\/2016\/02\/18\/nuevo-protocolo-de-inseguridad\/","title":{"rendered":"NUEVO PROTOCOLO DE INSEGURIDAD"},"content":{"rendered":"<p><span style=\"color: red;font-family: Verdana, sans-serif;font-size: large\"><b>AS\u00cd TE VAN A REPRIMIR<\/b><\/span><br \/><span style=\"color: red;font-family: Verdana, sans-serif;font-size: large\"><b><br \/><\/b><\/span><\/p>\n<div style=\"clear: both;text-align: center\"><a href=\"https:\/\/2.bp.blogspot.com\/--GtuzqtCwnE\/VsXebgXmdOI\/AAAAAAAAH6w\/Jw8FOxu_eQ4\/s1600\/represioncrestarojafacunivolo-630x350.jpg\" style=\"clear: left;float: left;margin-bottom: 1em;margin-right: 1em\"><img loading=\"lazy\" decoding=\"async\" border=\"0\" height=\"177\" src=\"https:\/\/2.bp.blogspot.com\/--GtuzqtCwnE\/VsXebgXmdOI\/AAAAAAAAH6w\/Jw8FOxu_eQ4\/s320\/represioncrestarojafacunivolo-630x350.jpg\" width=\"320\" \/><\/a><\/div>\n<p><span style=\"font-family: Verdana, sans-serif\"><\/p>\n<div style=\"text-align: justify\">[Cosecha Roja]La libertad de un individuo o grupo termina donde comienza la del otro. As\u00ed justifica el ministerio de Seguridad la actuaci\u00f3n de la Polic\u00eda Federal, Gendarmer\u00eda y Prefectura en cualquier manifestaci\u00f3n en la v\u00eda p\u00fablica y por una causa com\u00fan. Ante un corte de calle, ruta o autopista, los agentes deber\u00e1n decir frases cortas y claras, no reaccionar a provocaciones e intentar negociar. Si nada de eso funciona para intervenir y disolver la protesta, los pasos que siguen son aislar e identificar a los \u201cviolentos\u201d, secuestrar elementos contundentes y tomas las \u201cmedidas necesarias\u201d para prevenir delitos. El uso de la fuerza responder\u00e1 a protocolos dictados por las propias fuerzas y ellas mismas decidir\u00e1n c\u00f3mo aplicarla.<\/div>\n<div style=\"text-align: justify\"><\/div>\n<div style=\"text-align: justify\">Los pasos para reprimir son parte del Protocolo de actuaci\u00f3n de las Fuerzas de Seguridad en manifestaciones p\u00fablicas, presentado hoy por la ministra de Seguridad, Patricia Bullrich, en la reuni\u00f3n del Consejo de Seguridad Interior en Bariloche, R\u00edo Negro. \u201cEl gobierno del presidente Mauricio Macri no quiere que, durante los pr\u00f3ximos cuatro a\u00f1os, las calles sigan siendo un lugar diario y permanente de problemas\u201d, dijo. En el acto tambi\u00e9n estuvieron presentes el secretario de Seguridad Interior, Gerardo Milman, el de Seguridad, Eugenio Burzaco, y representantes de todas las provincias y fuerzas.<\/div>\n<div style=\"text-align: justify\"><\/div>\n<div style=\"text-align: justify\"><span style=\"color: blue\">http:\/\/cosecharoja.org\/asi-te-van-a-reprimir\/<\/span><\/div>\n<p><\/span><\/p>\n","protected":false},"excerpt":{"rendered":"<p>AS\u00cd TE VAN A REPRIMIR [Cosecha Roja]La libertad de un individuo o grupo termina donde comienza la del otro. As\u00ed justifica el ministerio de Seguridad la actuaci\u00f3n de la Polic\u00eda Federal, Gendarmer\u00eda y Prefectura en cualquier manifestaci\u00f3n en la v\u00eda p\u00fablica y por una causa com\u00fan. Ante un corte de calle, ruta o autopista, los [&hellip;]<\/p>\n","protected":false},"author":4,"featured_media":0,"comment_status":"open","ping_status":"open","sticky":false,"template":"","format":"standard","meta":{"_monsterinsights_skip_tracking":false,"_monsterinsights_sitenote_active":false,"_monsterinsights_sitenote_note":"","_monsterinsights_sitenote_category":0,"jnews-multi-image_gallery":[],"jnews_single_post":[],"jnews_primary_category":[],"_joinchat":[],"footnotes":""},"categories":[1],"tags":[],"class_list":["post-1477","post","type-post","status-publish","format-standard","hentry","category-habitat"],"_links":{"self":[{"href":"http:\/\/fmriachuelo.it10.com.ar\/index.php\/wp-json\/wp\/v2\/posts\/1477","targetHints":{"allow":["GET"]}}],"collection":[{"href":"http:\/\/fmriachuelo.it10.com.ar\/index.php\/wp-json\/wp\/v2\/posts"}],"about":[{"href":"http:\/\/fmriachuelo.it10.com.ar\/index.php\/wp-json\/wp\/v2\/types\/post"}],"author":[{"embeddable":true,"href":"http:\/\/fmriachuelo.it10.com.ar\/index.php\/wp-json\/wp\/v2\/users\/4"}],"replies":[{"embeddable":true,"href":"http:\/\/fmriachuelo.it10.com.ar\/index.php\/wp-json\/wp\/v2\/comments?post=1477"}],"version-history":[{"count":0,"href":"http:\/\/fmriachuelo.it10.com.ar\/index.php\/wp-json\/wp\/v2\/posts\/1477\/revisions"}],"wp:attachment":[{"href":"http:\/\/fmriachuelo.it10.com.ar\/index.php\/wp-json\/wp\/v2\/media?parent=1477"}],"wp:term":[{"taxonomy":"category","embeddable":true,"href":"http:\/\/fmriachuelo.it10.com.ar\/index.php\/wp-json\/wp\/v2\/categories?post=1477"},{"taxonomy":"post_tag","embeddable":true,"href":"http:\/\/fmriachuelo.it10.com.ar\/index.php\/wp-json\/wp\/v2\/tags?post=1477"}],"curies":[{"name":"wp","href":"https:\/\/api.w.org\/{rel}","templated":true}]}}