{"id":14768,"date":"2022-03-09T23:35:58","date_gmt":"2022-03-09T23:35:58","guid":{"rendered":"http:\/\/fmriachuelo.com.ar\/?p=14768"},"modified":"2025-04-16T15:25:31","modified_gmt":"2025-04-16T18:25:31","slug":"8m-unidad-de-todas-las-trabajadoras","status":"publish","type":"post","link":"http:\/\/fmriachuelo.it10.com.ar\/index.php\/2022\/03\/09\/8m-unidad-de-todas-las-trabajadoras\/","title":{"rendered":"8M: UNIDAD DE TODAS LAS TRABAJADORAS"},"content":{"rendered":"<p><span style=\"font-weight: 400\"><b>[FM Riachuelo, 9\/3\/2022]\u00a0<\/b><strong>Este 8 de Marzo, las calles volvieron a ser el lugar de encuentro de miles de mujeres que salieron para conmemorar el D\u00eda Internacional de la Mujer Trabajadora.<\/strong><\/span><\/p>\n<p><span style=\"font-weight: 400\">La FM Riachuelo estuvo presente participando de diversas actividades que le dieron color y fuerza, en todo el pa\u00eds, a un movimiento que empuja por la construcci\u00f3n de otro mundo. Desde la Feria de la Econom\u00eda Popular en el barrio de la Boca hasta la movilizaci\u00f3n que march\u00f3 desde la Av. 9 de Julio hasta el Congreso de la Naci\u00f3n, pasando por actividades similares que se replicaron en todo el pa\u00eds y que conocimos a trav\u00e9s de la tarea de los corresponsales populares de nuestra emisora.<\/span><\/p>\n<p><img loading=\"lazy\" decoding=\"async\" class=\"wp-image-14777 aligncenter\" src=\"http:\/\/fmriachuelo.com.ar\/wp-content\/uploads\/2022\/03\/Sin-t\u00edtulo-3-300x137.jpg\" alt=\"\" width=\"436\" height=\"199\" \/><\/p>\n<p><span style=\"font-weight: 400\">En horas de la tarde, sobre la Av. de Mayo nos sumamos a la columna organizada por la Uni\u00f3n de Trabajadoras y Trabajadores de la Econom\u00eda Popular (UTEP), en la que se abrazaban las compa\u00f1eras de lucha que cada d\u00eda sostienen las tareas de cuidado y construcci\u00f3n de comunidad en los barrios populares, cuyo reconocimiento es una de las principales demandas como trabajadoras de la econom\u00eda popular.<\/span><\/p>\n<p><span style=\"font-weight: 400\">En este sentido, M\u00f3nica P\u00e9rez del Movimiento Popular Los Pibes e integrante de la FM Riachuelo expres\u00f3: <\/span><b><i>\u201cPara nosotras que venimos de las barriadas, nuestras compa\u00f1eras son nuestro gran pilar que, ante este sistema que nos quiere oprimidas, nos brindan la oportunidad de ser dignas, de construir nuestro propio trabajo, nuestro futuro, organizadas, en comunidad, entendiendo que no somos el \u00faltimo orej\u00f3n del tarro, que somos mucho m\u00e1s que eso.\u201d<\/i><\/b><\/p>\n<p><span style=\"font-weight: 400\">En el camino hacia la plaza del Congreso, encontramos tambi\u00e9n a las compa\u00f1eras del Sindicato de Prensa de Buenos Aires (SiPreBA), del que tambi\u00e9n somos parte como trabajadoras de la comunicaci\u00f3n popular, ya que desde hace un tiempo el sindicato conform\u00f3 la Secretar\u00eda de Medios Autogestivos poniendo en valor el trabajo que se realiza desde los medios comunitarios y populares. <\/span><span style=\"font-weight: 400\">Martina Noailles, titular de esa secretar\u00eda, se\u00f1al\u00f3 en ese sentido que<\/span><b><i> \u201cen los medios comunitarios somos m\u00e1s mujeres que varones, eso demuestra que somos las que resistimos, las que estamos precarizadas tambi\u00e9n y las que damos la pelea por una agenda que<\/i><\/b><b><i>\u00a0tenga en cuenta a las luchas feministas, a las luchas en los barrios, a los comedores, a las mujeres que est\u00e1n bancando la crisis y todo lo que est\u00e1 pasando en el pa\u00eds desde hace varios a\u00f1os\u201d.<\/i><\/b><\/p>\n<p>&nbsp;<\/p>\n<p><img loading=\"lazy\" decoding=\"async\" class=\" wp-image-14776 aligncenter\" src=\"http:\/\/fmriachuelo.com.ar\/wp-content\/uploads\/2022\/03\/WhatsApp-Image-2022-03-09-at-8.08-300x169.jpg\" alt=\"\" width=\"476\" height=\"268\" srcset=\"http:\/\/fmriachuelo.it10.com.ar\/wp-content\/uploads\/2022\/03\/WhatsApp-Image-2022-03-09-at-8.08-300x169.jpg 300w, http:\/\/fmriachuelo.it10.com.ar\/wp-content\/uploads\/2022\/03\/WhatsApp-Image-2022-03-09-at-8.08-1024x576.jpg 1024w, http:\/\/fmriachuelo.it10.com.ar\/wp-content\/uploads\/2022\/03\/WhatsApp-Image-2022-03-09-at-8.08-768x432.jpg 768w, http:\/\/fmriachuelo.it10.com.ar\/wp-content\/uploads\/2022\/03\/WhatsApp-Image-2022-03-09-at-8.08-1536x864.jpg 1536w, http:\/\/fmriachuelo.it10.com.ar\/wp-content\/uploads\/2022\/03\/WhatsApp-Image-2022-03-09-at-8.08-750x422.jpg 750w, http:\/\/fmriachuelo.it10.com.ar\/wp-content\/uploads\/2022\/03\/WhatsApp-Image-2022-03-09-at-8.08-1140x641.jpg 1140w, http:\/\/fmriachuelo.it10.com.ar\/wp-content\/uploads\/2022\/03\/WhatsApp-Image-2022-03-09-at-8.08.jpg 1600w\" sizes=\"auto, (max-width: 476px) 100vw, 476px\" \/><\/p>\n<p><span style=\"font-weight: 400\">Por su parte, Carla Gaudensi, Secretaria General de FATPREN (Federaci\u00f3n Argentina de Trabajadores de Prensa) se\u00f1al\u00f3 los desaf\u00edos que tenemos hacia adelante: <\/span><b><i>\u201cTenemos que seguir organizadas, luchar porque en los medios haya equidad y perspectiva de g\u00e9nero y es importante que estemos todas las compa\u00f1eras trabajadoras que estamos en los medios cooperativos, populares, alternativos, en los privados y en los medios p\u00fablicos\u201d.<\/i><\/b><\/p>\n<p><span style=\"font-weight: 400\">Para finalizar la jornada, volvimos al barrio de La Boca para disfrutar del cierre de la feria de\u00a0 la Econom\u00eda Popular en la plaza Sol\u00eds, con ritmo de cumbia y al calor de la unidad que se construye cada d\u00eda en las comunidades y barrios populares de nuestro pa\u00eds.<\/span><\/p>\n","protected":false},"excerpt":{"rendered":"<p>[FM Riachuelo, 9\/3\/2022]\u00a0Este 8 de Marzo, las calles volvieron a ser el lugar de encuentro de miles de mujeres que salieron para conmemorar el D\u00eda Internacional de la Mujer Trabajadora. La FM Riachuelo estuvo presente participando de diversas actividades que le dieron color y fuerza, en todo el pa\u00eds, a un movimiento que empuja por [&hellip;]<\/p>\n","protected":false},"author":5,"featured_media":14774,"comment_status":"closed","ping_status":"closed","sticky":false,"template":"","format":"standard","meta":{"_monsterinsights_skip_tracking":false,"_monsterinsights_sitenote_active":false,"_monsterinsights_sitenote_note":"","_monsterinsights_sitenote_category":0,"jnews-multi-image_gallery":[],"jnews_single_post":{"format":"standard"},"jnews_primary_category":[],"_joinchat":[],"footnotes":""},"categories":[58],"tags":[119],"class_list":["post-14768","post","type-post","status-publish","format-standard","has-post-thumbnail","hentry","category-noticiariachuelo","tag-derechos-humanos"],"_links":{"self":[{"href":"http:\/\/fmriachuelo.it10.com.ar\/index.php\/wp-json\/wp\/v2\/posts\/14768","targetHints":{"allow":["GET"]}}],"collection":[{"href":"http:\/\/fmriachuelo.it10.com.ar\/index.php\/wp-json\/wp\/v2\/posts"}],"about":[{"href":"http:\/\/fmriachuelo.it10.com.ar\/index.php\/wp-json\/wp\/v2\/types\/post"}],"author":[{"embeddable":true,"href":"http:\/\/fmriachuelo.it10.com.ar\/index.php\/wp-json\/wp\/v2\/users\/5"}],"replies":[{"embeddable":true,"href":"http:\/\/fmriachuelo.it10.com.ar\/index.php\/wp-json\/wp\/v2\/comments?post=14768"}],"version-history":[{"count":1,"href":"http:\/\/fmriachuelo.it10.com.ar\/index.php\/wp-json\/wp\/v2\/posts\/14768\/revisions"}],"predecessor-version":[{"id":22304,"href":"http:\/\/fmriachuelo.it10.com.ar\/index.php\/wp-json\/wp\/v2\/posts\/14768\/revisions\/22304"}],"wp:featuredmedia":[{"embeddable":true,"href":"http:\/\/fmriachuelo.it10.com.ar\/index.php\/wp-json\/wp\/v2\/media\/14774"}],"wp:attachment":[{"href":"http:\/\/fmriachuelo.it10.com.ar\/index.php\/wp-json\/wp\/v2\/media?parent=14768"}],"wp:term":[{"taxonomy":"category","embeddable":true,"href":"http:\/\/fmriachuelo.it10.com.ar\/index.php\/wp-json\/wp\/v2\/categories?post=14768"},{"taxonomy":"post_tag","embeddable":true,"href":"http:\/\/fmriachuelo.it10.com.ar\/index.php\/wp-json\/wp\/v2\/tags?post=14768"}],"curies":[{"name":"wp","href":"https:\/\/api.w.org\/{rel}","templated":true}]}}