{"id":1476,"date":"2016-02-19T14:40:00","date_gmt":"2016-02-19T14:40:00","guid":{"rendered":"http:\/\/fmriachuelo.observatorioess.org.ar\/index.php\/2016\/02\/19\/merlo-gomez-violento-desalojo-en-el-barrio-nueva-esperanza\/"},"modified":"2016-02-19T14:40:00","modified_gmt":"2016-02-19T14:40:00","slug":"merlo-gomez-violento-desalojo-en-el-barrio-nueva-esperanza","status":"publish","type":"post","link":"http:\/\/fmriachuelo.it10.com.ar\/index.php\/2016\/02\/19\/merlo-gomez-violento-desalojo-en-el-barrio-nueva-esperanza\/","title":{"rendered":"MERLO GOMEZ: VIOLENTO DESALOJO EN EL BARRIO NUEVA ESPERANZA"},"content":{"rendered":"<p><span><span style=\"color: red;font-size: large\"><b>EL DERECHO A LA VIVIENDA NO EXISTE<\/b><\/span><br \/>ACCIONAR ILEGAL DE LAS FUERZAS DE SEGURIDAD Y AUTORIDADES JUDICIALES, MUNICIPALES Y DE LA PROVINCIA<\/span><br \/><span><br \/><\/span><span><b><a href=\"http:\/\/www.mediafire.com\/listen\/ifx2hykbsa9e9f7\/02-19-2016_-_CHISPAZO_TOMA_DE_MERLO_-_EV_LITO_BORELLO.mp3\">ESCUCH\u00c1 EL CHISPAZO INFORMATIVO DE ESTE MEDIOD\u00cdA<\/a><\/b><\/span><\/p>\n<div><span><br \/><\/span><\/p>\n<table align=\"center\" cellpadding=\"0\" cellspacing=\"0\" style=\"float: left;margin-right: 1em;text-align: left\">\n<tbody>\n<tr>\n<td style=\"text-align: center\"><a href=\"https:\/\/2.bp.blogspot.com\/-NfQDmXi5N5A\/VscnwmErUsI\/AAAAAAAAH7Q\/ibcjT22qW6Y\/s1600\/desalojo1.jpg\" style=\"margin-left: auto;margin-right: auto\"><img loading=\"lazy\" decoding=\"async\" border=\"0\" height=\"240\" src=\"https:\/\/2.bp.blogspot.com\/-NfQDmXi5N5A\/VscnwmErUsI\/AAAAAAAAH7Q\/ibcjT22qW6Y\/s320\/desalojo1.jpg\" width=\"320\" \/><\/a><\/td>\n<\/tr>\n<tr>\n<td style=\"text-align: center\"><span>Foto: Camila Parodi<\/span><\/td>\n<\/tr>\n<\/tbody>\n<\/table>\n<div><span>Escuch\u00e1 a continuaci\u00f3n:<\/span><\/div>\n<div><span><b><a href=\"http:\/\/www.mediafire.com\/listen\/9q53f51jrq5i4jr\/02-18-2016_-_ANAHI_BENITEZ_-_FRAGMENTO_CONF_DE_PRENSA_DE_LA_MA%C3%91ANA%282%29.mp3\">ANAH\u00cd BENITEZ DELEGADA- FRAGMENTO CONF. PRENSA<\/a><\/b><\/span><\/div>\n<div><\/div>\n<p><span><\/span><\/p>\n<div style=\"text-align: justify\"><span><b>[FMR jueves 18\/02\/2016] En el medio de la difusi\u00f3n masiva del Protocolo para la represi\u00f3n de la protesta social publicado por el Ministerio de Patricia Bullrich y de los anuncios de Macri de aumento del piso del Impuesto a las Ganancias, la Polic\u00eda Bonaerense desarroll\u00f3 un operativo durante toda la jornada de hoy para el desalojo violento, topadoras incluidas, del barrio Nueva Esperanza en el partido de Merlo, donde desde octubre del a\u00f1o pasado intentaban conquistar su derecho a la vivienda 2000 familias de la provincia de Buenos Aires. Desde el pasado s\u00e1bado, cuando muri\u00f3 Oscarcito un pibe de 8 a\u00f1os v\u00edctima de una bala por un enfrentamiento entre narcos que intentaban ganar terrenos en la zona, el barrio Nueva Esperanza es v\u00edctima de una virulenta operaci\u00f3n medi\u00e1tica y pol\u00edtica que estigmatiza a las familias que luchan por su derecho constitucional a la vivienda e invisibiliza los v\u00ednculos entre el narcotr\u00e1fico y las fuerzas pol\u00edticas, judiciales y policiales que hoy se encargaron de ordenar y operativizar el desalojo.<\/b><\/span><\/div>\n<p><span><\/span><\/p>\n<div style=\"clear: both;text-align: center\"><a href=\"https:\/\/2.bp.blogspot.com\/-xSTl-fZ9pNA\/Vsco_d5vPlI\/AAAAAAAAH7Y\/sjmiwFEPJho\/s1600\/desalojo.jpg\" style=\"margin-left: 1em;margin-right: 1em\"><img loading=\"lazy\" decoding=\"async\" border=\"0\" height=\"240\" src=\"https:\/\/2.bp.blogspot.com\/-xSTl-fZ9pNA\/Vsco_d5vPlI\/AAAAAAAAH7Y\/sjmiwFEPJho\/s320\/desalojo.jpg\" width=\"320\" \/><\/a><\/div>\n<div><b style=\"font-family: verdana, sans-serif;line-height: 21.3px\"><br \/><\/b><\/div>\n<div><span>En una conferencia de prensa esta ma\u00f1ana, al inicio del desalojo, Anah\u00ed Benitez, delegada del barrio, denunci\u00f3 que las fuerzas de seguridad actuaron ilegalmente ya que las familias del barrio contaban con una orden del juez posterior a la orden de desalojo que prorrogaba la toma por 180 d\u00edas m\u00e1s. Esta visible irregularidad, que da cuenta que la protecci\u00f3n de los ciudadanos y sus derechos constitucionales es el \u00faltimo de los intereses considerados, provoc\u00f3 que durante el mediod\u00eda de hoy el fiscal Capello suspendiera temporariamente el desalojo.&nbsp;<\/span><\/div>\n<p><span><\/span><\/p>\n<div style=\"text-align: justify\"><span><br \/><\/span><\/div>\n<p><span><\/p>\n<div style=\"text-align: justify\">Sin embargo, pasado el mediod\u00eda las fuerzas de seguridad retomaron el operativo hasta lograr el completo desalojo del predio.<\/div>\n<div style=\"text-align: justify\"><\/div>\n<div style=\"text-align: justify\">Una vez m\u00e1s en estos pocos d\u00edas de gesti\u00f3n, mientras el macrismo sigue profundizando el auto-gobierno de las fuerzas de seguridad y la represi\u00f3n como \u00fanica forma de abordar el conflicto social, los habitantes m\u00e1s humildes de nuestro pa\u00eds son testigos de como se limita su acceso a los derechos m\u00e1s elementales como es, en este caso, el del h\u00e1bitat y la vivienda.<\/div>\n<div style=\"text-align: justify\"><\/div>\n<div style=\"text-align: justify\">Escuch\u00e1 el testimonio:<\/div>\n<div style=\"text-align: justify\">\n<div style=\"background-color: white;color: #444444;font-family: Calibri, sans-serif;font-size: 15px;line-height: 21.3px;margin-bottom: 1.35em;text-align: center\"><b style=\"font-family: verdana, sans-serif;line-height: 21.3px\"><a href=\"http:\/\/www.mediafire.com\/listen\/9q53f51jrq5i4jr\/02-18-2016_-_ANAHI_BENITEZ_-_FRAGMENTO_CONF_DE_PRENSA_DE_LA_MA%C3%91ANA%282%29.mp3\" style=\"color: #0068cf;cursor: pointer;font-weight: inherit;line-height: 21.3px\" target=\"_blank\" rel=\"noopener\">ANAHI BENITEZ &#8211; CONFERENCIA DE PRENSA DE LA MA\u00d1ANA<\/a><\/b><\/div>\n<\/div>\n<div style=\"text-align: justify\"><\/div>\n<p><\/span><\/div>\n","protected":false},"excerpt":{"rendered":"<p>EL DERECHO A LA VIVIENDA NO EXISTEACCIONAR ILEGAL DE LAS FUERZAS DE SEGURIDAD Y AUTORIDADES JUDICIALES, MUNICIPALES Y DE LA PROVINCIAESCUCH\u00c1 EL CHISPAZO INFORMATIVO DE ESTE MEDIOD\u00cdA Foto: Camila Parodi Escuch\u00e1 a continuaci\u00f3n: ANAH\u00cd BENITEZ DELEGADA- FRAGMENTO CONF. PRENSA [FMR jueves 18\/02\/2016] En el medio de la difusi\u00f3n masiva del Protocolo para la represi\u00f3n de [&hellip;]<\/p>\n","protected":false},"author":4,"featured_media":0,"comment_status":"open","ping_status":"open","sticky":false,"template":"","format":"standard","meta":{"_monsterinsights_skip_tracking":false,"_monsterinsights_sitenote_active":false,"_monsterinsights_sitenote_note":"","_monsterinsights_sitenote_category":0,"jnews-multi-image_gallery":[],"jnews_single_post":[],"jnews_primary_category":[],"_joinchat":[],"footnotes":""},"categories":[1],"tags":[],"class_list":["post-1476","post","type-post","status-publish","format-standard","hentry","category-habitat"],"_links":{"self":[{"href":"http:\/\/fmriachuelo.it10.com.ar\/index.php\/wp-json\/wp\/v2\/posts\/1476","targetHints":{"allow":["GET"]}}],"collection":[{"href":"http:\/\/fmriachuelo.it10.com.ar\/index.php\/wp-json\/wp\/v2\/posts"}],"about":[{"href":"http:\/\/fmriachuelo.it10.com.ar\/index.php\/wp-json\/wp\/v2\/types\/post"}],"author":[{"embeddable":true,"href":"http:\/\/fmriachuelo.it10.com.ar\/index.php\/wp-json\/wp\/v2\/users\/4"}],"replies":[{"embeddable":true,"href":"http:\/\/fmriachuelo.it10.com.ar\/index.php\/wp-json\/wp\/v2\/comments?post=1476"}],"version-history":[{"count":0,"href":"http:\/\/fmriachuelo.it10.com.ar\/index.php\/wp-json\/wp\/v2\/posts\/1476\/revisions"}],"wp:attachment":[{"href":"http:\/\/fmriachuelo.it10.com.ar\/index.php\/wp-json\/wp\/v2\/media?parent=1476"}],"wp:term":[{"taxonomy":"category","embeddable":true,"href":"http:\/\/fmriachuelo.it10.com.ar\/index.php\/wp-json\/wp\/v2\/categories?post=1476"},{"taxonomy":"post_tag","embeddable":true,"href":"http:\/\/fmriachuelo.it10.com.ar\/index.php\/wp-json\/wp\/v2\/tags?post=1476"}],"curies":[{"name":"wp","href":"https:\/\/api.w.org\/{rel}","templated":true}]}}