{"id":1475,"date":"2016-02-25T14:55:00","date_gmt":"2016-02-25T14:55:00","guid":{"rendered":"http:\/\/fmriachuelo.observatorioess.org.ar\/index.php\/2016\/02\/25\/masiva-movilizacion-en-la-jornada-de-lucha-del-24f\/"},"modified":"2016-02-25T14:55:00","modified_gmt":"2016-02-25T14:55:00","slug":"masiva-movilizacion-en-la-jornada-de-lucha-del-24f","status":"publish","type":"post","link":"http:\/\/fmriachuelo.it10.com.ar\/index.php\/2016\/02\/25\/masiva-movilizacion-en-la-jornada-de-lucha-del-24f\/","title":{"rendered":"MASIVA MOVILIZACI\u00d3N EN LA JORNADA DE LUCHA DEL #24F"},"content":{"rendered":"<div style=\"margin-bottom: 0.0001pt\"><b style=\"font-family: verdana, sans-serif;font-size: large\"><\/b><\/div>\n<p><span style=\"font-family: Verdana, sans-serif\"><span style=\"color: red;font-size: large\"><b>UNIDAD DE TODOS LOS TRABAJADORES<\/b><\/span><br \/><b>DECIDIDO ACOMPA\u00d1AMIENTO DE LOS TRABAJADORES DE LA ECONOM\u00cdA POPULAR EN DEFENSA DE LOS ESTATALES Y LAS POL\u00cdTICAS P\u00daBLICAS AL SERVICIO DEL PUEBLO<\/b><\/span><\/p>\n<div style=\"margin-bottom: 0.0001pt\"><span><b><\/b><\/span><\/div>\n<div style=\"margin-bottom: 0.0001pt\"><b style=\"font-family: verdana, sans-serif\">Escuch\u00e1 los testimonios:<\/b><\/div>\n<div style=\"margin-bottom: 0.0001pt\"><\/div>\n<div style=\"margin-bottom: 0.0001pt\"><span><b><a href=\"http:\/\/www.mediafire.com\/listen\/1me7ierfbqrsrc1\/02-24-2016_-CACHORRO_GODOY%2C_ATE_NACIONAL_-_FRAGMENTOS_DEL_DISCURSO.mp3\" rel=\"nofollow noopener\" target=\"_blank\">CACHORRO GODOY, ATE NACIONAL &#8211; FRAGMENTOS DEL DISCURSO EN EL ACTO<\/a><\/b><\/span><\/div>\n<div style=\"margin-bottom: 0.0001pt\"><span><b><a href=\"http:\/\/www.mediafire.com\/listen\/s8oao5vwviahvjh\/02-24-2016_-_GRINGO_CASTRO%2C_CTEP_-_HAY_SOLO_UNA_CLASE_TRABAJADORA.mp3\" rel=\"nofollow noopener\" target=\"_blank\">GRINGO CASTRO, CTEP &#8211; HAY UNA SOLA CLASE TRABAJADORA<\/a><\/b><\/span><\/div>\n<div style=\"margin-bottom: 0.0001pt\"><span><b><a href=\"http:\/\/www.mediafire.com\/listen\/f9s9gw3abfo0ctb\/02-24-2016_-_JACQUELINE_FLORES%2C_MTE_-_NOS_MERECEMOS_LA_DIGNIDAD_QUE_DA_EL_TRABAJO.mp3\" rel=\"nofollow noopener\" target=\"_blank\">JACQUELINE FLORES, MTE &#8211; SALIMOS A LA CALLE PARA QUE NO NOS FALTEN EL RESPETO A LOS TRABAJADORES<\/a><\/b><\/span><\/div>\n<div style=\"margin-bottom: 0.0001pt\"><span><b><a href=\"http:\/\/www.mediafire.com\/listen\/k8q3qzi08m1coni\/02-24-2016_-_ROSAL%C3%8DA_PELEGRINI%2C_UTT_-_DESDE_LA_DEVALUACION_NUESTRO_SECTOR_ES_UN_40%25_MAS_POBRE.mp3\" rel=\"nofollow noopener\" target=\"_blank\">ROSAL\u00cdA PELEGRINI, UTT &#8211; POR LA DEVALUACI\u00d3N SOMOS UN 40% MAS POBRES<\/a><\/b><\/span><\/div>\n<div style=\"margin-bottom: 0.0001pt\"><span><b><a href=\"http:\/\/www.mediafire.com\/listen\/wi5pk25b8n49mzc\/02-24-2016_-_ENTREVISTA_A_LUCIANO__ALVAREZ_-_OSPLP_-_PARO_NACIONAL_ATE.mp3\" rel=\"nofollow noopener\" target=\"_blank\">LUCIANO ALVAREZ, OSYP LOS PIBES &#8211; ENTREVISTA COMPLETA EN ROMP\u00c9 EL CERCO INFORMATIVO<\/a><\/b><\/span><\/div>\n<div style=\"margin-bottom: 0.0001pt;text-align: justify\"><span><br \/><\/span><\/div>\n<div style=\"margin-bottom: 0.0001pt;text-align: justify\"><a href=\"https:\/\/2.bp.blogspot.com\/-sMgBev-WGi4\/Vs8Yx9OVcII\/AAAAAAAAH8I\/khV6ianSvZ0\/s1600\/636d4fcb-9d04-43df-812c-e6fd6e33bb8c.jpg\" style=\"clear: left;float: left;margin-bottom: 1em;margin-right: 1em\"><img loading=\"lazy\" decoding=\"async\" border=\"0\" height=\"180\" src=\"https:\/\/2.bp.blogspot.com\/-sMgBev-WGi4\/Vs8Yx9OVcII\/AAAAAAAAH8I\/khV6ianSvZ0\/s320\/636d4fcb-9d04-43df-812c-e6fd6e33bb8c.jpg\" width=\"320\" \/><\/a><b style=\"font-family: verdana, sans-serif\">[FMR  mi\u00e9rcoles 24\/02\/2016] En medio de las especulaciones que el macrismo y  sus c\u00f3mplices medi\u00e1ticos agitaban sobre la implementaci\u00f3n del Protocolo  antipiquete, las organizaciones populares y sindicales ganaron  masivamente las calles en defensa de los trabajadores del Estado. Junto a  las organizaciones sindicales y partidarias que impulsaban y se  solidarizaban con la marcha, la Confederaci\u00f3n de Trabajadores de la  Econom\u00eda Popular (CTEP) adhiri\u00f3 con una columna de miles de trabajadores  de la Econom\u00eda Popular que acompa\u00f1aron a los trabajadores estatales en  defensa de las pol\u00edticas p\u00fablicas que estos sostienen, y que son  fundamentales para el fortalecimiento del sector de los trabajadores  excluidos.<\/b><span><br \/><\/span><\/div>\n<div style=\"margin-bottom: 0.0001pt;text-align: justify\"><\/div>\n<div style=\"margin-bottom: 0.0001pt;text-align: center\"><\/div>\n<p><a name='more'><\/a><\/p>\n<div style=\"clear: both;text-align: center\"><\/div>\n<div style=\"margin-bottom: 0.0001pt;text-align: justify\"><a href=\"https:\/\/3.bp.blogspot.com\/-5KU3oRQ_u6g\/Vs8YZPiL5TI\/AAAAAAAAH8E\/epzRrAimgMw\/s1600\/cddec55c-92e0-4c49-932b-8ad0a103aa1e.jpg\" style=\"clear: right;float: right;margin-bottom: 1em;margin-left: 1em\"><img loading=\"lazy\" decoding=\"async\" border=\"0\" height=\"180\" src=\"https:\/\/3.bp.blogspot.com\/-5KU3oRQ_u6g\/Vs8YZPiL5TI\/AAAAAAAAH8E\/epzRrAimgMw\/s320\/cddec55c-92e0-4c49-932b-8ad0a103aa1e.jpg\" width=\"320\" \/><\/a><span>Desde  las 9 de la ma\u00f1ana una amplia diversidad de organizaciones sindicales,  pol\u00edticas, sociales y culturales comenz\u00f3 a concentrar a lo largo de la  Avenida 9 de Julio para comenzar a marchar por Avenida de Mayo hasta la  Plaza de Mayo donde alrededor de las 13 horas se realiz\u00f3 el acto central  que cont\u00f3 con una amplia representatividad de los trabajadores  estatales en las presencias de Hugo Cachorro Godoy, Secretario General  de ATE-nacional, Pablo Tano Catalano, Secretario General de ATE Capital,  de los secretarios generales de las dos CTA, Hugo Yasky y Pablo  Micheli, y Roberto Baradel, Secretario General de SUTEBA. Entre los  oradores, Cachorro Godoy fue enf\u00e1tico en destacar y celebrar <b>la unidad que se hab\u00eda logrado en la Plaza<\/b>:  \u00abFrente a la angustia de los despidos tenemos que estar felices de que  podamos estar ac\u00e1. Porque estamos unidos los trabajadores estatales.  Porque estamos acompa\u00f1ados por una enorme pleyade de compa\u00f1eras y  compa\u00f1eros de distintas organizaciones que nos acompa\u00f1an en nuestro  reclamo y a los cuales estamos eternamente agradecidos. Porque adem\u00e1s  han tenido una actitud de desprendimiento y de solidaridad que  verdaderamente nos emociona. En esta unidad podemos ser capaces de  recuperar el Estado para ponerlo al servicio de las mayor\u00edas populares\u00bb.  El Tano Catalano, se encarg\u00f3 de recordar que <b>en la Plaza, adem\u00e1s de los despidos, se movilizaba contra la criminalizaci\u00f3n de la protesta y para unas paritarias sin techo<\/b>:  \u00abHace tres meses que Macri es gobierno y hace tres meses que nos  persiguen, que nos tratan de estigmatizar, mientras se toman medidas  antipopulares\u00bb.<\/span><\/div>\n<div style=\"text-align: justify\"><span><br \/><\/span><\/div>\n<div style=\"text-align: justify\"><span><\/span><\/div>\n<div style=\"text-align: justify\"><span><br \/><\/span><\/div>\n<div style=\"clear: both;text-align: center\"><\/div>\n<div style=\"text-align: justify\"><a href=\"https:\/\/2.bp.blogspot.com\/-lxyU9mXA-_Q\/Vs8Y_cukUfI\/AAAAAAAAH8M\/IyuTfB4HFgE\/s1600\/20160224160711.jpg\" style=\"clear: left;float: left;margin-bottom: 1em;margin-right: 1em\"><img loading=\"lazy\" decoding=\"async\" border=\"0\" height=\"240\" src=\"https:\/\/2.bp.blogspot.com\/-lxyU9mXA-_Q\/Vs8Y_cukUfI\/AAAAAAAAH8M\/IyuTfB4HFgE\/s320\/20160224160711.jpg\" width=\"320\" \/><\/a><span>Entre  las columnas, la idea de la unidad se hac\u00eda visible en la fuerte  presencia de la CTEP que marchaba con la consigna del Papa Francisco a  la cabeza, \u00ab<b>Tierra, Techo y Trabajo<\/b>\u00ab. Su Secretario General,  Esteban Gringo Castro, declar\u00f3 para la FMR: \u00abhay una sola clase  trabajadora. Los grupos dominantes lograron fragmentarnos. Pero nosotros  vamos a luchas en unidad para romper esa fragmentaci\u00f3n\u00bb. En el mismo  sentido se expres\u00f3 Jacqueline Flores, del Movimiento de Trabajadores  Excluidos, que marchaba con sus compa\u00f1eros trabajadores cartoneros en  solidaridad con los estatales: \u00abHoy ac\u00e1 en la calle est\u00e1 el trabajador  en blanco, el precarizado, el tercerizado, en negro, el de la econom\u00eda  popular. Porque todos entendemos que <b>ning\u00fan gobierno nos puede faltar el respeto<\/b>. Estamos por la dignididad que nos tiene que dar el trabajo y que todos la merecemos\u00bb.<\/span><span><\/span><\/div>\n<div style=\"text-align: justify\"><span><br \/><\/span><\/div>\n<div style=\"text-align: justify\"><span><\/span><\/div>\n<div style=\"text-align: justify\"><span><br \/><\/span><\/div>\n<div style=\"text-align: justify\"><\/div>\n<div style=\"text-align: justify\"><\/div>\n<div style=\"text-align: justify\"><span><\/span><\/div>\n<div style=\"clear: both;text-align: center\"><\/div>\n<div style=\"text-align: justify\"><a href=\"https:\/\/1.bp.blogspot.com\/-WGUfhQN_h8s\/Vs8ZM5L5yoI\/AAAAAAAAH8Q\/9GGsNoeI46E\/s1600\/883f957f-deb2-41ad-bd0f-cd60b0f8ca5a.jpg\" style=\"clear: right;float: right;margin-bottom: 1em;margin-left: 1em\"><img loading=\"lazy\" decoding=\"async\" border=\"0\" height=\"240\" src=\"https:\/\/1.bp.blogspot.com\/-WGUfhQN_h8s\/Vs8ZM5L5yoI\/AAAAAAAAH8Q\/9GGsNoeI46E\/s320\/883f957f-deb2-41ad-bd0f-cd60b0f8ca5a.jpg\" width=\"320\" \/><\/a><span>La  <b><span style=\"color: red\">FM Riachuelo<\/span><\/b> tambi\u00e9n convers\u00f3 con los productores de la Uni\u00f3n de  Trabajadores de la Tierra, otro sector de la Econom\u00eda Popular que daba  cuenta del impacto que sent\u00eda su sector por el despliegue de pol\u00edtica  antipopular del macrismo, y de la importancia que tiene para la econom\u00eda  popular la articulaci\u00f3n con pol\u00edticas p\u00fablicas. Rosal\u00eda Pelegrini, una  de sus referentes se\u00f1al\u00f3: \u00ab<b>con este gobierno, despu\u00e9s de la devaluaci\u00f3n el sector hort\u00edcola est\u00e1 un 40%<\/b> m\u00e1s pobre. Ante esto el Estado no hace nada\u00bb.<\/span><\/div>\n<div style=\"text-align: justify\"><span><br \/><\/span><\/div>\n<div style=\"text-align: justify\"><span><\/span><\/div>\n<div style=\"text-align: justify\"><\/div>\n<div style=\"text-align: justify\"><span>Justamente,  en la columna de la econom\u00eda popular tambi\u00e9n particip\u00f3 la Organizaci\u00f3n  Social y Pol\u00edtica Los Pibes que, desde el Paseo de la Econom\u00eda Popular  Mart\u00edn Oso Cisneros, vienen organiz\u00e1ndose para articular con los  productores para llevar alimentos a bajo costo y garantizar la mesa de  las familias de trabajadores del barrio de La Boca en la Ciudad de  Buenos Aires. Considerando la importancia de las pol\u00edticas p\u00fablicas para  la guerra contra la inflaci\u00f3n que propuls\u00f3 la devaluaci\u00f3n de Macri,  Luciano Alvarez, coordinador del Paseo, explicaba su participaci\u00f3n en la  marcha en Romp\u00e9 el Cerco Informativo: \u00ab<b>Celebramos esta gran movilizaci\u00f3n unitaria<\/b>. Desde la econom\u00eda popular salimos a la calle porque <b>cada trabajador que despiden es una pol\u00edtica para nuestro sector que se cierra<\/b>, pol\u00edticas que adem\u00e1s llev\u00f3 mucha lucha conquistar\u00bb.<\/span><\/div>\n<div style=\"text-align: justify\"><span><br \/><\/span><\/div>\n<div style=\"clear: both;text-align: center\"><a href=\"https:\/\/1.bp.blogspot.com\/-NEZeiqZ1A34\/Vs8ZXWlsP6I\/AAAAAAAAH8U\/U3Dsv1QPhgs\/s1600\/c4a18aaa-cf98-4621-bcd8-55e368943a7a.jpg\" style=\"margin-left: 1em;margin-right: 1em\"><img loading=\"lazy\" decoding=\"async\" border=\"0\" height=\"225\" src=\"https:\/\/1.bp.blogspot.com\/-NEZeiqZ1A34\/Vs8ZXWlsP6I\/AAAAAAAAH8U\/U3Dsv1QPhgs\/s400\/c4a18aaa-cf98-4621-bcd8-55e368943a7a.jpg\" width=\"400\" \/><\/a><\/div>\n<div style=\"clear: both;text-align: center\"><\/div>\n<div style=\"clear: both;text-align: center\"><\/div>\n<div style=\"text-align: justify\"><span>Luego  del acto, y de haber aguantado las temperaturas extremas que hoy  afectaron a la ciudad de Buenos Aires, los trabajadores desconcentraron  pac\u00edficamente entre <b>c\u00e1nticos que auguraban un destino poco feliz al Protocolo criminalizador<\/b> de Macri y la Ministra Bullrich.<\/span><\/div>\n<div style=\"text-align: justify\"><span><\/span><\/div>\n<div style=\"text-align: justify\"><b style=\"font-family: verdana, sans-serif\">Escuch\u00e1 los testimonios:<\/b><\/div>\n<div style=\"text-align: justify\"><\/div>\n<div style=\"margin-bottom: 0.0001pt;text-align: justify\"><span><b><a href=\"http:\/\/www.mediafire.com\/listen\/1me7ierfbqrsrc1\/02-24-2016_-CACHORRO_GODOY%2C_ATE_NACIONAL_-_FRAGMENTOS_DEL_DISCURSO.mp3\" rel=\"nofollow noopener\" target=\"_blank\">CACHORRO GODOY, ATE NACIONAL &#8211; FRAGMENTOS DEL DISCURSO EN EL ACTO<\/a><\/b><\/span><\/div>\n<div style=\"margin-bottom: 0.0001pt;text-align: justify\"><span><b><a href=\"http:\/\/www.mediafire.com\/listen\/s8oao5vwviahvjh\/02-24-2016_-_GRINGO_CASTRO%2C_CTEP_-_HAY_SOLO_UNA_CLASE_TRABAJADORA.mp3\" rel=\"nofollow noopener\" target=\"_blank\">GRINGO CASTRO, CTEP &#8211; HAY UNA SOLA CLASE TRABAJADORA<\/a><\/b><\/span><\/div>\n<div style=\"margin-bottom: 0.0001pt;text-align: justify\"><span><b><a href=\"http:\/\/www.mediafire.com\/listen\/f9s9gw3abfo0ctb\/02-24-2016_-_JACQUELINE_FLORES%2C_MTE_-_NOS_MERECEMOS_LA_DIGNIDAD_QUE_DA_EL_TRABAJO.mp3\" rel=\"nofollow noopener\" target=\"_blank\">JACQUELINE FLORES, MTE &#8211; SALIMOS A LA CALLE PARA QUE NO NOS FALTEN EL RESPETO A LOS TRABAJADORES<\/a><\/b><\/span><\/div>\n<div style=\"margin-bottom: 0.0001pt;text-align: justify\"><span><b><a href=\"http:\/\/www.mediafire.com\/listen\/k8q3qzi08m1coni\/02-24-2016_-_ROSAL%C3%8DA_PELEGRINI%2C_UTT_-_DESDE_LA_DEVALUACION_NUESTRO_SECTOR_ES_UN_40%25_MAS_POBRE.mp3\" rel=\"nofollow noopener\" target=\"_blank\">ROSAL\u00cdA PELEGRINI, UTT &#8211; POR LA DEVALUACI\u00d3N SOMOS UN 40% MAS POBRES<\/a><\/b><\/span><\/div>\n<div style=\"margin-bottom: 0.0001pt;text-align: justify\"><span><b><a href=\"http:\/\/www.mediafire.com\/listen\/wi5pk25b8n49mzc\/02-24-2016_-_ENTREVISTA_A_LUCIANO__ALVAREZ_-_OSPLP_-_PARO_NACIONAL_ATE.mp3\" rel=\"nofollow noopener\" target=\"_blank\">LUCIANO ALVAREZ, OSYP LOS PIBES &#8211; ENTREVISTA COMPLETA EN ROMP\u00c9 EL CERCO INFORMATIVO<\/a><\/b><\/span><\/div>\n<div><\/div>\n","protected":false},"excerpt":{"rendered":"<p>UNIDAD DE TODOS LOS TRABAJADORESDECIDIDO ACOMPA\u00d1AMIENTO DE LOS TRABAJADORES DE LA ECONOM\u00cdA POPULAR EN DEFENSA DE LOS ESTATALES Y LAS POL\u00cdTICAS P\u00daBLICAS AL SERVICIO DEL PUEBLO Escuch\u00e1 los testimonios: CACHORRO GODOY, ATE NACIONAL &#8211; FRAGMENTOS DEL DISCURSO EN EL ACTO GRINGO CASTRO, CTEP &#8211; HAY UNA SOLA CLASE TRABAJADORA JACQUELINE FLORES, MTE &#8211; SALIMOS A [&hellip;]<\/p>\n","protected":false},"author":4,"featured_media":0,"comment_status":"open","ping_status":"open","sticky":false,"template":"","format":"standard","meta":{"_monsterinsights_skip_tracking":false,"_monsterinsights_sitenote_active":false,"_monsterinsights_sitenote_note":"","_monsterinsights_sitenote_category":0,"jnews-multi-image_gallery":[],"jnews_single_post":[],"jnews_primary_category":[],"_joinchat":[],"footnotes":""},"categories":[1],"tags":[],"class_list":["post-1475","post","type-post","status-publish","format-standard","hentry","category-habitat"],"_links":{"self":[{"href":"http:\/\/fmriachuelo.it10.com.ar\/index.php\/wp-json\/wp\/v2\/posts\/1475","targetHints":{"allow":["GET"]}}],"collection":[{"href":"http:\/\/fmriachuelo.it10.com.ar\/index.php\/wp-json\/wp\/v2\/posts"}],"about":[{"href":"http:\/\/fmriachuelo.it10.com.ar\/index.php\/wp-json\/wp\/v2\/types\/post"}],"author":[{"embeddable":true,"href":"http:\/\/fmriachuelo.it10.com.ar\/index.php\/wp-json\/wp\/v2\/users\/4"}],"replies":[{"embeddable":true,"href":"http:\/\/fmriachuelo.it10.com.ar\/index.php\/wp-json\/wp\/v2\/comments?post=1475"}],"version-history":[{"count":0,"href":"http:\/\/fmriachuelo.it10.com.ar\/index.php\/wp-json\/wp\/v2\/posts\/1475\/revisions"}],"wp:attachment":[{"href":"http:\/\/fmriachuelo.it10.com.ar\/index.php\/wp-json\/wp\/v2\/media?parent=1475"}],"wp:term":[{"taxonomy":"category","embeddable":true,"href":"http:\/\/fmriachuelo.it10.com.ar\/index.php\/wp-json\/wp\/v2\/categories?post=1475"},{"taxonomy":"post_tag","embeddable":true,"href":"http:\/\/fmriachuelo.it10.com.ar\/index.php\/wp-json\/wp\/v2\/tags?post=1475"}],"curies":[{"name":"wp","href":"https:\/\/api.w.org\/{rel}","templated":true}]}}