{"id":1474,"date":"2016-02-25T16:52:00","date_gmt":"2016-02-25T16:52:00","guid":{"rendered":"http:\/\/fmriachuelo.observatorioess.org.ar\/index.php\/2016\/02\/25\/paro-nacional-de-trabajadores-del-estado-con-movilizacion\/"},"modified":"2016-02-25T16:52:00","modified_gmt":"2016-02-25T16:52:00","slug":"paro-nacional-de-trabajadores-del-estado-con-movilizacion","status":"publish","type":"post","link":"http:\/\/fmriachuelo.it10.com.ar\/index.php\/2016\/02\/25\/paro-nacional-de-trabajadores-del-estado-con-movilizacion\/","title":{"rendered":"PARO NACIONAL DE TRABAJADORES DEL ESTADO CON MOVILIZACI\u00d3N"},"content":{"rendered":"<div><span style=\"font-family: Verdana, sans-serif\">Difundimos comunicado;<\/p>\n<div style=\"clear: both;text-align: center\"><a href=\"https:\/\/1.bp.blogspot.com\/-LlCw3E_5w4s\/Vs8xHwR2BrI\/AAAAAAAAH8o\/OdUPn-UVpp0\/s1600\/los%2Bpibes.png\" style=\"margin-left: 1em;margin-right: 1em\"><img loading=\"lazy\" decoding=\"async\" border=\"0\" height=\"53\" src=\"https:\/\/1.bp.blogspot.com\/-LlCw3E_5w4s\/Vs8xHwR2BrI\/AAAAAAAAH8o\/OdUPn-UVpp0\/s320\/los%2Bpibes.png\" width=\"320\" \/><\/a><\/div>\n<p><\/span><\/div>\n<p><span style=\"color: red;font-family: Verdana, sans-serif;font-size: large\"><b>  EL PUEBLO GAN\u00d3 LAS CALLES<\/b><\/span><\/p>\n<div><span style=\"color: red;font-family: Verdana, sans-serif;font-size: large\"><b><br \/><\/b><\/span><\/p>\n<div style=\"clear: both;text-align: center\"><a href=\"https:\/\/3.bp.blogspot.com\/-YbEWkyeZp6E\/Vs8wIbolvDI\/AAAAAAAAH8k\/iBsAycniC4k\/s1600\/PARO1.jpg\" style=\"clear: left;float: left;margin-bottom: 1em;margin-right: 1em\"><img loading=\"lazy\" decoding=\"async\" border=\"0\" height=\"240\" src=\"https:\/\/3.bp.blogspot.com\/-YbEWkyeZp6E\/Vs8wIbolvDI\/AAAAAAAAH8k\/iBsAycniC4k\/s320\/PARO1.jpg\" width=\"320\" \/><\/a><\/div>\n<p><span style=\"font-family: Verdana, sans-serif\"><\/p>\n<div style=\"text-align: justify\">El pueblo y sus organizaciones naturales, las organizaciones populares, ganaron la calle en una gran jornada de lucha y dignidad.  Es all\u00ed en la calle donde mejor se materializa la articulaci\u00f3n necesaria y urgente, para resistir y vencer esta&nbsp;<\/div>\n<div style=\"text-align: justify\">restauraci\u00f3n conservadora que expresa el gobierno nacional de Mauricio Macri, quien trata de detener en la Argentina el tiempo emancipador que recorre Nuestra Am\u00e9rica en el siglo XXI.<\/div>\n<div style=\"text-align: justify\"><\/div>\n<div style=\"text-align: justify\">Junto a organizaciones hermanas estuvimos solidarios y fuimos parte e hicimos nuestro el Paro Nacional que convocara la Asociaci\u00f3n de Trabajadores del Estado (ATE)&#8230; \u00abHoy todos eramos trabajadores estatales\u00bb.<\/div>\n<div style=\"text-align: justify\">Tambi\u00e9n marchamos en las calles por \u00abninguna familia sin techo, ning\u00fan campesino sin tierra, ning\u00fan trabajador sin derecho\u00bb.<\/div>\n<div style=\"text-align: justify\"><a name='more'><\/a><\/div>\n<div style=\"text-align: justify\">Cantamos, gritamos, piqueteamos, cortamos las calles y marchamos por la NO CRIMINALIZACI\u00d3N DE LA PROTESTA y por la libertad de todos l@s pres@s pol\u00edtic@s.<\/div>\n<div style=\"text-align: justify\"><\/div>\n<div style=\"text-align: justify\"><b><span style=\"color: #134f5c\">\u00a1VAMOS COMPA\u00d1ER@S! UNIDAD, ORGANIZACI\u00d3N Y LUCHA.<\/span><\/b><\/div>\n<div style=\"text-align: justify\"><b><span style=\"color: #134f5c\"><br \/><\/span><\/b><\/div>\n<div style=\"text-align: justify\"><b><span style=\"color: #134f5c\">SIN JUSTICIA SOCIAL&nbsp;<\/span><\/b><\/div>\n<div style=\"text-align: justify\"><b><span style=\"color: #134f5c\">NO HAY PAZ<\/span><\/b><\/div>\n<div style=\"text-align: justify\"><b><span style=\"color: #134f5c\">NI DEMOCRACIA<\/span><\/b><\/div>\n<p><\/span><\/div>\n","protected":false},"excerpt":{"rendered":"<p>Difundimos comunicado; EL PUEBLO GAN\u00d3 LAS CALLES El pueblo y sus organizaciones naturales, las organizaciones populares, ganaron la calle en una gran jornada de lucha y dignidad. Es all\u00ed en la calle donde mejor se materializa la articulaci\u00f3n necesaria y urgente, para resistir y vencer esta&nbsp; restauraci\u00f3n conservadora que expresa el gobierno nacional de Mauricio [&hellip;]<\/p>\n","protected":false},"author":4,"featured_media":0,"comment_status":"open","ping_status":"open","sticky":false,"template":"","format":"standard","meta":{"_monsterinsights_skip_tracking":false,"_monsterinsights_sitenote_active":false,"_monsterinsights_sitenote_note":"","_monsterinsights_sitenote_category":0,"jnews-multi-image_gallery":[],"jnews_single_post":[],"jnews_primary_category":[],"_joinchat":[],"footnotes":""},"categories":[1],"tags":[],"class_list":["post-1474","post","type-post","status-publish","format-standard","hentry","category-habitat"],"_links":{"self":[{"href":"http:\/\/fmriachuelo.it10.com.ar\/index.php\/wp-json\/wp\/v2\/posts\/1474","targetHints":{"allow":["GET"]}}],"collection":[{"href":"http:\/\/fmriachuelo.it10.com.ar\/index.php\/wp-json\/wp\/v2\/posts"}],"about":[{"href":"http:\/\/fmriachuelo.it10.com.ar\/index.php\/wp-json\/wp\/v2\/types\/post"}],"author":[{"embeddable":true,"href":"http:\/\/fmriachuelo.it10.com.ar\/index.php\/wp-json\/wp\/v2\/users\/4"}],"replies":[{"embeddable":true,"href":"http:\/\/fmriachuelo.it10.com.ar\/index.php\/wp-json\/wp\/v2\/comments?post=1474"}],"version-history":[{"count":0,"href":"http:\/\/fmriachuelo.it10.com.ar\/index.php\/wp-json\/wp\/v2\/posts\/1474\/revisions"}],"wp:attachment":[{"href":"http:\/\/fmriachuelo.it10.com.ar\/index.php\/wp-json\/wp\/v2\/media?parent=1474"}],"wp:term":[{"taxonomy":"category","embeddable":true,"href":"http:\/\/fmriachuelo.it10.com.ar\/index.php\/wp-json\/wp\/v2\/categories?post=1474"},{"taxonomy":"post_tag","embeddable":true,"href":"http:\/\/fmriachuelo.it10.com.ar\/index.php\/wp-json\/wp\/v2\/tags?post=1474"}],"curies":[{"name":"wp","href":"https:\/\/api.w.org\/{rel}","templated":true}]}}